{"id":377346,"date":"2025-09-09T09:08:10","date_gmt":"2025-09-09T09:08:10","guid":{"rendered":"https:\/\/www.europesays.com\/fr\/377346\/"},"modified":"2025-09-09T09:08:10","modified_gmt":"2025-09-09T09:08:10","slug":"le-meilleur-parc-dattractions-du-monde-se-trouve-en-allemagne","status":"publish","type":"post","link":"https:\/\/www.europesays.com\/fr\/377346\/","title":{"rendered":"Le meilleur parc d\u2019attractions du monde se trouve en Allemagne"},"content":{"rendered":"<p class=\"paragraph text_align_left lp-f-body-02\">O\u00f9 aller pour profiter du meilleur <a href=\"https:\/\/www.leparisien.fr\/culture-loisirs\/on-prefere-tous-ca-a-des-trombes-deau-malgre-la-canicule-les-parcs-dattractions-redemarrent-fort-14-07-2025-EAK7G5JK7ZF3ZBHJAQAY2XM4QE.php\" target=\"_self\" rel=\"nofollow noopener\">parc d\u2019attractions<\/a> du monde\u00a0? \u00c0 Rust, en Allemagne, r\u00e9pondent les 500 jur\u00e9s des Golden Ticket Awards. Ils ont \u00e9lu <a href=\"https:\/\/www.leparisien.fr\/bas-rhin-67\/en-alsace-le-mysterieux-projet-dextension-du-parc-dattractions-allemand-europa-park-refait-surface-25-05-2025-5YJIWGGD6JG55KYEYA4PQWLHKY.php\" target=\"_self\" rel=\"nofollow noopener\">Europa Park<\/a> comme le meilleur complexe de loisirs lors d\u2019une c\u00e9r\u00e9monie organis\u00e9e dans le parc Carowings (Caroline du Nord) dimanche 6\u00a0septembre.<\/p>\n<p class=\"paragraph text_align_left lp-f-body-02\">Europa Park, g\u00e9r\u00e9 par la famille Mack, domine le classement du magazine Amusement Today depuis 2014. Il n\u2019a c\u00e9d\u00e9 sa place de num\u00e9ro qu\u2019une seule ann\u00e9e, en 2023, au parc am\u00e9ricain Dollywood.<\/p>\n<p>Europa Park f\u00eate ses cinquante ans<\/p>\n<p class=\"paragraph text_align_left lp-f-body-02\">Inaugur\u00e9 en 1975 entre la For\u00eat-Noire et les Vosges, Europa-Park accueille chaque saison plus de 5\u00a0millions de visiteurs venus profiter de la centaine d\u2019attractions et des spectacles. \u00ab\u00a0Remporter un dixi\u00e8me Golden Ticket Award lors de cette ann\u00e9e anniversaire est un symbole fort\u00a0\u00bb, ont r\u00e9agi les organisateurs.<\/p>\n<p class=\"paragraph text_align_left lp-f-body-02\">Le jury, compos\u00e9 de voyageurs et de sp\u00e9cialistes du secteur, a aussi distingu\u00e9 le roller coaster Voltron Nevera powered by Rimac, inaugur\u00e9 en 2024, qui fait son entr\u00e9e dans le Top\u00a010 mondial des grands huit. Une r\u00e9compense qu\u2019il doit \u00e0 son lancement particuli\u00e8rement raide, \u00e0 105\u00b0 d\u2019inclinaison, et par une mise en sc\u00e8ne immersive, d\u00e9taille <a href=\"https:\/\/france3-regions.franceinfo.fr\/grand-est\/haut-rhin\/europa-park-sacre-meilleur-parc-d-attractions-du-monde-pour-la-dixieme-fois-3213185.html\" target=\"_self\" rel=\"nofollow noopener\">France\u00a03 Grand Est<\/a>.<\/p>\n<p class=\"paragraph text_align_left lp-f-body-02\">Le parc a, de plus, re\u00e7u le titre de la meilleure innovation pour son Rocking Boat, une montagne russe aquatique o\u00f9 les bateaux propuls\u00e9s dans l\u2019eau peuvent faire des marches arri\u00e8re et prendre des virages serr\u00e9s, rel\u00e8ve <a href=\"https:\/\/www.lefigaro.fr\/societes\/europa-park-a-nouveau-sacre-meilleur-parc-d-attractions-du-monde-20250908?utm_content=photo&amp;utm_term=lefigaro&amp;utm_campaign=Nonli&amp;utm_medium=Social&amp;utm_source=Facebook\" target=\"_self\" rel=\"nofollow noopener\">Le Figaro<\/a>.<\/p>\n","protected":false},"excerpt":{"rendered":"O\u00f9 aller pour profiter du meilleur parc d\u2019attractions du monde\u00a0? \u00c0 Rust, en Allemagne, r\u00e9pondent les 500 jur\u00e9s&hellip;\n","protected":false},"author":2,"featured_media":377347,"comment_status":"","ping_status":"","sticky":false,"template":"","format":"standard","meta":{"footnotes":""},"categories":[1587],"tags":[11,672,1804,872,1805,459,1803,1777,674,1801,12,1802],"class_list":{"0":"post-377346","1":"post","2":"type-post","3":"status-publish","4":"format-standard","5":"has-post-thumbnail","7":"category-allemagne","8":"tag-actualites","9":"tag-allemagne","10":"tag-bundesrepublik-deutschland","11":"tag-culture-et-loisirs","12":"tag-de","13":"tag-departements-horsidfo","14":"tag-deutschland","15":"tag-eu","16":"tag-europe","17":"tag-germany","18":"tag-news","19":"tag-republique-federale-dallemagne"},"share_on_mastodon":{"url":"https:\/\/pubeurope.com\/@fr\/115173556612599547","error":""},"_links":{"self":[{"href":"https:\/\/www.europesays.com\/fr\/wp-json\/wp\/v2\/posts\/377346","targetHints":{"allow":["GET"]}}],"collection":[{"href":"https:\/\/www.europesays.com\/fr\/wp-json\/wp\/v2\/posts"}],"about":[{"href":"https:\/\/www.europesays.com\/fr\/wp-json\/wp\/v2\/types\/post"}],"author":[{"embeddable":true,"href":"https:\/\/www.europesays.com\/fr\/wp-json\/wp\/v2\/users\/2"}],"replies":[{"embeddable":true,"href":"https:\/\/www.europesays.com\/fr\/wp-json\/wp\/v2\/comments?post=377346"}],"version-history":[{"count":0,"href":"https:\/\/www.europesays.com\/fr\/wp-json\/wp\/v2\/posts\/377346\/revisions"}],"wp:featuredmedia":[{"embeddable":true,"href":"https:\/\/www.europesays.com\/fr\/wp-json\/wp\/v2\/media\/377347"}],"wp:attachment":[{"href":"https:\/\/www.europesays.com\/fr\/wp-json\/wp\/v2\/media?parent=377346"}],"wp:term":[{"taxonomy":"category","embeddable":true,"href":"https:\/\/www.europesays.com\/fr\/wp-json\/wp\/v2\/categories?post=377346"},{"taxonomy":"post_tag","embeddable":true,"href":"https:\/\/www.europesays.com\/fr\/wp-json\/wp\/v2\/tags?post=377346"}],"curies":[{"name":"wp","href":"https:\/\/api.w.org\/{rel}","templated":true}]}}