{"id":377356,"date":"2025-09-09T09:16:10","date_gmt":"2025-09-09T09:16:10","guid":{"rendered":"https:\/\/www.europesays.com\/fr\/377356\/"},"modified":"2025-09-09T09:16:10","modified_gmt":"2025-09-09T09:16:10","slug":"top-14-louis-carbonel-yoan-tanga-au-stade-francais-le-retour-en-force-des-bannis","status":"publish","type":"post","link":"https:\/\/www.europesays.com\/fr\/377356\/","title":{"rendered":"Top 14 &#8211; Louis Carbonel, Yoan Tanga&#8230; Au Stade fran\u00e7ais, le retour en force des bannis"},"content":{"rendered":"<p>\n                Le manager du Stade fran\u00e7ais Paul Gustard avait choisi de titulariser Yoan Tanga et Louis Carbonel pour cette premi\u00e8re journ\u00e9e, soit les deux recrues phares de la saison derni\u00e8re. Deux joueurs recrut\u00e9s \u00e0 prix d\u2019or ayant d\u00e9\u00e7u. Mais deux des grands artisans du succ\u00e8s contre Montauban\u2026\n            <\/p>\n<p>Louis Carbonel aurait tr\u00e8s bien pu jouer son premier match de la saison du c\u00f4t\u00e9 de Montpellier avec, sur le dos, le maillot du RC Toulon. Apr\u00e8s une saison cauchemardesque marqu\u00e9e par des difficult\u00e9s \u00e0 s\u2019affirmer dans le collectif parisien, Paul Gustard, devenu entra\u00eeneur principal apr\u00e8s le retrait de Laurent Labit, l\u2019avait \u00e9cart\u00e9 de la fin d\u2019ann\u00e9e parisienne. Et un \u00e9change avec l\u2019ouvreur toulonnais Enzo Herv\u00e9 a m\u00eame \u00e9t\u00e9 envisag\u00e9 par les dirigeants stadistes dans le courant du mois de juin. Sa derni\u00e8re titularisation avec les Soldats roses datait donc du 20 avril et une d\u00e9faite \u00e0 Jean-Bouin face \u00e0 Toulouse (21-27).<\/p>\n<p>Pourtant, c\u2019est bien le m\u00eame Paul Gustard, peut-\u00eatre sous l\u2019influence du responsable de l\u2019attaque Morgan Parra, qui a choisi de titulariser le double champion du monde des moins de 20 ans pour affronter Montauban. Paradoxalement, le technicien anglais ne tarissait pas d\u2019\u00e9loges sur son ouvreur au c\u0153ur de l\u2019\u00e9t\u00e9. Avant m\u00eame le premier match amical disput\u00e9 contre le Racing 92 le 23 ao\u00fbt, il avait confi\u00e9 dans ces colonnes : \u00ab\u00a0D\u2019apr\u00e8s ce que j\u2019ai pu observer jusqu\u2019\u00e0 pr\u00e9sent en pr\u00e9saison, nous verrons une version plus fid\u00e8le du talent de joueurs comme Yoan (Tanga), \u00ab\u00a0The Carbonator\u00a0\u00bb (Louis Carbonel) et Joe Jonas. Ils ont \u00e9t\u00e9 tr\u00e8s impliqu\u00e9s et tr\u00e8s bons.\u00a0\u00bb<\/p>\n<p>Force est de constater que le nouveau patron du Stade fran\u00e7ais ne s\u2019est pas tromp\u00e9. D\u2019abord, \u00e0 propos du \u00ab\u00a0P\u2019tit Louis\u00a0\u00bb qui a rayonn\u00e9, se retrouvant quasiment dans tous les bons coups en premi\u00e8re p\u00e9riode. Une premi\u00e8re perc\u00e9e en guise d\u2019amuse-bouche (4e), avant de r\u00e9cidiver quelques minutes plus tard avec un jeu au pied pour lui-m\u00eame parfaitement r\u00e9cup\u00e9r\u00e9 avant de servir Baptiste Pesenti pour le deuxi\u00e8me essai parisien (8e). Il a aussi montr\u00e9 toute sa qualit\u00e9 gestuelle avec une merveilleuse passe sur un pas occasionnant un essai de Dakuwaqa, justement refus\u00e9 pour un d\u00e9blayage illicite de Paul Alo-Emile. Pour conclure ses 40 premi\u00e8res excellentes minutes, il s\u2019est aussi offert un essai quasi-solo en jouant une p\u00e9nalit\u00e9 rapidement et en r\u00e9alisant un une-deux avec Tanga (40e). Comme un symbole du retour des bannis.<\/p>\n<p>Gustard : \u00ab\u00a0C\u2019est une nouvelle saison, nous repartons de z\u00e9ro\u00a0\u00bb<\/p>\n<p>Parce que s\u2019il y en a un autre qui a \u00e9t\u00e9 mis au ban des accus\u00e9s la saison derni\u00e8re, c\u2019est bien le troisi\u00e8me ligne centre d\u00e9bauch\u00e9 \u00e0 La Rochelle contre un joli ch\u00e8que. R\u00e9sultat ? Seulement neuf titularisations en Top 14, pas une seule r\u00e9ellement marquante. \u00ab\u00a0La saison derni\u00e8re m\u2019a mis un gros coup sur la t\u00eate. Je suis arriv\u00e9 avec beaucoup d\u2019ambitions et malheureusement, il y a des choses qui n\u2019ont pas du tout fonctionn\u00e9. Du coup, j\u2019ai bien r\u00e9fl\u00e9chi pendant l\u2019\u00e9t\u00e9, je me suis remis les id\u00e9es en place et me suis pos\u00e9 les bonnes questions. Je suis revenu avec \u00e9norm\u00e9ment d\u2019envie, beaucoup de nouveaux objectifs. J\u2019ai aussi perdu 2-3 kg. Je pense que \u00e7a me fait du bien (l\u00e9ger sourire). Et aujourd\u2019hui, je me sentais pr\u00eat \u00e0 attaquer une nouvelle saison.\u00a0\u00bb Son envie, Tanga l\u2019a fait sentir aux Montalbanais \u00e0 chaque coup d\u2019\u00e9paule. Son essai tout en puissance sur un d\u00e9part apr\u00e8s m\u00eal\u00e9e ferm\u00e9e t\u00e9moigne. \u00ab\u00a0L\u2019ann\u00e9e derni\u00e8re a \u00e9t\u00e9 difficile pour beaucoup de mecs, a comment\u00e9 Gustard apr\u00e8s la rencontre. Mais c\u2019est une nouvelle saison, nous repartons de z\u00e9ro. C\u2019est une opportunit\u00e9 pour tout le monde et une chance pour l\u2019\u00e9quipe.\u00a0\u00bb<\/p>\n<p>\u00c9videmment, cette premi\u00e8re performance, contre un promu, demande confirmation. Carbonel et Tanga le savent pertinemment : ils sont attendus sur la dur\u00e9e, avec le double objectif de faire oublier leur premi\u00e8re saison sur le plan personnel et de permettre au Stade fran\u00e7ais de retrouver son standing. Une lourde charge probablement \u00e0 la hauteur du talent et des qualit\u00e9s de ces deux joueurs.<\/p>\n","protected":false},"excerpt":{"rendered":"Le manager du Stade fran\u00e7ais Paul Gustard avait choisi de titulariser Yoan Tanga et Louis Carbonel pour cette&hellip;\n","protected":false},"author":2,"featured_media":377357,"comment_status":"","ping_status":"","sticky":false,"template":"","format":"standard","meta":{"footnotes":""},"categories":[1416],"tags":[1011,27,479,1468,60],"class_list":{"0":"post-377356","1":"post","2":"type-post","3":"status-publish","4":"format-standard","5":"has-post-thumbnail","7":"category-rugby","8":"tag-fr","9":"tag-france","10":"tag-rugby","11":"tag-rugby-football","12":"tag-sports"},"share_on_mastodon":{"url":"https:\/\/pubeurope.com\/@fr\/115173587913071014","error":""},"_links":{"self":[{"href":"https:\/\/www.europesays.com\/fr\/wp-json\/wp\/v2\/posts\/377356","targetHints":{"allow":["GET"]}}],"collection":[{"href":"https:\/\/www.europesays.com\/fr\/wp-json\/wp\/v2\/posts"}],"about":[{"href":"https:\/\/www.europesays.com\/fr\/wp-json\/wp\/v2\/types\/post"}],"author":[{"embeddable":true,"href":"https:\/\/www.europesays.com\/fr\/wp-json\/wp\/v2\/users\/2"}],"replies":[{"embeddable":true,"href":"https:\/\/www.europesays.com\/fr\/wp-json\/wp\/v2\/comments?post=377356"}],"version-history":[{"count":0,"href":"https:\/\/www.europesays.com\/fr\/wp-json\/wp\/v2\/posts\/377356\/revisions"}],"wp:featuredmedia":[{"embeddable":true,"href":"https:\/\/www.europesays.com\/fr\/wp-json\/wp\/v2\/media\/377357"}],"wp:attachment":[{"href":"https:\/\/www.europesays.com\/fr\/wp-json\/wp\/v2\/media?parent=377356"}],"wp:term":[{"taxonomy":"category","embeddable":true,"href":"https:\/\/www.europesays.com\/fr\/wp-json\/wp\/v2\/categories?post=377356"},{"taxonomy":"post_tag","embeddable":true,"href":"https:\/\/www.europesays.com\/fr\/wp-json\/wp\/v2\/tags?post=377356"}],"curies":[{"name":"wp","href":"https:\/\/api.w.org\/{rel}","templated":true}]}}