{"id":377359,"date":"2025-09-09T09:19:11","date_gmt":"2025-09-09T09:19:11","guid":{"rendered":"https:\/\/www.europesays.com\/fr\/377359\/"},"modified":"2025-09-09T09:19:11","modified_gmt":"2025-09-09T09:19:11","slug":"les-chaines-tv-et-horaires-du-week-end","status":"publish","type":"post","link":"https:\/\/www.europesays.com\/fr\/377359\/","title":{"rendered":"les cha\u00eenes TV et horaires du week-end"},"content":{"rendered":"<p>D\u00e9couvrez le programme, les cha\u00eenes TV et horaires du Grand Prix de Saint-Marin de MotoGP qui se dispute \u00e0 partir de vendredi sur le circuit de Misano.<\/p>\n<p>Le MotoGP encha\u00eene un second Grand Prix en deux week-ends avant la tourn\u00e9e asiatique fin septembre. Le rendez-vous de ce week-end ram\u00e8ne le paddock en Italie pour le GP de Saint-Marin sur le trac\u00e9 Marco Simoncelli de Misano. Et une fois de plus c&rsquo;est Marc Marquez qui es favori de ce rendez-vous, lui qui domine tr\u00e8s largement le championnat avec 182 points d&rsquo;avance sur son fr\u00e8re Alex.<\/p>\n<p>Le programme du week-end<\/p>\n<p>Comme chaque week-end, le programme est charg\u00e9 avec des enjeux sur les trois jours de l&rsquo;\u00e9v\u00e9nement. Cela commence le vendredi avec les Essais. Le samedi est la plus grosse journ\u00e9e avec les qualifications en fin de matin\u00e9e qui d\u00e9terminent la grille de d\u00e9part de la course sprint et du Grand Prix le dimanche. Suivra la course sprint en milieu d&rsquo;apr\u00e8s-midi. Le dimanche est le point d&rsquo;orgue de ce GP de Saint-Marin avec le Grand Prix.<\/p>\n<ul>\n<li>Essais Libres 1 &#8211; s\u00e9ance de 45 minutes<\/li>\n<li>Essais &#8211; s\u00e9ance d&rsquo;une heure<\/li>\n<li>Les 10 premiers sont qualifi\u00e9s directement en Q2<\/li>\n<li>Essais Libres 2 &#8211; s\u00e9ance de 30 minutes<\/li>\n<li>Qualifications<\/li>\n<li>15 minutes pour la Q1<\/li>\n<li>Les deux plus rapides sont qualifi\u00e9s en Q2<\/li>\n<li>15 minutes pour la Q2<\/li>\n<li>Course sprint &#8211; 13 tours<\/li>\n<li>Warm-up &#8211; s\u00e9ance de 10 minutes<\/li>\n<li>Grand Prix &#8211; 27 tours<\/li>\n<\/ul>\n<p>Les cha\u00eenes TV et horaires du GP de Saint-Marin de MotoGP<\/p>\n<p>Ce week-end Grand Prix de Saint-Marin de MotoGP est retransmis en direct et en int\u00e9gralit\u00e9 sur Canal+ Sport 360 et sur Canal+. Voici le partage et les horaires des diff\u00e9rentes sessions, des Essais Libres 1 du vendredi \u00e0 la course principale du dimanche.<\/p>\n<p>Essais Libres 1<\/p>\n<ul>\n<li>Vendredi 12 septembre<\/li>\n<li>De 10h45 \u00e0 11h30<\/li>\n<li>En direct sur Canal+ Sport 360 \u00e0 partir de 10h35<\/li>\n<\/ul>\n<p>Essais<\/p>\n<ul>\n<li>Vendredi 12 septembre<\/li>\n<li>De 15h \u00e0 16h<\/li>\n<li>En direct sur Canal+ Sport 360 \u00e0 partir de 14h50<\/li>\n<\/ul>\n<p>Essais Libres 2<\/p>\n<ul>\n<li>Samedi 13 septembre<\/li>\n<li>De 10h10 \u00e0 10h40<\/li>\n<li>En direct sur Canal+ Sport 360 \u00e0 partir de 10h<\/li>\n<\/ul>\n<p>Qualifications<\/p>\n<ul>\n<li>Samedi 13 septembre<\/li>\n<li>De 10h50 \u00e0 11h05 pour la Q1<\/li>\n<li>De 11h15 \u00e0 11h30 pour la Q2<\/li>\n<li>En direct sur Canal+ Sport 360 \u00e0 partir de 10h45<\/li>\n<\/ul>\n<p>Course sprint<\/p>\n<ul>\n<li>Samedi 13 septembre<\/li>\n<li>D\u00e9part \u00e0 15h pour 13 tours<\/li>\n<li>En direct sur Canal+ Sport 360 \u00e0 partir de 14h26<\/li>\n<\/ul>\n<p>Warm-up<\/p>\n<ul>\n<li>Dimanche 14 septembre<\/li>\n<li>De 9h40 \u00e0 9h50<\/li>\n<li>En direct sur Canal+ Sport 360 \u00e0 partir de 9h35<\/li>\n<\/ul>\n<p>Grand Prix<\/p>\n<ul>\n<li>Dimanche 14 septembre<\/li>\n<li>D\u00e9part \u00e0 14h pour 27 tours<\/li>\n<li>En direct sur Canal+ \u00e0 partir de 13h16<\/li>\n<\/ul>\n<p>Cr\u00e9dit photo : Gold &amp; Goose \/ Red Bull Content Pool<\/p>\n","protected":false},"excerpt":{"rendered":"D\u00e9couvrez le programme, les cha\u00eenes TV et horaires du Grand Prix de Saint-Marin de MotoGP qui se dispute&hellip;\n","protected":false},"author":2,"featured_media":377360,"comment_status":"","ping_status":"","sticky":false,"template":"","format":"standard","meta":{"footnotes":""},"categories":[1413],"tags":[1011,27,1457,1456,60],"class_list":{"0":"post-377359","1":"post","2":"type-post","3":"status-publish","4":"format-standard","5":"has-post-thumbnail","7":"category-moto","8":"tag-fr","9":"tag-france","10":"tag-moto","11":"tag-motocycle","12":"tag-sports"},"share_on_mastodon":{"url":"https:\/\/pubeurope.com\/@fr\/115173599745766546","error":""},"_links":{"self":[{"href":"https:\/\/www.europesays.com\/fr\/wp-json\/wp\/v2\/posts\/377359","targetHints":{"allow":["GET"]}}],"collection":[{"href":"https:\/\/www.europesays.com\/fr\/wp-json\/wp\/v2\/posts"}],"about":[{"href":"https:\/\/www.europesays.com\/fr\/wp-json\/wp\/v2\/types\/post"}],"author":[{"embeddable":true,"href":"https:\/\/www.europesays.com\/fr\/wp-json\/wp\/v2\/users\/2"}],"replies":[{"embeddable":true,"href":"https:\/\/www.europesays.com\/fr\/wp-json\/wp\/v2\/comments?post=377359"}],"version-history":[{"count":0,"href":"https:\/\/www.europesays.com\/fr\/wp-json\/wp\/v2\/posts\/377359\/revisions"}],"wp:featuredmedia":[{"embeddable":true,"href":"https:\/\/www.europesays.com\/fr\/wp-json\/wp\/v2\/media\/377360"}],"wp:attachment":[{"href":"https:\/\/www.europesays.com\/fr\/wp-json\/wp\/v2\/media?parent=377359"}],"wp:term":[{"taxonomy":"category","embeddable":true,"href":"https:\/\/www.europesays.com\/fr\/wp-json\/wp\/v2\/categories?post=377359"},{"taxonomy":"post_tag","embeddable":true,"href":"https:\/\/www.europesays.com\/fr\/wp-json\/wp\/v2\/tags?post=377359"}],"curies":[{"name":"wp","href":"https:\/\/api.w.org\/{rel}","templated":true}]}}