{"id":377365,"date":"2025-09-09T09:22:10","date_gmt":"2025-09-09T09:22:10","guid":{"rendered":"https:\/\/www.europesays.com\/fr\/377365\/"},"modified":"2025-09-09T09:22:10","modified_gmt":"2025-09-09T09:22:10","slug":"blessure-de-dembele-christophe-dugarry-defend-deschamps-et-dezingue-le-psg","status":"publish","type":"post","link":"https:\/\/www.europesays.com\/fr\/377365\/","title":{"rendered":"Blessure de Demb\u00e9l\u00e9, Christophe Dugarry d\u00e9fend Deschamps et d\u00e9zingue le PSG"},"content":{"rendered":"<p data-testid=\"article-teaser\" class=\"article_teaser__rjxUK\">Ancien international fran\u00e7ais, Christophe Dugarry a condamn\u00e9, lundi, l\u2019attitude du PSG apr\u00e8s la blessure de Demb\u00e9l\u00e9 avec l\u2019\u00e9quipe de France.<\/p>\n<p><a href=\"https:\/\/www.goal.com\/fr\/listes\/equipe-de-france-la-reponse-ferme-de-la-fff-au-psg-apres-les-blessures-de-dembele-et-doue\/blt241963cfe9b5299a\" target=\"_self\" rel=\"noopener\">La blessure d\u2019Ousmane Demb\u00e9l\u00e9 en s\u00e9lection continue de faire des vagues.\u00a0<\/a>Alors que le Paris Saint-Germain a point\u00e9 du doigt l\u2019\u00e9quipe de France et son s\u00e9lectionneur Didier Deschamps, une voix forte du football fran\u00e7ais a pris la parole. L\u2019ancien international Christophe Dugarry s\u2019est exprim\u00e9 sur RMC pour d\u00e9fendre sans d\u00e9tours les Bleus et s\u2019en prendre frontalement au club parisien. Ses propos ne laissent aucune place \u00e0 l\u2019ambigu\u00eft\u00e9 et alimentent un d\u00e9bat d\u00e9j\u00e0 br\u00fblant.<\/p>\n","protected":false},"excerpt":{"rendered":"Ancien international fran\u00e7ais, Christophe Dugarry a condamn\u00e9, lundi, l\u2019attitude du PSG apr\u00e8s la blessure de Demb\u00e9l\u00e9 avec l\u2019\u00e9quipe&hellip;\n","protected":false},"author":2,"featured_media":377366,"comment_status":"","ping_status":"","sticky":false,"template":"","format":"standard","meta":{"footnotes":""},"categories":[1410],"tags":[51102,50499,4639,63,1011,27,51105,51103,51104,12528,4253,66,46055,2782,91,60,50502],"class_list":{"0":"post-377365","1":"post","2":"type-post","3":"status-publish","4":"format-standard","5":"has-post-thumbnail","7":"category-football","8":"tag-c-dugarry","9":"tag-coupe-du-monde-qualification-uefa-2eme-tour","10":"tag-d-deschamps","11":"tag-football","12":"tag-fr","13":"tag-france","14":"tag-france-vs-iceland","15":"tag-france-vs-islande","16":"tag-iceland","17":"tag-islande","18":"tag-lens","19":"tag-ligue-1","20":"tag-o-dembele","21":"tag-ousmane-dembele","22":"tag-paris-saint-germain","23":"tag-sports","24":"tag-world-cup-qualification-uefa"},"share_on_mastodon":{"url":"https:\/\/pubeurope.com\/@fr\/115173611572817131","error":""},"_links":{"self":[{"href":"https:\/\/www.europesays.com\/fr\/wp-json\/wp\/v2\/posts\/377365","targetHints":{"allow":["GET"]}}],"collection":[{"href":"https:\/\/www.europesays.com\/fr\/wp-json\/wp\/v2\/posts"}],"about":[{"href":"https:\/\/www.europesays.com\/fr\/wp-json\/wp\/v2\/types\/post"}],"author":[{"embeddable":true,"href":"https:\/\/www.europesays.com\/fr\/wp-json\/wp\/v2\/users\/2"}],"replies":[{"embeddable":true,"href":"https:\/\/www.europesays.com\/fr\/wp-json\/wp\/v2\/comments?post=377365"}],"version-history":[{"count":0,"href":"https:\/\/www.europesays.com\/fr\/wp-json\/wp\/v2\/posts\/377365\/revisions"}],"wp:featuredmedia":[{"embeddable":true,"href":"https:\/\/www.europesays.com\/fr\/wp-json\/wp\/v2\/media\/377366"}],"wp:attachment":[{"href":"https:\/\/www.europesays.com\/fr\/wp-json\/wp\/v2\/media?parent=377365"}],"wp:term":[{"taxonomy":"category","embeddable":true,"href":"https:\/\/www.europesays.com\/fr\/wp-json\/wp\/v2\/categories?post=377365"},{"taxonomy":"post_tag","embeddable":true,"href":"https:\/\/www.europesays.com\/fr\/wp-json\/wp\/v2\/tags?post=377365"}],"curies":[{"name":"wp","href":"https:\/\/api.w.org\/{rel}","templated":true}]}}