{"id":377369,"date":"2025-09-09T09:24:23","date_gmt":"2025-09-09T09:24:23","guid":{"rendered":"https:\/\/www.europesays.com\/fr\/377369\/"},"modified":"2025-09-09T09:24:23","modified_gmt":"2025-09-09T09:24:23","slug":"un-nouveau-pochoir-apparait-au-royaume-uni-apres-les-arrestations-de-militants-propalestiniens","status":"publish","type":"post","link":"https:\/\/www.europesays.com\/fr\/377369\/","title":{"rendered":"Un nouveau pochoir appara\u00eet au Royaume-Uni apr\u00e8s les arrestations de militants propalestiniens"},"content":{"rendered":"<p>Au-dessus d\u2019un manifestant au sol, un juge mena\u00e7ant brandit son marteau\u00a0: <a href=\"https:\/\/www.20minutes.fr\/dossier\/banksy\" class=\"c-link c-link--is-underlined\" rel=\"nofollow noopener\" target=\"_blank\">Banksy <\/a>a d\u00e9voil\u00e9 un nouveau pochoir sur les murs d\u2019un tribunal londonien, lundi 8\u00a0septembre 2025, soit deux jours apr\u00e8s l\u2019arrestation de pr\u00e8s de 900 personnes lors d\u2019un rassemblement de soutien \u00e0 l\u2019<a href=\"https:\/\/www.20minutes.fr\/monde\/royaume-uni\/4163420-20250712-royaume-uni-nouvelles-arrestations-partisans-groupe-interdit-palestine-action\" class=\"c-link c-link--is-underlined\" rel=\"nofollow noopener\" target=\"_blank\">organisation interdite Palestine Action<\/a>.<\/p>\n<\/p>\n<p>Le \u00ab\u00a0graffiti\u00a0\u00bb est apparu lundi matin sur l\u2019une des fa\u00e7ades ext\u00e9rieures de la Royal Courts of Justice, faisant aussi \u00e9cho au d\u00e9bat sur la <a href=\"https:\/\/www.20minutes.fr\/arts-stars\/web\/liberte-expression\/\" class=\"c-link c-link--is-underlined\" rel=\"nofollow noopener\" target=\"_blank\">libert\u00e9 d\u2019expression<\/a> au Royaume-Uni raviv\u00e9 par la r\u00e9cente <a href=\"https:\/\/www.20minutes.fr\/societe\/4171032-20250903-arrestation-createur-series-cree-polemique-liberte-expression-royaume-uni\" class=\"c-link c-link--is-underlined\" rel=\"nofollow noopener\" target=\"_blank\">arrestation d\u2019un cr\u00e9ateur de s\u00e9ries<\/a>.<\/p>\n<p>Paternit\u00e9 revendiqu\u00e9e<\/p>\n<p>Tr\u00e8s vite dissimul\u00e9 derri\u00e8re des palissades et surveill\u00e9 par des agents de s\u00e9curit\u00e9, ce pochoir montre un <a href=\"https:\/\/www.20minutes.fr\/dossier\/juge\" class=\"c-link c-link--is-underlined\" rel=\"nofollow noopener\" target=\"_blank\">juge<\/a> avec la traditionnelle robe et perruque soulever son marteau au-dessus d\u2019un manifestant allong\u00e9 sur le dos, et dont la pancarte vierge est macul\u00e9e de sang.<\/p>\n<p>L\u2019artiste, dont l\u2019identit\u00e9 est toujours myst\u00e9rieuse, en a revendiqu\u00e9 la paternit\u00e9 en postant <a href=\"https:\/\/www.instagram.com\/banksy\/p\/DOVoHlVDMIU\/\" rel=\"nofollow noopener\" target=\"_blank\" class=\"c-link c-link--is-underlined\">une photo sur son compte Instagram<\/a>.<\/p>\n<p>Nouvelle vague d\u2019arrestations<\/p>\n<p>Samedi 6\u00a0septembre 2025, 890 personnes ont \u00e9t\u00e9 arr\u00eat\u00e9es \u00e0 <a href=\"https:\/\/www.20minutes.fr\/dossier\/londres\" class=\"c-link c-link--is-underlined\" rel=\"nofollow noopener\" target=\"_blank\">Londres <\/a>lors d\u2019une <a href=\"https:\/\/www.20minutes.fr\/dossier\/manifestation\" class=\"c-link c-link--is-underlined\" rel=\"nofollow noopener\" target=\"_blank\">manifestation <\/a>de soutien au groupe Palestine Action, \u00e9maill\u00e9e de tensions entre police et manifestants. Cette organisation a \u00e9t\u00e9 class\u00e9e \u00ab\u00a0<a href=\"https:\/\/www.20minutes.fr\/dossier\/terroriste\" class=\"c-link c-link--is-underlined\" rel=\"nofollow noopener\" target=\"_blank\">terroriste\u00a0<\/a>\u00bb par le gouvernement apr\u00e8s des d\u00e9gradations commises sur une base de l\u2019<a href=\"https:\/\/www.20minutes.fr\/dossier\/armee_de_l_air\" class=\"c-link c-link--is-underlined\" rel=\"nofollow noopener\" target=\"_blank\">arm\u00e9e de l\u2019air<\/a>.<\/p>\n<p>Au total, plus de 1.600 personnes <a href=\"https:\/\/www.20minutes.fr\/monde\/4167377-20250810-royaume-uni-466-manifestants-arretes-lors-rassemblement-soutien-groupe-palestine-action\" class=\"c-link c-link--is-underlined\" rel=\"nofollow noopener\" target=\"_blank\">ont d\u00e9j\u00e0 \u00e9t\u00e9 arr\u00eat\u00e9es<\/a> depuis juillet\u00a02025, et 138 inculp\u00e9es de soutien ou d\u2019incitation au soutien \u00e0 une \u00ab\u00a0organisation terroriste\u00a0\u00bb. Elles doivent \u00eatre jug\u00e9es et risquent pour la plupart six mois de prison.<\/p>\n<p>Contre la \u00ab\u00a0brutalit\u00e9 de l\u2019\u00c9tat\u00a0\u00bb<\/p>\n<p>Defend Our Juries, l\u2019organisation \u00e0 l\u2019origine de ces rassemblements, a estim\u00e9 lundi que la nouvelle \u0153uvre de Banksy d\u00e9peignait \u00ab\u00a0la brutalit\u00e9 de l\u2019<a href=\"https:\/\/www.20minutes.fr\/dossier\/etat\" class=\"c-link c-link--is-underlined\" rel=\"nofollow noopener\" target=\"_blank\">\u00c9tat<\/a> contre les manifestants s\u2019opposant \u00e0 l\u2019interdiction de Palestine Action\u00a0\u00bb.<\/p>\n<p><a href=\"https:\/\/www.20minutes.fr\/dossier\/banksy\" class=\"c-link c-btn c-btn--primary\" rel=\"nofollow noopener\" target=\"_blank\">Notre dossier \u00ab Banksy \u00bb<\/a><\/p>\n<p>Banksy est l\u2019un des <a href=\"https:\/\/www.20minutes.fr\/dossier\/artiste\" class=\"c-link c-link--is-underlined\" rel=\"nofollow noopener\" target=\"_blank\">artistes <\/a>vivants les plus c\u00e9l\u00e8bres au monde, particuli\u00e8rement pour ses pochoirs <a href=\"https:\/\/www.20minutes.fr\/arts-stars\/culture\/2295795-20180625-video-banksy-artiste-engage-faveur-migrants\" class=\"c-link c-link--is-underlined\" rel=\"nofollow noopener\" target=\"_blank\">aux messages politiques<\/a> et provocateurs qu\u2019il r\u00e9pand aux quatre coins de la plan\u00e8te.<\/p>\n<p><script async src=\"\/\/www.instagram.com\/embed.js\"><\/script><\/p>\n","protected":false},"excerpt":{"rendered":"Au-dessus d\u2019un manifestant au sol, un juge mena\u00e7ant brandit son marteau\u00a0: Banksy a d\u00e9voil\u00e9 un nouveau pochoir sur&hellip;\n","protected":false},"author":2,"featured_media":377370,"comment_status":"","ping_status":"","sticky":false,"template":"","format":"standard","meta":{"footnotes":""},"categories":[1358],"tags":[631,2441,3734,1348,1384,1385,7190,1386,58,59,1011,27,4534,1272,21832,3518,473,896,133],"class_list":{"0":"post-377369","1":"post","2":"type-post","3":"status-publish","4":"format-standard","5":"has-post-thumbnail","7":"category-arts-et-design","8":"tag-action","9":"tag-arrestation","10":"tag-art","11":"tag-arts","12":"tag-arts-and-design","13":"tag-arts-et-design","14":"tag-banksy","15":"tag-design","16":"tag-divertissement","17":"tag-entertainment","18":"tag-fr","19":"tag-france","20":"tag-londres","21":"tag-manifestations","22":"tag-oeuvre-dart","23":"tag-palestine","24":"tag-royaume-uni","25":"tag-tas-vu","26":"tag-video"},"share_on_mastodon":{"url":"https:\/\/pubeurope.com\/@fr\/115173619419607109","error":""},"_links":{"self":[{"href":"https:\/\/www.europesays.com\/fr\/wp-json\/wp\/v2\/posts\/377369","targetHints":{"allow":["GET"]}}],"collection":[{"href":"https:\/\/www.europesays.com\/fr\/wp-json\/wp\/v2\/posts"}],"about":[{"href":"https:\/\/www.europesays.com\/fr\/wp-json\/wp\/v2\/types\/post"}],"author":[{"embeddable":true,"href":"https:\/\/www.europesays.com\/fr\/wp-json\/wp\/v2\/users\/2"}],"replies":[{"embeddable":true,"href":"https:\/\/www.europesays.com\/fr\/wp-json\/wp\/v2\/comments?post=377369"}],"version-history":[{"count":0,"href":"https:\/\/www.europesays.com\/fr\/wp-json\/wp\/v2\/posts\/377369\/revisions"}],"wp:featuredmedia":[{"embeddable":true,"href":"https:\/\/www.europesays.com\/fr\/wp-json\/wp\/v2\/media\/377370"}],"wp:attachment":[{"href":"https:\/\/www.europesays.com\/fr\/wp-json\/wp\/v2\/media?parent=377369"}],"wp:term":[{"taxonomy":"category","embeddable":true,"href":"https:\/\/www.europesays.com\/fr\/wp-json\/wp\/v2\/categories?post=377369"},{"taxonomy":"post_tag","embeddable":true,"href":"https:\/\/www.europesays.com\/fr\/wp-json\/wp\/v2\/tags?post=377369"}],"curies":[{"name":"wp","href":"https:\/\/api.w.org\/{rel}","templated":true}]}}