{"id":377379,"date":"2025-09-09T09:29:10","date_gmt":"2025-09-09T09:29:10","guid":{"rendered":"https:\/\/www.europesays.com\/fr\/377379\/"},"modified":"2025-09-09T09:29:10","modified_gmt":"2025-09-09T09:29:10","slug":"pourquoi-la-france-renonce-a-autoriser-ce-premier-medicament-contre-alzheimer","status":"publish","type":"post","link":"https:\/\/www.europesays.com\/fr\/377379\/","title":{"rendered":"pourquoi la France renonce \u00e0 autoriser ce premier m\u00e9dicament contre Alzheimer"},"content":{"rendered":"<p>        <img decoding=\"async\" loading=\"lazy\" src=\"https:\/\/www.europesays.com\/fr\/wp-content\/uploads\/2025\/09\/f8b8590_upload-1-3orogsux02jo-afp-20231225-ar-20231225121737-kinq1-058a0685306e30b330-121736490-v1-h.jpeg\"  width=\"728\" height=\"409\" alt=\"Le l\u00e9canemab, commercialis\u00e9 sous la marque Leqembi pour le march\u00e9 europ\u00e9en ne pourra pas \u00eatre rembours\u00e9 pour le moment en France.\"\/>  <\/p>\n<p>KOTA KIRIYAMA \/ The Yomiuri Shimbun via AFP<\/p>\n<p>Le l\u00e9canemab, commercialis\u00e9 sous la marque Leqembi pour le march\u00e9 europ\u00e9en ne pourra pas \u00eatre rembours\u00e9 pour le moment en France.<\/p>\n<p class=\"asset asset-text\">SANT\u00c9 &#8211; Un motif d\u2019espoir pour les patients et leurs proches, sauf en France. Dans l\u2019imm\u00e9diat, le nouveau traitement d\u00e9velopp\u00e9 contre <a href=\"https:\/\/www.huffingtonpost.fr\/life\/article\/alzheimer-3-conseils-pour-stimuler-chaque-jour-la-memoire-des-malades-selon-cette-soignante-specialisee_239881.html\" target=\"_blank\" rel=\"noopener\">la maladie d\u2019Alzheimer<\/a> ne sera pas rembours\u00e9 dans l\u2019Hexagone apr\u00e8s une d\u00e9cision de <a href=\"https:\/\/www.huffingtonpost.fr\/france\/article\/le-rattrapage-du-vaccin-contre-le-papillomavirus-desormais-recommande-pour-tous-les-moins-de-26-ans_249957.html\" target=\"_blank\" rel=\"noopener\">la Haute autorit\u00e9 de sant\u00e9<\/a> (HAS), encore sceptique au sujet des effets ind\u00e9sirables du Leqembi.<\/p>\n<p class=\"asset asset-text\">\u00ab\u00a0L\u2019acc\u00e8s pr\u00e9coce \u00e0 Leqembi n\u2019a pas \u00e9t\u00e9 retenu\u00a0\u00bb, a ainsi r\u00e9sum\u00e9 Pierre Cochat, pr\u00e9sident de la commission de la transparence de la HAS, \u00e0 l\u2019occasion d\u2019un avis rendu ce mardi 9\u00a0septembre par l\u2019institution et tr\u00e8s attendu par les sp\u00e9cialistes de la maladie d\u2019Alzheimer. Cette maladie \u00e9tant<a href=\"https:\/\/www.huffingtonpost.fr\/life\/article\/alzheimer-pour-detecter-la-maladie-cette-prise-de-sang-est-plus-fiable-qu-un-docteur-selon-une-etude-suedoise_237621.html\" target=\"_blank\" rel=\"noopener\"> la plus courante des d\u00e9mences<\/a> avec des dizaines de millions de malades \u00e0 travers le monde.<\/p>\n<p class=\"asset asset-text\">En cause\u00a0? \u00ab\u00a0Des effets secondaires qui ne sont pas faibles du tout\u00a0\u00bb en comparaison de b\u00e9n\u00e9fices insignifiants, estime la HAS au sujet du m\u00e9dicament d\u00e9velopp\u00e9 par les laboratoires Biogen et Eisai. Car au m\u00eame titre que le traitement Kisunla d\u2019Eli Lilly, les essais cliniques sur ces nouveaux traitements ont montr\u00e9 un l\u00e9ger ralentissement du d\u00e9clin de patients dont la maladie commen\u00e7ait. En revanche, les b\u00e9n\u00e9fices observ\u00e9s sont jug\u00e9s si maigres qu\u2019ils ne font pas de diff\u00e9rence pour les patients. D\u2019autant que <a href=\"https:\/\/www.huffingtonpost.fr\/life\/article\/ces-effets-indesirables-et-souvent-meconnus-des-medicaments-contre-l-anxiete_248633.html\" target=\"_blank\" rel=\"noopener\">des effets graves<\/a> et parfois mortels ont \u00e9t\u00e9 clairement observ\u00e9s. Parmi eux\u00a0: des h\u00e9morragies et des \u0153d\u00e8mes c\u00e9r\u00e9braux.<\/p>\n<p class=\"asset asset-text\">Pour les plus sceptique, la faible efficacit\u00e9 de ces m\u00e9dicaments signifie que la recherche se concentre depuis trop longtemps sur une piste inad\u00e9quate. D\u2019ailleurs suivie par Leqembi comme Kisunla, qui consiste \u00e0 chercher \u00e0 limiter la formation de plaques de prot\u00e9ines dites amylo\u00efdes dans le cerveau des malades. Il reste n\u00e9anmoins l\u2019un des principaux espoirs auxquels s\u2019accrochent les associations de patients et de proches.<\/p>\n<p>                     Pas d\u2019acc\u00e8s \u00ab\u00a0pr\u00e9coce\u00a0\u00bb, mais\u2026    <\/p>\n<p class=\"asset asset-text\">La HAS, dont les avis sont consultatifs mais g\u00e9n\u00e9ralement suivis par le gouvernement, s\u2019exprime donc \u00e0 un moment o\u00f9 la controverse reste vive et o\u00f9 d\u2019autres autorit\u00e9s sanitaires se sont d\u00e9j\u00e0 prononc\u00e9es. \u00c0 ce titre, les \u00c9tats-Unis ont d\u00e9j\u00e0 approuv\u00e9 ces traitements, tout comme l\u2019Union europ\u00e9enne. Mais dans l\u2019UE, le feu vert a \u00e9t\u00e9 donn\u00e9 apr\u00e8s un premier refus. Finalement, la prise du Leqembi a \u00e9t\u00e9 autoris\u00e9e, mais uniquement pour les patients les moins \u00e0 risque d\u2019effets graves.<\/p>\n<p class=\"asset asset-text\">Mais autorisation ne veut pas dire remboursement. Le probl\u00e8me, c\u2019est que ces m\u00e9dicaments ont un co\u00fbt tr\u00e8s \u00e9lev\u00e9\u00a0: jusqu\u2019\u00e0 plusieurs dizaines de milliers de dollars par an aux \u00c9tats-Unis. Et signe que la distinction est importante, le Royaume-Uni a elle aussi d\u00e9\u00e7u les associations en autorisant ces traitements sur le principe, mais sans valider leur remboursement.<\/p>\n<p class=\"asset asset-text\">En France, c\u2019est donc sur ce dernier point que la HAS devait se prononcer et, plus sp\u00e9cifiquement, sur le bien-fond\u00e9 d\u2019un \u00ab\u00a0acc\u00e8s pr\u00e9coce\u00a0\u00bb. Celui-ci signifie que le m\u00e9dicament peut, d\u00e8s maintenant, \u00eatre rembours\u00e9 \u00e0 un prix fix\u00e9 par son fabricant. Une m\u00e9thode \u00e0 double tranchant car elle permet d\u2019\u00e9viter la proc\u00e9dure normale, mettant ainsi \u00e0 disposition un traitement innovant pour les patients, tout en permettant au laboratoire de commercialiser au plus t\u00f4t son produit. Ce qui a donc \u00e9t\u00e9 rejet\u00e9 ce mardi en France. La HAS conclut, au vu des \u00e9tudes fournies par les laboratoires, que rien ne justifie d\u2019accorder un tel traitement de faveur.<\/p>\n<p class=\"asset asset-text\">Toutefois, cette d\u00e9cision ne remet pas en cause la possibilit\u00e9 que le Leqembi soit un jour rembours\u00e9 dans le pays. Dans son avis, la Haute autorit\u00e9 de sant\u00e9 souligne d\u2019ailleurs que rien n\u2019est exclu \u00e0 ce stade, sachant qu\u2019elle devra se prononcer d\u2019ici quelques mois sur l\u2019opportunit\u00e9 d\u2019une proc\u00e9dure normale.<\/p>\n","protected":false},"excerpt":{"rendered":"KOTA KIRIYAMA \/ The Yomiuri Shimbun via AFP Le l\u00e9canemab, commercialis\u00e9 sous la marque Leqembi pour le march\u00e9&hellip;\n","protected":false},"author":2,"featured_media":377380,"comment_status":"","ping_status":"","sticky":false,"template":"","format":"standard","meta":{"footnotes":""},"categories":[10],"tags":[772,1011,27,25924,72,5656,71],"class_list":{"0":"post-377379","1":"post","2":"type-post","3":"status-publish","4":"format-standard","5":"has-post-thumbnail","7":"category-sante","8":"tag-alzheimer","9":"tag-fr","10":"tag-france","11":"tag-haute-autorite-de-sante","12":"tag-health","13":"tag-life","14":"tag-sante"},"share_on_mastodon":{"url":"https:\/\/pubeurope.com\/@fr\/115173639153268416","error":""},"_links":{"self":[{"href":"https:\/\/www.europesays.com\/fr\/wp-json\/wp\/v2\/posts\/377379","targetHints":{"allow":["GET"]}}],"collection":[{"href":"https:\/\/www.europesays.com\/fr\/wp-json\/wp\/v2\/posts"}],"about":[{"href":"https:\/\/www.europesays.com\/fr\/wp-json\/wp\/v2\/types\/post"}],"author":[{"embeddable":true,"href":"https:\/\/www.europesays.com\/fr\/wp-json\/wp\/v2\/users\/2"}],"replies":[{"embeddable":true,"href":"https:\/\/www.europesays.com\/fr\/wp-json\/wp\/v2\/comments?post=377379"}],"version-history":[{"count":0,"href":"https:\/\/www.europesays.com\/fr\/wp-json\/wp\/v2\/posts\/377379\/revisions"}],"wp:featuredmedia":[{"embeddable":true,"href":"https:\/\/www.europesays.com\/fr\/wp-json\/wp\/v2\/media\/377380"}],"wp:attachment":[{"href":"https:\/\/www.europesays.com\/fr\/wp-json\/wp\/v2\/media?parent=377379"}],"wp:term":[{"taxonomy":"category","embeddable":true,"href":"https:\/\/www.europesays.com\/fr\/wp-json\/wp\/v2\/categories?post=377379"},{"taxonomy":"post_tag","embeddable":true,"href":"https:\/\/www.europesays.com\/fr\/wp-json\/wp\/v2\/tags?post=377379"}],"curies":[{"name":"wp","href":"https:\/\/api.w.org\/{rel}","templated":true}]}}