{"id":37738,"date":"2025-04-20T02:12:10","date_gmt":"2025-04-20T02:12:10","guid":{"rendered":"https:\/\/www.europesays.com\/fr\/37738\/"},"modified":"2025-04-20T02:12:10","modified_gmt":"2025-04-20T02:12:10","slug":"loire-il-y-a-30-ans-les-candidats-a-la-presidentielle-en-campagne-a-saint-etienne","status":"publish","type":"post","link":"https:\/\/www.europesays.com\/fr\/37738\/","title":{"rendered":"Loire. Il y a 30 ans, les candidats \u00e0 la pr\u00e9sidentielle en campagne \u00e0 Saint-\u00c9tienne"},"content":{"rendered":"<p>En avril 1995, Fran\u00e7ois Mitterrand termine son second septennat, et les Fran\u00e7ais se rendent dans les bureaux de vote pour \u00e9lire un nouveau pr\u00e9sident de la R\u00e9publique. Dans les semaines qui pr\u00e9c\u00e9dent le premier tour, organis\u00e9 le 23 avril, plusieurs candidats sont en visite \u00e0 Saint-\u00c9tienne. La r\u00e9daction du Progr\u00e8s a fouill\u00e9 dans ses archives photos pour retrouver les images de la campagne \u00e9lectorale.<\/p>\n","protected":false},"excerpt":{"rendered":"En avril 1995, Fran\u00e7ois Mitterrand termine son second septennat, et les Fran\u00e7ais se rendent dans les bureaux de&hellip;\n","protected":false},"author":2,"featured_media":37739,"comment_status":"","ping_status":"","sticky":false,"template":"","format":"standard","meta":{"footnotes":""},"categories":[9653],"tags":[1111,11,2430,11986,7539,11984,1777,674,1011,27,2798,3367,12,316,25,11985,4001,10806],"class_list":{"0":"post-37738","1":"post","2":"type-post","3":"status-publish","4":"format-standard","5":"has-post-thumbnail","7":"category-saint-etienne","8":"tag-actu","9":"tag-actualites","10":"tag-auvergne-rhone-alpes","11":"tag-doc-photo","12":"tag-edition-loire-sud","13":"tag-election-presidentielle","14":"tag-eu","15":"tag-europe","16":"tag-fr","17":"tag-france","18":"tag-galerie-photo","19":"tag-loire","20":"tag-news","21":"tag-politique","22":"tag-republique-francaise","23":"tag-retro","24":"tag-saint-etienne","25":"tag-selection-de-la-redaction-42"},"share_on_mastodon":{"url":"https:\/\/pubeurope.com\/@fr\/114367872803326328","error":""},"_links":{"self":[{"href":"https:\/\/www.europesays.com\/fr\/wp-json\/wp\/v2\/posts\/37738","targetHints":{"allow":["GET"]}}],"collection":[{"href":"https:\/\/www.europesays.com\/fr\/wp-json\/wp\/v2\/posts"}],"about":[{"href":"https:\/\/www.europesays.com\/fr\/wp-json\/wp\/v2\/types\/post"}],"author":[{"embeddable":true,"href":"https:\/\/www.europesays.com\/fr\/wp-json\/wp\/v2\/users\/2"}],"replies":[{"embeddable":true,"href":"https:\/\/www.europesays.com\/fr\/wp-json\/wp\/v2\/comments?post=37738"}],"version-history":[{"count":0,"href":"https:\/\/www.europesays.com\/fr\/wp-json\/wp\/v2\/posts\/37738\/revisions"}],"wp:featuredmedia":[{"embeddable":true,"href":"https:\/\/www.europesays.com\/fr\/wp-json\/wp\/v2\/media\/37739"}],"wp:attachment":[{"href":"https:\/\/www.europesays.com\/fr\/wp-json\/wp\/v2\/media?parent=37738"}],"wp:term":[{"taxonomy":"category","embeddable":true,"href":"https:\/\/www.europesays.com\/fr\/wp-json\/wp\/v2\/categories?post=37738"},{"taxonomy":"post_tag","embeddable":true,"href":"https:\/\/www.europesays.com\/fr\/wp-json\/wp\/v2\/tags?post=37738"}],"curies":[{"name":"wp","href":"https:\/\/api.w.org\/{rel}","templated":true}]}}