{"id":377390,"date":"2025-09-09T09:35:12","date_gmt":"2025-09-09T09:35:12","guid":{"rendered":"https:\/\/www.europesays.com\/fr\/377390\/"},"modified":"2025-09-09T09:35:12","modified_gmt":"2025-09-09T09:35:12","slug":"des-tetes-de-cochon-decouvertes-devant-six-mosquees-a-paris-et-en-ile-de-france-une-enquete-ouverte","status":"publish","type":"post","link":"https:\/\/www.europesays.com\/fr\/377390\/","title":{"rendered":"Des t\u00eates de cochon d\u00e9couvertes devant six mosqu\u00e9es \u00e0 Paris et en \u00cele-de-France, une enqu\u00eate ouverte"},"content":{"rendered":"<p class=\"paragraph text_align_left lp-f-body-02\">\u00c0 l\u2019aube de ce mardi 9 septembre, la sid\u00e9ration s\u2019est invit\u00e9e aux portes de plusieurs mosqu\u00e9es de Paris et sa banlieue, o\u00f9 des t\u00eates de cochon ont \u00e9t\u00e9 d\u00e9couvertes sur le trottoir. Ces actes, qualifi\u00e9s d\u2019\u00ab abjects \u00bb par le pr\u00e9fet de police de Paris Laurent Nu\u00f1ez, <a href=\"https:\/\/www.leparisien.fr\/societe\/religions\/79-actes-antimusulmans-recenses-entre-janvier-et-mars-2025-72-de-plus-que-sur-la-meme-periode-en-2024-29-04-2025-UEAEWNR5NZHHBI7ENM2X6TDYYI.php\" target=\"_blank\" rel=\"noreferrer noopener\">visent de mani\u00e8re d\u00e9lib\u00e9r\u00e9e la communaut\u00e9 musulmane<\/a>.<\/p>\n<p class=\"paragraph text_align_left lp-f-body-02\">Le parquet de Paris confirme que des t\u00eates de cochon ont \u00e9t\u00e9 d\u00e9couvertes devant une mosqu\u00e9e rue Marey, dans le XXe arrondissement, devant une autre mosqu\u00e9e du XVe arrondissement et dans une valise d\u00e9couverte dans le XVIIIe arrondissement. \u00ab Le parquet de Nanterre s\u2019est dessaisi au profit du parquet de Paris de faits similaires commis \u00e0 Montrouge \u00bb (Hauts-de-Seine), poursuit le parquet de Paris. Selon plusieurs sources proches, des cas similaires auraient \u00e9t\u00e9 signal\u00e9s \u00e0 Montreuil (Seine-Saint-Denis) et \u00e0 Malakoff (Hauts-de-Seine).<\/p>\n<p>\u00ab Macron \u00bb inscrit sur la t\u00eate<\/p>\n<p class=\"paragraph text_align_left lp-f-body-02\">Selon des sources polici\u00e8res, la premi\u00e8re d\u00e9couverte macabre a eu lieu \u00e0 5h30 dans le <a href=\"https:\/\/www.leparisien.fr\/paris-75\/paris-75020\/\" target=\"_blank\" rel=\"noreferrer noopener\">XXe arrondissement de Paris<\/a>. Des fid\u00e8les qui se rendaient \u00e0 la pri\u00e8re matinale ont trouv\u00e9 une t\u00eate de cochon pos\u00e9e sur le sol badigeonn\u00e9 d\u2019encre bleut\u00e9e devant l\u2019entr\u00e9e de la mosqu\u00e9e Anwar El-Madina, rue \u00c9tienne-Marey. L\u2019exploitation des cam\u00e9ras de vid\u00e9osurveillance a permis d\u2019identifier un homme de type europ\u00e9en, v\u00eatu de noir et muni d\u2019un sac \u00e0 dos noir et d\u2019un gros sac blanc.<\/p>\n<p class=\"paragraph text_align_left lp-f-body-02\">Sur les images, l\u2019individu fait un premier passage devant la mosqu\u00e9e, continue son chemin puis fait demi-tour quelques m\u00e8tres plus loin pour revenir sur ses pas. C\u2019est \u00e0 ce moment-l\u00e0, \u00e0 4h39 exactement, qu\u2019il ouvre le grand sac en sa possession et d\u00e9pose la t\u00eate d\u2019un cochon.<\/p>\n<p class=\"lp-card-podcast-highlighting__title  lp-f-subtitle-05\">[2\/6] Jubillar\u00a0: de la disparition au proc\u00e8s, une affaire sans corps ni aveux<\/p>\n<p class=\"lp-card-podcast-highlighting__description lp-f-ui-05\">Crime story raconte chaque semaine les grandes affaires criminelles.<\/p>\n<p><a class=\"lp-card-podcast-highlighting__call-to-action\" data-page-type=\"HP\" data-block-name=\"podcast-highlight\">\u00c9couter<\/a><\/p>\n<p class=\"paragraph text_align_left lp-f-body-02\">Simultan\u00e9ment, \u00e0 <a href=\"https:\/\/www.leparisien.fr\/seine-saint-denis-93\/montreuil-93100\/\" target=\"_blank\" rel=\"noreferrer noopener\">Montreuil<\/a>, un acte similaire aurait \u00e9t\u00e9 perp\u00e9tr\u00e9 devant la mosqu\u00e9e Islah, situ\u00e9e rue des Sorins, nous informe une source proche du dossier. L\u00e0 encore, des fid\u00e8les d\u00e9couvraient une t\u00eate de cochon \u00e0 5h30, mais cette fois-ci portant l\u2019inscription \u00ab Macron \u00bb en lettres majuscules sur l\u2019animal. Le Parquet de Paris confirme de son c\u00f4t\u00e9 que, \u00ab sur l\u2019un des lieux le mot Macron a \u00e9t\u00e9 peint en bleu \u00bb.<\/p>\n<p class=\"paragraph text_align_left lp-f-body-02\">Du c\u00f4t\u00e9 de Malakoff, la t\u00eate du cochon aurait \u00e9t\u00e9 d\u00e9pos\u00e9e aux alentours de 5h22 selon les vid\u00e9os surveillances sur place indique Me Ben Ali, avocat de la mosqu\u00e9e. \u00ab L\u2019homme portait un masque chirurgical ainsi qu\u2019un b\u00e9ret pour ne pas \u00eatre reconnu \u00bb, d\u00e9crit-il. Pour lui, \u00e7a ne fait pas de doute, ces actes ont \u00e9t\u00e9 commis de mani\u00e8re organis\u00e9e et par plusieurs personnes distinctes. \u00ab On pensait qu\u2019il s\u2019agissait d\u2019une seule personne ce matin mais au vu de nombre de mosqu\u00e9es touch\u00e9es et de la distance \u00e7a para\u00eet impossible. D\u2019autant que l\u2019homme portait un sac qui ne pouvait contenir qu\u2019une ou deux t\u00eates de porc maximum \u00bb, estime l\u2019avocat.<\/p>\n<p class=\"paragraph text_align_left lp-f-body-02\">\u00ab Les fid\u00e8les et repr\u00e9sentants de la mosqu\u00e9e sont tr\u00e8s attrist\u00e9s et touch\u00e9s par ces actes. Et il y a forc\u00e9ment un peu de peur qui s\u2019installe \u00bb, d\u00e9plore l\u2019avocat qui indique que les repr\u00e9sentants de la mosqu\u00e9e doivent \u00eatre auditionn\u00e9s en d\u00e9but d\u2019apr\u00e8s-midi.<\/p>\n<p>\u00ab Actes abjects \u00bb<\/p>\n<p class=\"paragraph text_align_left lp-f-body-02\">\u00ab Tout est mis en \u0153uvre pour retrouver les auteurs de ces actes abjects \u00bb, a imm\u00e9diatement r\u00e9agi le pr\u00e9fet de police de Paris sur X. \u00ab Tout mon soutien aux responsables et aux fid\u00e8les des mosqu\u00e9es touch\u00e9es par ces provocations insupportables. S\u2019en prendre \u00e0 des lieux de culte est d\u2019une l\u00e2chet\u00e9 insondable \u00bb, a pour sa part d\u00e9clar\u00e9 sur la m\u00eame plateforme le ministre de l\u2019Int\u00e9rieur, Bruno Retailleau, qui a \u00e9galement fait part de son \u00ab indignation \u00bb au micro de BFM.<\/p>\n<blockquote class=\"twitter-tweet\">\n<p lang=\"fr\" dir=\"ltr\">Ce matin t\u00f4t, des t\u00eates de cochon ont \u00e9t\u00e9 d\u00e9couvertes sur la voie publique devant l&rsquo;entr\u00e9e de plusieurs mosqu\u00e9es de l&rsquo;agglom\u00e9ration. Une enqu\u00eate a imm\u00e9diatement \u00e9t\u00e9 ouverte. Tout est mis en \u0153uvre pour retrouver les auteurs de ces actes abjects. <a href=\"https:\/\/t.co\/h08ufL97pj\">pic.twitter.com\/h08ufL97pj<\/a><\/p>\n<p>\u2014 Laurent Nu\u00f1ez (@NunezLaurent) <a href=\"https:\/\/twitter.com\/NunezLaurent\/status\/1965314434248954039?ref_src=twsrc%5Etfw\" target=\"_blank\" rel=\"noopener\">September 9, 2025<\/a><\/p><\/blockquote>\n<p class=\"paragraph text_align_left lp-f-body-02\">\u00ab \u00c7a suffit ! \u00bb, s\u2019est exclam\u00e9e dans la foul\u00e9e la maire de Paris, Anne Hidalgo, par voie de presse. \u00ab Face \u00e0 ces ignobles agissements, la Ville de Paris saisit la justice. Toute ma solidarit\u00e9 avec la communaut\u00e9 musulmane \u00bb, a indiqu\u00e9 l\u2019\u00e9dile. Le maire du XVe arrondissement, Philippe Goujon, a lui aussi r\u00e9agit sur X. L\u2019\u00e9lu indique condamner \u00ab fermement \u00bb cet acte \u00ab inqualifiable \u00bb et \u00e9crit apporter son soutien \u00e0 la communaut\u00e9 musulmane. <\/p>\n<p class=\"paragraph text_align_left lp-f-body-02\">\u00ab La brigade criminelle de la pr\u00e9fecture de police de Paris a \u00e9t\u00e9 saisie d\u2019une enqu\u00eate pour provocation \u00e0 la haine aggrav\u00e9e par la discrimination en raison de l\u2019appartenance \u00e0 une race ou religion \u00bb, indique le parquet de Paris.<\/p>\n<p class=\"paragraph text_align_left lp-f-body-02\">Ces profanations s\u2019inscrivent dans un contexte pr\u00e9occupant d\u2019actes antimusulmans en France. Selon les donn\u00e9es du Collectif contre l\u2019Islamophobie en Europe (CCIE), 1 037 faits islamophobes ont \u00e9t\u00e9 document\u00e9s en 2024, soit une hausse de 25 % par rapport \u00e0 2023. Le minist\u00e8re de l\u2019Int\u00e9rieur, qui a comptabilis\u00e9 173 actes en 2024, reconna\u00eet toutefois que ces chiffres sont probablement sous-estim\u00e9s, de nombreuses victimes ne portant pas plainte.<\/p>\n<p class=\"paragraph text_align_left lp-f-body-02\">Des incidents similaires ont d\u00e9j\u00e0 \u00e9t\u00e9 signal\u00e9s par le pass\u00e9. Le 10 mars 2024, \u00e0 la veille du ramadan, une t\u00eate de porc a \u00e9t\u00e9 d\u00e9couverte devant la <a href=\"https:\/\/www.leparisien.fr\/faits-divers\/saint-omer-une-tete-de-porc-decouverte-devant-une-mosquee-au-debut-du-ramadan-11-03-2024-XHSRQZR6L5AGLBSAABKPB22DMU.php\" target=\"_blank\" rel=\"noreferrer noopener\">mosqu\u00e9e turque de Saint-Omer<\/a>, dans le Pas-de-Calais. En mars 2019, c\u2019est sur le chantier de la future <a href=\"https:\/\/www.leparisien.fr\/faits-divers\/a-bergerac-une-tete-de-cochon-retrouvee-sur-le-chantier-de-la-mosquee-25-03-2019-8039475.php\" target=\"_blank\" rel=\"noreferrer noopener\">mosqu\u00e9e de Bergerac<\/a> que des murs avaient \u00e9t\u00e9 badigeonn\u00e9s de sang animal et une t\u00eate de porc d\u00e9pos\u00e9e sur la porte d\u2019entr\u00e9e.<\/p>\n<p><script async src=\"https:\/\/platform.twitter.com\/widgets.js\" charset=\"utf-8\"><\/script><\/p>\n","protected":false},"excerpt":{"rendered":"\u00c0 l\u2019aube de ce mardi 9 septembre, la sid\u00e9ration s\u2019est invit\u00e9e aux portes de plusieurs mosqu\u00e9es de Paris&hellip;\n","protected":false},"author":2,"featured_media":377391,"comment_status":"","ping_status":"","sticky":false,"template":"","format":"standard","meta":{"footnotes":""},"categories":[4],"tags":[11,118,1011,27,12,25,2955],"class_list":{"0":"post-377390","1":"post","2":"type-post","3":"status-publish","4":"format-standard","5":"has-post-thumbnail","7":"category-france","8":"tag-actualites","9":"tag-faits-divers","10":"tag-fr","11":"tag-france","12":"tag-news","13":"tag-republique-francaise","14":"tag-videos"},"share_on_mastodon":{"url":"https:\/\/pubeurope.com\/@fr\/115173662695967995","error":""},"_links":{"self":[{"href":"https:\/\/www.europesays.com\/fr\/wp-json\/wp\/v2\/posts\/377390","targetHints":{"allow":["GET"]}}],"collection":[{"href":"https:\/\/www.europesays.com\/fr\/wp-json\/wp\/v2\/posts"}],"about":[{"href":"https:\/\/www.europesays.com\/fr\/wp-json\/wp\/v2\/types\/post"}],"author":[{"embeddable":true,"href":"https:\/\/www.europesays.com\/fr\/wp-json\/wp\/v2\/users\/2"}],"replies":[{"embeddable":true,"href":"https:\/\/www.europesays.com\/fr\/wp-json\/wp\/v2\/comments?post=377390"}],"version-history":[{"count":0,"href":"https:\/\/www.europesays.com\/fr\/wp-json\/wp\/v2\/posts\/377390\/revisions"}],"wp:featuredmedia":[{"embeddable":true,"href":"https:\/\/www.europesays.com\/fr\/wp-json\/wp\/v2\/media\/377391"}],"wp:attachment":[{"href":"https:\/\/www.europesays.com\/fr\/wp-json\/wp\/v2\/media?parent=377390"}],"wp:term":[{"taxonomy":"category","embeddable":true,"href":"https:\/\/www.europesays.com\/fr\/wp-json\/wp\/v2\/categories?post=377390"},{"taxonomy":"post_tag","embeddable":true,"href":"https:\/\/www.europesays.com\/fr\/wp-json\/wp\/v2\/tags?post=377390"}],"curies":[{"name":"wp","href":"https:\/\/api.w.org\/{rel}","templated":true}]}}