{"id":377398,"date":"2025-09-09T09:39:50","date_gmt":"2025-09-09T09:39:50","guid":{"rendered":"https:\/\/www.europesays.com\/fr\/377398\/"},"modified":"2025-09-09T09:39:50","modified_gmt":"2025-09-09T09:39:50","slug":"nancy-convention-du-tatouage-ink-tatoo-2025-details","status":"publish","type":"post","link":"https:\/\/www.europesays.com\/fr\/377398\/","title":{"rendered":"Nancy > Convention du tatouage > INK TATOO > 2025 : D\u00e9tails"},"content":{"rendered":"<p class=\"has-text-align-left has-large-font-size\">Nancy Ink Tatoo 20 et 21 Septembre \u00e0 la salle de l\u2019Octroi Nancy<\/p>\n<p><img loading=\"lazy\" decoding=\"async\" width=\"724\" height=\"963\" src=\"https:\/\/www.europesays.com\/fr\/wp-content\/uploads\/2025\/09\/8c07848d-c887-4ccc-88a3-cb6126d289c0.jpeg\" alt=\"\" class=\"wp-image-1512341\" style=\"width:572px;height:auto\"\/><\/p>\n<p class=\"has-text-align-center\">Nancy &gt; Convention du tatouage &gt; INK TATOO &gt; 2025<\/p>\n<p class=\"has-medium-font-size\">Les passionn\u00e9s de tatouage, pr\u00e9parez-vous ! La deuxi\u00e8me \u00e9dition de Nancy Ink Tattoo se tiendra les 20 et 21 septembre \u00e0 la salle de l\u2019Octroi, boulevard d\u2019Austrasie \u00e0 Nancy. Organis\u00e9 par les talentueux tatoueurs Laurent et Alex, cet \u00e9v\u00e9nement promet d\u2019\u00eatre une c\u00e9l\u00e9bration inoubliable de l\u2019art du tatouage.<\/p>\n<p><img loading=\"lazy\" decoding=\"async\" width=\"684\" height=\"1024\" src=\"https:\/\/www.europesays.com\/fr\/wp-content\/uploads\/2025\/09\/DSC_0002-2-684x1024.jpg\" alt=\"\" class=\"wp-image-1512351\" style=\"width:607px;height:auto\"\/><\/p>\n<p class=\"has-text-align-center has-large-font-size\">Alex et Laurent<\/p>\n<p class=\"has-text-align-center has-large-font-size\">Un Rendez-vous pour les Amateurs de Tatouages<\/p>\n<p><img loading=\"lazy\" decoding=\"async\" width=\"1024\" height=\"684\" src=\"https:\/\/www.europesays.com\/fr\/wp-content\/uploads\/2025\/09\/DSC_0011-1.jpg\" alt=\"\" class=\"wp-image-1512346\" style=\"width:1265px;height:auto\"\/><\/p>\n<p class=\"has-text-align-center\">Nancy &gt; Convention du tatouage &gt; INK TATOO &gt; 2025<\/p>\n<p class=\"has-medium-font-size\">Avec plus de 80 stands de tatoueurs, vous aurez l\u2019opportunit\u00e9 de vous faire tatouer sur place. Que vous souhaitiez immortaliser un visage, un animal, un personnage de manga ou toute autre inspiration, nos professionnels seront \u00e0 votre \u00e9coute pour vous aider \u00e0 concr\u00e9tiser vos id\u00e9es. Chaque tatoueur apporte son style unique, garantissant que vous trouverez l\u2019artiste qui saura donner vie \u00e0 votre vision.<\/p>\n<p class=\"has-text-align-center has-large-font-size\">Concours de Tatouage et Spectacles<\/p>\n<p><img loading=\"lazy\" decoding=\"async\" width=\"1024\" height=\"684\" src=\"https:\/\/www.europesays.com\/fr\/wp-content\/uploads\/2025\/09\/DSC_0229.jpg\" alt=\"\" class=\"wp-image-1512347\" style=\"width:1265px;height:auto\"\/><\/p>\n<p class=\"has-text-align-center\">Nancy &gt; Convention du tatouage &gt; INK TATOO &gt; 2025<\/p>\n<p class=\"has-medium-font-size\">L\u2019un des moments forts de l\u2019\u00e9v\u00e9nement sera le concours de tatouage, o\u00f9 les meilleurs artistes s\u2019affronteront pour remporter des prix prestigieux. En parall\u00e8le, des spectacles vari\u00e9s seront propos\u00e9s tout au long de la journ\u00e9e pour divertir les visiteurs. Et pour couronner le tout, un concert viendra animer vos soir\u00e9es, ajoutant une ambiance festive \u00e0 cet \u00e9v\u00e9nement d\u00e9j\u00e0 riche en \u00e9motions.<\/p>\n<p class=\"has-text-align-center has-large-font-size\">Un Coin D\u00e9tente pour Tous<\/p>\n<p><img loading=\"lazy\" decoding=\"async\" width=\"1024\" height=\"684\" src=\"https:\/\/www.europesays.com\/fr\/wp-content\/uploads\/2025\/09\/DSC_0036.jpg\" alt=\"\" class=\"wp-image-1512348\" style=\"width:1265px;height:auto\"\/><\/p>\n<p class=\"has-text-align-center\">Nancy &gt; Convention du tatouage &gt; INK TATOO &gt; 2025<\/p>\n<p class=\"has-medium-font-size\">Pour profiter pleinement de votre journ\u00e9e, un coin d\u00e9tente sera am\u00e9nag\u00e9 avec des fast-foods et des tables. Que vous veniez entre amis ou en famille, vous pourrez d\u00e9guster de bons repas tout en partageant des moments conviviaux autour d\u2019une boisson.<\/p>\n<p class=\"has-medium-font-size\">Ne manquez pas cette occasion unique de vivre votre passion pour le tatouage dans un cadre accueillant et festif. Rendez-vous les 20 et 21 septembre \u00e0 Nancy pour une exp\u00e9rience qui marquera les esprits et les peaux !<\/p>\n<p class=\"has-large-font-size\"><a href=\"https:\/\/www.info-lux.com\/nancy-convention-du-tatouage-ink-tatoo-2025\/photorep\/alainclick57@gmail.com\" target=\"_blank\" rel=\"noopener\">Information  :<\/a><\/p>\n<p class=\"has-medium-font-size\">Adresse mail\u00a0: <a href=\"https:\/\/www.info-lux.com\/nancy-convention-du-tatouage-ink-tatoo-2025\/photorep\/mailto:nancytattoo.conv@gmail.com\" target=\"_blank\" rel=\"noopener\">nancytattoo.conv@gmail.com<\/a><\/p>\n<p class=\"has-medium-font-size\">Ste Facebook\u00a0: <a href=\"https:\/\/www.nancyinktattoo.fr\/\" target=\"_blank\" rel=\"noopener\">https:\/\/www.nancyinktattoo.fr\/<\/a><\/p>\n<p class=\"has-large-font-size\">L\u2019OCTROI\u00a0:<\/p>\n<p><img loading=\"lazy\" decoding=\"async\" width=\"599\" height=\"292\" src=\"https:\/\/www.europesays.com\/fr\/wp-content\/uploads\/2025\/09\/1757410766_487_image.png\" alt=\"\" class=\"wp-image-1512353\"\/><\/p>\n<p class=\"has-medium-font-size\">Adresse\u00a0: 47 Bd d\u2019Austrasie, 54000 Nancy<\/p>\n<p class=\"has-medium-font-size\">Photos du reportage 2024 sur Info-lux.com<\/p>\n<p class=\"has-medium-font-size\"><a href=\"https:\/\/www.info-lux.com\/nancy-convention-de-tatouage-photos\/2024\/\" target=\"_blank\" rel=\"noopener\">Nancy &gt; convention de tatouage &gt; Photos \u2013 info-lux.com<\/a><\/p>\n<p class=\"has-medium-font-size\">Reporter Photographe : Alain Click<\/p>\n<p class=\"has-medium-font-size\">Adresse mail : alainclick57@gmail.com<\/p>\n<p class=\"has-large-font-size\">Nancy &gt; Convention du tatouage &gt; INK TATOO &gt; 2025<\/p>\n<p><a href=\"https:\/\/www.europesays.com\/fr\/wp-content\/uploads\/2025\/09\/DSC_9959-1.jpg\"><img loading=\"lazy\" decoding=\"async\" width=\"1024\" height=\"684\" data-id=\"1512388\" src=\"https:\/\/www.europesays.com\/fr\/wp-content\/uploads\/2025\/09\/DSC_9959-1.jpg\" alt=\"\" class=\"wp-image-1512388\"\/><\/a><\/p>\n<p><a href=\"https:\/\/www.info-lux.com\/wp-content\/uploads\/2025\/09\/DSC_9951-2-scaled.jpg\" target=\"_blank\" rel=\"noopener\"><img loading=\"lazy\" decoding=\"async\" width=\"1024\" height=\"684\" data-id=\"1512387\" src=\"https:\/\/www.europesays.com\/fr\/wp-content\/uploads\/2025\/09\/DSC_9951-2-1024x684.jpg\" alt=\"\" class=\"wp-image-1512387\"\/><\/a><\/p>\n<p><a href=\"https:\/\/www.europesays.com\/fr\/wp-content\/uploads\/2025\/09\/DSC_0229-2.jpg\"><img loading=\"lazy\" decoding=\"async\" width=\"1024\" height=\"684\" data-id=\"1512386\" src=\"https:\/\/www.europesays.com\/fr\/wp-content\/uploads\/2025\/09\/DSC_0229-2.jpg\" alt=\"\" class=\"wp-image-1512386\"\/><\/a><\/p>\n<p><a href=\"https:\/\/www.europesays.com\/fr\/wp-content\/uploads\/2025\/09\/DSC_0174-1.jpg\"><img loading=\"lazy\" decoding=\"async\" width=\"1024\" height=\"684\" data-id=\"1512385\" src=\"https:\/\/www.europesays.com\/fr\/wp-content\/uploads\/2025\/09\/DSC_0174-1.jpg\" alt=\"\" class=\"wp-image-1512385\"\/><\/a><\/p>\n<p><a href=\"https:\/\/www.info-lux.com\/wp-content\/uploads\/2025\/09\/DSC_0111-1.jpg\" target=\"_blank\" rel=\"noopener\"><img loading=\"lazy\" decoding=\"async\" width=\"684\" height=\"1024\" data-id=\"1512384\" src=\"https:\/\/www.europesays.com\/fr\/wp-content\/uploads\/2025\/09\/DSC_0111-1-684x1024.jpg\" alt=\"\" class=\"wp-image-1512384\"\/><\/a><\/p>\n<p><a href=\"https:\/\/www.europesays.com\/fr\/wp-content\/uploads\/2025\/09\/DSC_0084-1.jpg\"><img loading=\"lazy\" decoding=\"async\" width=\"1024\" height=\"684\" data-id=\"1512383\" src=\"https:\/\/www.europesays.com\/fr\/wp-content\/uploads\/2025\/09\/DSC_0084-1.jpg\" alt=\"\" class=\"wp-image-1512383\"\/><\/a><\/p>\n<p><a href=\"https:\/\/www.europesays.com\/fr\/wp-content\/uploads\/2025\/09\/DSC_0071-1.jpg\"><img loading=\"lazy\" decoding=\"async\" width=\"1024\" height=\"684\" data-id=\"1512382\" src=\"https:\/\/www.europesays.com\/fr\/wp-content\/uploads\/2025\/09\/DSC_0071-1.jpg\" alt=\"\" class=\"wp-image-1512382\"\/><\/a><\/p>\n<p><a href=\"https:\/\/www.europesays.com\/fr\/wp-content\/uploads\/2025\/09\/DSC_0036-2.jpg\"><img loading=\"lazy\" decoding=\"async\" width=\"1024\" height=\"684\" data-id=\"1512381\" src=\"https:\/\/www.europesays.com\/fr\/wp-content\/uploads\/2025\/09\/DSC_0036-2.jpg\" alt=\"\" class=\"wp-image-1512381\"\/><\/a><\/p>\n<p><a href=\"https:\/\/www.europesays.com\/fr\/wp-content\/uploads\/2025\/09\/DSC_0021-1.jpg\"><img loading=\"lazy\" decoding=\"async\" width=\"1024\" height=\"684\" data-id=\"1512380\" src=\"https:\/\/www.europesays.com\/fr\/wp-content\/uploads\/2025\/09\/DSC_0021-1.jpg\" alt=\"\" class=\"wp-image-1512380\"\/><\/a><\/p>\n<p><a href=\"https:\/\/www.info-lux.com\/wp-content\/uploads\/2025\/09\/DSC_011-4-1.jpg\" target=\"_blank\" rel=\"noopener\"><img loading=\"lazy\" decoding=\"async\" width=\"684\" height=\"1024\" data-id=\"1512379\" src=\"https:\/\/www.europesays.com\/fr\/wp-content\/uploads\/2025\/09\/DSC_011-4-1-684x1024.jpg\" alt=\"\" class=\"wp-image-1512379\"\/><\/a><\/p>\n<p><a href=\"https:\/\/www.europesays.com\/fr\/wp-content\/uploads\/2025\/09\/DSC_0011-1-2.jpg\"><img loading=\"lazy\" decoding=\"async\" width=\"1024\" height=\"684\" data-id=\"1512378\" src=\"https:\/\/www.europesays.com\/fr\/wp-content\/uploads\/2025\/09\/DSC_0011-1-2.jpg\" alt=\"\" class=\"wp-image-1512378\"\/><\/a><\/p>\n<p><a href=\"https:\/\/www.europesays.com\/fr\/wp-content\/uploads\/2025\/09\/DSC_0010-1.jpg\"><img loading=\"lazy\" decoding=\"async\" width=\"1024\" height=\"684\" data-id=\"1512377\" src=\"https:\/\/www.europesays.com\/fr\/wp-content\/uploads\/2025\/09\/DSC_0010-1.jpg\" alt=\"\" class=\"wp-image-1512377\"\/><\/a><\/p>\n<p><a href=\"https:\/\/www.europesays.com\/fr\/wp-content\/uploads\/2025\/09\/DSC_009-9-1.jpg\"><img loading=\"lazy\" decoding=\"async\" width=\"1024\" height=\"684\" data-id=\"1512376\" src=\"https:\/\/www.europesays.com\/fr\/wp-content\/uploads\/2025\/09\/DSC_009-9-1.jpg\" alt=\"\" class=\"wp-image-1512376\"\/><\/a><\/p>\n<p><a href=\"https:\/\/www.info-lux.com\/wp-content\/uploads\/2025\/09\/DSC_0007-3-1.jpg\" target=\"_blank\" rel=\"noopener\"><img loading=\"lazy\" decoding=\"async\" width=\"684\" height=\"1024\" data-id=\"1512375\" src=\"https:\/\/www.europesays.com\/fr\/wp-content\/uploads\/2025\/09\/DSC_0007-3-1-684x1024.jpg\" alt=\"\" class=\"wp-image-1512375\"\/><\/a><\/p>\n<p><a href=\"https:\/\/www.europesays.com\/fr\/wp-content\/uploads\/2025\/09\/DSC_0007-2-1.jpg\"><img loading=\"lazy\" decoding=\"async\" width=\"1024\" height=\"684\" data-id=\"1512374\" src=\"https:\/\/www.europesays.com\/fr\/wp-content\/uploads\/2025\/09\/DSC_0007-2-1.jpg\" alt=\"\" class=\"wp-image-1512374\"\/><\/a><\/p>\n<p><a href=\"https:\/\/www.info-lux.com\/wp-content\/uploads\/2025\/09\/DSC_0004-1.jpg\" target=\"_blank\" rel=\"noopener\"><img loading=\"lazy\" decoding=\"async\" width=\"684\" height=\"1024\" data-id=\"1512373\" src=\"https:\/\/www.europesays.com\/fr\/wp-content\/uploads\/2025\/09\/DSC_0004-1-684x1024.jpg\" alt=\"\" class=\"wp-image-1512373\"\/><\/a><\/p>\n<p><a href=\"https:\/\/www.info-lux.com\/wp-content\/uploads\/2025\/09\/DSC_0002-4.jpg\" target=\"_blank\" rel=\"noopener\"><img loading=\"lazy\" decoding=\"async\" width=\"684\" height=\"1024\" data-id=\"1512372\" src=\"https:\/\/www.europesays.com\/fr\/wp-content\/uploads\/2025\/09\/DSC_0002-4-684x1024.jpg\" alt=\"\" class=\"wp-image-1512372\"\/><\/a><\/p>\n<p><a href=\"https:\/\/www.info-lux.com\/wp-content\/uploads\/2025\/09\/DSC_9951-1-scaled.jpg\" target=\"_blank\" rel=\"noopener\"><img loading=\"lazy\" decoding=\"async\" width=\"1024\" height=\"684\" data-id=\"1512370\" src=\"https:\/\/www.europesays.com\/fr\/wp-content\/uploads\/2025\/09\/DSC_9951-1-1024x684.jpg\" alt=\"\" class=\"wp-image-1512370\"\/><\/a><\/p>\n<p class=\"has-medium-font-size\"><a href=\"https:\/\/www.nancyinktattoo.fr\/\" target=\"_blank\" rel=\"noopener\">Information<\/a> <a href=\"https:\/\/www.info-lux.com\/nancy-convention-du-tatouage-ink-tatoo-2025\/photorep\/nancytattoo.conv@gmail.com\" target=\"_blank\" rel=\"noopener\">pratique : <\/a><\/p>\n<ul class=\"wp-block-latest-posts__list is-grid columns-3 has-dates has-author wp-block-latest-posts\">\n<li><img loading=\"lazy\" decoding=\"async\" width=\"1024\" height=\"684\" src=\"https:\/\/www.europesays.com\/fr\/wp-content\/uploads\/2025\/09\/DSC_9951-1024x684.jpg\" class=\"attachment-large size-large wp-post-image\" alt=\"\" style=\"\"\/><a class=\"wp-block-latest-posts__post-title\" href=\"https:\/\/www.info-lux.com\/nancy-convention-du-tatouage-ink-tatoo-2025\/photorep\/\" target=\"_blank\" rel=\"noopener\">Nancy &gt; Convention du tatouage &gt; INK TATOO &gt; 2025<\/a>\n<p>par Alain<\/p>\n<p>septembre 9, 2025Nancy Ink Tatoo 20 et 21 Septembre \u00e0 la salle de l\u2019Octroi Nancy Nancy &gt; Convention du tatouage &gt; INK TATOO &gt; 2025 Les passionn\u00e9s de tatouage, pr\u00e9parez-vous ! La deuxi\u00e8me \u00e9dition de Nancy Ink Tattoo se tiendra les 20 et 21 septembre \u00e0 la salle de l\u2019Octroi, boulevard d\u2019Austrasie \u00e0 Nancy. Organis\u00e9 par les\u2026 <a class=\"wp-block-latest-posts__read-more\" href=\"https:\/\/www.info-lux.com\/nancy-convention-du-tatouage-ink-tatoo-2025\/photorep\/\" rel=\"noopener noreferrer\" target=\"_blank\">Lire la suite\u00a0: Nancy &gt; Convention du tatouage &gt; INK TATOO &gt; 2025<\/a><\/li>\n<li><img loading=\"lazy\" decoding=\"async\" width=\"1024\" height=\"579\" src=\"https:\/\/www.europesays.com\/fr\/wp-content\/uploads\/2025\/09\/Metz-Plateau-de-Frescaty-Gordon-Bennett-Reportage-2025-4-10-1024x579.jpg\" class=\"attachment-large size-large wp-post-image\" alt=\"\" style=\"\"\/><a class=\"wp-block-latest-posts__post-title\" href=\"https:\/\/www.info-lux.com\/metz-plateau-de-frescaty-gordon-bennett-reportage-2025\/photorep\/\" target=\"_blank\" rel=\"noopener\">Metz &gt; Plateau de Frescaty &gt; Gordon Bennett &gt; Reportage &gt; 2025<\/a>\n<p>par Alain<\/p>\n<p>septembre 9, 2025Le souffle des g\u00e9ants dans le ciel de Metz Metz &gt; Plateau de Frescaty &gt; Gordon Bennett &gt; Reportage &gt; 2025 C\u2019est une tradition qui fait vibrer l\u2019Europe et au-del\u00e0 : la course la plus prestigieuse et spectaculaire de ballons \u00e0 gaz au monde, la Gordon Bennett. Depuis 1906, cette comp\u00e9tition l\u00e9gendaire rassemble chaque ann\u00e9e\u2026 <a class=\"wp-block-latest-posts__read-more\" href=\"https:\/\/www.info-lux.com\/metz-plateau-de-frescaty-gordon-bennett-reportage-2025\/photorep\/\" rel=\"noopener noreferrer\" target=\"_blank\">Lire la suite\u00a0: Metz &gt; Plateau de Frescaty &gt; Gordon Bennett &gt; Reportage &gt; 2025<\/a><\/li>\n<li><img loading=\"lazy\" decoding=\"async\" width=\"1024\" height=\"683\" src=\"https:\/\/www.europesays.com\/fr\/wp-content\/uploads\/2025\/09\/Namur-Alexandre-Bister-expo-photos-003.jpg\" class=\"attachment-large size-large wp-post-image\" alt=\"\" style=\"\"\/><a class=\"wp-block-latest-posts__post-title\" href=\"https:\/\/www.info-lux.com\/namur-alexandre-bister-expo-photos\/actualites\/\" target=\"_blank\" rel=\"noopener\">Namur &gt; Alexandre Bister &gt; Expo photos<\/a>\n<p>par Ben Georges<\/p>\n<p>septembre 8, 2025<\/p>\n<p>S\u00e9quelles du R\u00e9el : une plong\u00e9e artistique dans les m\u00e9moires de Namur au Mus\u00e9e des Arts d\u00e9coratifs, une expo photos d\u2019Alexandre Bister<\/p>\n<\/li>\n<li><img loading=\"lazy\" decoding=\"async\" width=\"1024\" height=\"768\" src=\"https:\/\/www.europesays.com\/fr\/wp-content\/uploads\/2025\/09\/IMG_0277-1.jpg\" class=\"attachment-large size-large wp-post-image\" alt=\"\" style=\"\"\/><a class=\"wp-block-latest-posts__post-title\" href=\"https:\/\/www.info-lux.com\/uccle-uckelair-festival-2025\/pays\/belgique\/wallonie\/bruxelles\/\" target=\"_blank\" rel=\"noopener\">UCCLE &gt; UCKEL\u2019AIR FESTIVAL 2025<\/a>\n<p>par info Lux<\/p>\n<p>septembre 7, 2025Uckel\u2019Air Festival 2025 : quand Uccle devient le terrain de jeu des musiques urbaines Le parc de Wolvendael, \u00e0 Uccle, s\u2019est transform\u00e9 le temps d\u2019un week-end en une v\u00e9ritable sc\u00e8ne \u00e0 ciel ouvert pour accueillir l\u2019\u00e9dition 2025 du\u00a0Uckel\u2019Air Festival. Gratuit et ouvert \u00e0 tous, l\u2019\u00e9v\u00e9nement a r\u00e9uni pr\u00e8s de\u00a05 000 personnes, confirmant son statut d\u2019incontournable\u2026 <a class=\"wp-block-latest-posts__read-more\" href=\"https:\/\/www.info-lux.com\/uccle-uckelair-festival-2025\/pays\/belgique\/wallonie\/bruxelles\/\" rel=\"noopener noreferrer\" target=\"_blank\">Lire la suite\u00a0: UCCLE &gt; UCKEL\u2019AIR FESTIVAL 2025<\/a><\/li>\n<li><img loading=\"lazy\" decoding=\"async\" width=\"1024\" height=\"582\" src=\"https:\/\/www.europesays.com\/fr\/wp-content\/uploads\/2025\/09\/Rossignom-2cv008-1024x582.jpg\" class=\"attachment-large size-large wp-post-image\" alt=\"Rossignol &gt; Reportage &gt; 2CV &gt; Photos\" style=\"\"\/><a class=\"wp-block-latest-posts__post-title\" href=\"https:\/\/www.info-lux.com\/rossignol-reportage-2cv-photos\/photorep\/photos\/\" target=\"_blank\" rel=\"noopener\">Rossignol &gt; Reportage &gt; 2CV &gt; Photos<\/a>\n<p>par Super User<\/p>\n<p>septembre 7, 2025Reportage : La 2CV a fait vibrer Rossignol le temps d\u2019un week-end \ud83d\udcf8 Photos : Jean-Fran\u00e7ois Mergaux Un village au rythme des \u201cdeuchistes\u201d Du 5 au 7 septembre 2025, la petite localit\u00e9 de Rossignol (Luxembourg belge) s\u2019est transform\u00e9e en v\u00e9ritable capitale de la 2CV Citro\u00ebn.Durant trois jours, passionn\u00e9s, collectionneurs et simples curieux se sont retrouv\u00e9s\u2026 <a class=\"wp-block-latest-posts__read-more\" href=\"https:\/\/www.info-lux.com\/rossignol-reportage-2cv-photos\/photorep\/photos\/\" rel=\"noopener noreferrer\" target=\"_blank\">Lire la suite\u00a0: Rossignol &gt; Reportage &gt; 2CV &gt; Photos<\/a><\/li>\n<li><img loading=\"lazy\" decoding=\"async\" width=\"1024\" height=\"682\" src=\"https:\/\/www.europesays.com\/fr\/wp-content\/uploads\/2025\/09\/Goudi-25-of-28-1024x682.jpg\" class=\"attachment-large size-large wp-post-image\" alt=\"\" style=\"\"\/><a class=\"wp-block-latest-posts__post-title\" href=\"https:\/\/www.info-lux.com\/bruxelles-archiduc-goudi\/photorep\/photos\/\" target=\"_blank\" rel=\"noopener\">Bruxelles &gt; Archiduc &gt; GOUDI<\/a>\n<p>par Super User<\/p>\n<p>septembre 7, 2025Reportage : GOUDI a pr\u00e9sent\u00e9 son nouvel album Parfum de Vie \u00e0 L\u2019Archiduc de Bruxelles Une soir\u00e9e intimiste avec la participation de l\u2019actrice Lubna Azabal \ud83d\udcf8 Photos : Michel van Rhijn Photography Un lancement d\u2019album marquant \u00e0 Bruxelles Le jeudi 4 septembre 2025, le mythique bar L\u2019Archiduc a accueilli une soir\u00e9e m\u00e9morable : le showcase\u2026 <a class=\"wp-block-latest-posts__read-more\" href=\"https:\/\/www.info-lux.com\/bruxelles-archiduc-goudi\/photorep\/photos\/\" rel=\"noopener noreferrer\" target=\"_blank\">Lire la suite\u00a0: Bruxelles &gt; Archiduc &gt; GOUDI<\/a><\/li>\n<li><img loading=\"lazy\" decoding=\"async\" width=\"1024\" height=\"682\" src=\"https:\/\/www.europesays.com\/fr\/wp-content\/uploads\/2025\/09\/2LX_6202.jpg\" class=\"attachment-large size-large wp-post-image\" alt=\"\" style=\"\"\/><a class=\"wp-block-latest-posts__post-title\" href=\"https:\/\/www.info-lux.com\/saint-dizier-festival-musicalete-2025\/themes\/cultures\/concerts\/concerts-festival\/\" target=\"_blank\" rel=\"noopener\">SAINT-DIZIER &gt; FESTIVAL &gt; MUSICAL\u2019\u00c9T\u00c9 2025<\/a>\n<p>par 2LAXPHOTOGRAPHIE<\/p>\n<p>septembre 6, 2025SAINT DIZIER &gt; PHOTOS &gt;MUSICAL ETE 2025 Musical\u2019\u00e9t\u00e9 2025 : Saint-Dizier c\u00e9l\u00e8bre la musique sous toutes ses formes Du 4 au 6 juillet 2025, le parc du Jard s\u2019est transform\u00e9 en v\u00e9ritable temple de la musique pour accueillir la 26\u1d49 \u00e9dition du festival Musical\u2019\u00e9t\u00e9. Gratuit et en plein air, cet \u00e9v\u00e9nement embl\u00e9matique de Saint-Dizier a\u2026 <a class=\"wp-block-latest-posts__read-more\" href=\"https:\/\/www.info-lux.com\/saint-dizier-festival-musicalete-2025\/themes\/cultures\/concerts\/concerts-festival\/\" rel=\"noopener noreferrer\" target=\"_blank\">Lire la suite\u00a0: SAINT-DIZIER &gt; FESTIVAL &gt; MUSICAL\u2019\u00c9T\u00c9 2025<\/a><\/li>\n<li><img loading=\"lazy\" decoding=\"async\" width=\"1024\" height=\"683\" src=\"https:\/\/www.europesays.com\/fr\/wp-content\/uploads\/2025\/09\/Bandeau-1024x683.jpg\" class=\"attachment-large size-large wp-post-image\" alt=\"\" style=\"\"\/><a class=\"wp-block-latest-posts__post-title\" href=\"https:\/\/www.info-lux.com\/sante-medecine-cas-pratique-thyroidectomie-et-levothyroxine\/actualites\/rubriques\/sante\/\" target=\"_blank\" rel=\"noopener\">SANT\u00c9 &gt; M\u00c9DECINE &gt; CAS PRATIQUE : THYRO\u00cfDECTOMIE ET LEVOTHYROXINE<\/a>\n<p>par erickleinfr<\/p>\n<p>septembre 6, 2025Quand la m\u00e9decine des chiffres oublie la physiologie humaine Alors que la m\u00e9decine conventionnelle s\u2019appuie souvent sur des param\u00e8tres biologiques standardis\u00e9s pour guider les traitements, la m\u00e9decine fonctionnelle propose une approche compl\u00e9mentaire qui s\u2019int\u00e9resse aux m\u00e9canismes physiologiques individuels. Cette d\u00e9marche avait d\u00e9j\u00e0 \u00e9t\u00e9 illustr\u00e9e de mani\u00e8re \u00e9clairante dans le cas de Xavier, ce jeune m\u00e9decin\u2026 <a class=\"wp-block-latest-posts__read-more\" href=\"https:\/\/www.info-lux.com\/sante-medecine-cas-pratique-thyroidectomie-et-levothyroxine\/actualites\/rubriques\/sante\/\" rel=\"noopener noreferrer\" target=\"_blank\">Lire la suite\u00a0: SANT\u00c9 &gt; M\u00c9DECINE &gt; CAS PRATIQUE : THYRO\u00cfDECTOMIE ET LEVOTHYROXINE<\/a><\/li>\n<\/ul>\n","protected":false},"excerpt":{"rendered":"Nancy Ink Tatoo 20 et 21 Septembre \u00e0 la salle de l\u2019Octroi Nancy Nancy &gt; Convention du tatouage&hellip;\n","protected":false},"author":2,"featured_media":377399,"comment_status":"","ping_status":"","sticky":false,"template":"","format":"standard","meta":{"footnotes":""},"categories":[9635],"tags":[1111,11,2593,2937,903,1777,674,1011,27,775,6417,1702,12,20528,2189,2687,25,1969],"class_list":{"0":"post-377398","1":"post","2":"type-post","3":"status-publish","4":"format-standard","5":"has-post-thumbnail","7":"category-nancy","8":"tag-actu","9":"tag-actualites","10":"tag-artiste","11":"tag-artistes","12":"tag-concours","13":"tag-eu","14":"tag-europe","15":"tag-fr","16":"tag-france","17":"tag-grand-est","18":"tag-information","19":"tag-nancy","20":"tag-news","21":"tag-photographe","22":"tag-photos","23":"tag-reportage","24":"tag-republique-francaise","25":"tag-style"},"share_on_mastodon":{"url":"https:\/\/pubeurope.com\/@fr\/115173683217742908","error":""},"_links":{"self":[{"href":"https:\/\/www.europesays.com\/fr\/wp-json\/wp\/v2\/posts\/377398","targetHints":{"allow":["GET"]}}],"collection":[{"href":"https:\/\/www.europesays.com\/fr\/wp-json\/wp\/v2\/posts"}],"about":[{"href":"https:\/\/www.europesays.com\/fr\/wp-json\/wp\/v2\/types\/post"}],"author":[{"embeddable":true,"href":"https:\/\/www.europesays.com\/fr\/wp-json\/wp\/v2\/users\/2"}],"replies":[{"embeddable":true,"href":"https:\/\/www.europesays.com\/fr\/wp-json\/wp\/v2\/comments?post=377398"}],"version-history":[{"count":0,"href":"https:\/\/www.europesays.com\/fr\/wp-json\/wp\/v2\/posts\/377398\/revisions"}],"wp:featuredmedia":[{"embeddable":true,"href":"https:\/\/www.europesays.com\/fr\/wp-json\/wp\/v2\/media\/377399"}],"wp:attachment":[{"href":"https:\/\/www.europesays.com\/fr\/wp-json\/wp\/v2\/media?parent=377398"}],"wp:term":[{"taxonomy":"category","embeddable":true,"href":"https:\/\/www.europesays.com\/fr\/wp-json\/wp\/v2\/categories?post=377398"},{"taxonomy":"post_tag","embeddable":true,"href":"https:\/\/www.europesays.com\/fr\/wp-json\/wp\/v2\/tags?post=377398"}],"curies":[{"name":"wp","href":"https:\/\/api.w.org\/{rel}","templated":true}]}}