{"id":377416,"date":"2025-09-09T09:51:10","date_gmt":"2025-09-09T09:51:10","guid":{"rendered":"https:\/\/www.europesays.com\/fr\/377416\/"},"modified":"2025-09-09T09:51:10","modified_gmt":"2025-09-09T09:51:10","slug":"a-rennes-une-jeune-femme-frappee-et-menacee-au-couteau-pour-20-e","status":"publish","type":"post","link":"https:\/\/www.europesays.com\/fr\/377416\/","title":{"rendered":"\u00c0 Rennes, une jeune femme frapp\u00e9e et menac\u00e9e au couteau pour 20\u00a0\u20ac"},"content":{"rendered":"<p>Il \u00e9tait 21 h 30, jeudi 4 septembre, avenue Henri-Fr\u00e9ville, \u00e0 Rennes, quand une jeune femme a \u00e9t\u00e9 accost\u00e9e par un homme \u00e0 hauteur de l\u2019arr\u00eat de bus Clemenceau. Il lui r\u00e9clamait son sac et son t\u00e9l\u00e9phone. Elle a refus\u00e9 et re\u00e7u plusieurs coups de poing au visage. L\u2019auteur a alors menac\u00e9 sa victime avec un couteau. Elle a fini par lui donner un billet de 20 \u20ac. L\u2019agresseur a ensuite pris la fuite en courant.<\/p>\n<p>La police a \u00e9t\u00e9 d\u00e9p\u00each\u00e9e sur place, mais ses recherches sont rest\u00e9es vaines.<\/p>\n<p>L\u00e9g\u00e8rement bless\u00e9e, la jeune femme a refus\u00e9 d\u2019\u00eatre vue par les pompiers et s\u2019est rendue par ses propres moyens aux urgences du CHU.<\/p>\n","protected":false},"excerpt":{"rendered":"Il \u00e9tait 21 h 30, jeudi 4 septembre, avenue Henri-Fr\u00e9ville, \u00e0 Rennes, quand une jeune femme a \u00e9t\u00e9&hellip;\n","protected":false},"author":2,"featured_media":377417,"comment_status":"","ping_status":"","sticky":false,"template":"","format":"standard","meta":{"footnotes":""},"categories":[2821],"tags":[1111,11,829,765,1777,674,118,3383,1011,27,12,584,25],"class_list":{"0":"post-377416","1":"post","2":"type-post","3":"status-publish","4":"format-standard","5":"has-post-thumbnail","7":"category-rennes","8":"tag-actu","9":"tag-actualites","10":"tag-bretagne","11":"tag-en-continu","12":"tag-eu","13":"tag-europe","14":"tag-faits-divers","15":"tag-faits-divers-a-rennes","16":"tag-fr","17":"tag-france","18":"tag-news","19":"tag-rennes","20":"tag-republique-francaise"},"share_on_mastodon":{"url":"https:\/\/pubeurope.com\/@fr\/115173725477795441","error":""},"_links":{"self":[{"href":"https:\/\/www.europesays.com\/fr\/wp-json\/wp\/v2\/posts\/377416","targetHints":{"allow":["GET"]}}],"collection":[{"href":"https:\/\/www.europesays.com\/fr\/wp-json\/wp\/v2\/posts"}],"about":[{"href":"https:\/\/www.europesays.com\/fr\/wp-json\/wp\/v2\/types\/post"}],"author":[{"embeddable":true,"href":"https:\/\/www.europesays.com\/fr\/wp-json\/wp\/v2\/users\/2"}],"replies":[{"embeddable":true,"href":"https:\/\/www.europesays.com\/fr\/wp-json\/wp\/v2\/comments?post=377416"}],"version-history":[{"count":0,"href":"https:\/\/www.europesays.com\/fr\/wp-json\/wp\/v2\/posts\/377416\/revisions"}],"wp:featuredmedia":[{"embeddable":true,"href":"https:\/\/www.europesays.com\/fr\/wp-json\/wp\/v2\/media\/377417"}],"wp:attachment":[{"href":"https:\/\/www.europesays.com\/fr\/wp-json\/wp\/v2\/media?parent=377416"}],"wp:term":[{"taxonomy":"category","embeddable":true,"href":"https:\/\/www.europesays.com\/fr\/wp-json\/wp\/v2\/categories?post=377416"},{"taxonomy":"post_tag","embeddable":true,"href":"https:\/\/www.europesays.com\/fr\/wp-json\/wp\/v2\/tags?post=377416"}],"curies":[{"name":"wp","href":"https:\/\/api.w.org\/{rel}","templated":true}]}}