{"id":377418,"date":"2025-09-09T09:52:20","date_gmt":"2025-09-09T09:52:20","guid":{"rendered":"https:\/\/www.europesays.com\/fr\/377418\/"},"modified":"2025-09-09T09:52:20","modified_gmt":"2025-09-09T09:52:20","slug":"lautenbach-rouvrir-une-cavite-miniere-pour-proteger-les-chauves-souris","status":"publish","type":"post","link":"https:\/\/www.europesays.com\/fr\/377418\/","title":{"rendered":"Lautenbach. Rouvrir une cavit\u00e9 mini\u00e8re pour prot\u00e9ger les chauves-souris"},"content":{"rendered":"<p>Situ\u00e9e en for\u00eat, \u00e0 quelques dizaines de m\u00e8tres de la route qui m\u00e8ne au Val du P\u00e2tre depuis Schweighouse, l\u2019entr\u00e9e du Filon de la Faille ne paye pas\u2026 de mine. En particulier depuis qu\u2019un \u00e9boulement rend inaccessible l\u2019acc\u00e8s \u00e0 cette ancienne cavit\u00e9 mini\u00e8re exploit\u00e9e au XVIII e , puis au XIX e \u00a0si\u00e8cle. Les galeries et les salles souterraines ont pourtant un int\u00e9r\u00eat certain pour une esp\u00e8ce de chauves-souris.<\/p>\n<p>\u00ab\u00a0Ce site accueille principalement le grand murin, ou murin de Daubenton, une chauve-souris qui fait partie des esp\u00e8ces prot\u00e9g\u00e9es prioritaires recens\u00e9es par un plan national d\u2019action\u00a0\u00bb, remarque Lisa Thiriet, du Groupe d\u2019\u00e9tude et&#8230;<\/p>\n","protected":false},"excerpt":{"rendered":"Situ\u00e9e en for\u00eat, \u00e0 quelques dizaines de m\u00e8tres de la route qui m\u00e8ne au Val du P\u00e2tre depuis&hellip;\n","protected":false},"author":2,"featured_media":377419,"comment_status":"","ping_status":"","sticky":false,"template":"","format":"standard","meta":{"footnotes":""},"categories":[2820],"tags":[1111,11,1867,2413,436,1777,674,107,1011,27,775,1637,6225,51106,12,25,51107,104,640],"class_list":{"0":"post-377418","1":"post","2":"type-post","3":"status-publish","4":"format-standard","5":"has-post-thumbnail","7":"category-strasbourg","8":"tag-actu","9":"tag-actualites","10":"tag-animaux","11":"tag-edition-colmar-guebwiller","12":"tag-environnement","13":"tag-eu","14":"tag-europe","15":"tag-fil-info","16":"tag-fr","17":"tag-france","18":"tag-grand-est","19":"tag-haut-rhin","20":"tag-la-matinale","21":"tag-lautenbach","22":"tag-news","23":"tag-republique-francaise","24":"tag-secteur-de-guebwiller","25":"tag-societe","26":"tag-strasbourg"},"share_on_mastodon":{"url":"https:\/\/pubeurope.com\/@fr\/115173729413243948","error":""},"_links":{"self":[{"href":"https:\/\/www.europesays.com\/fr\/wp-json\/wp\/v2\/posts\/377418","targetHints":{"allow":["GET"]}}],"collection":[{"href":"https:\/\/www.europesays.com\/fr\/wp-json\/wp\/v2\/posts"}],"about":[{"href":"https:\/\/www.europesays.com\/fr\/wp-json\/wp\/v2\/types\/post"}],"author":[{"embeddable":true,"href":"https:\/\/www.europesays.com\/fr\/wp-json\/wp\/v2\/users\/2"}],"replies":[{"embeddable":true,"href":"https:\/\/www.europesays.com\/fr\/wp-json\/wp\/v2\/comments?post=377418"}],"version-history":[{"count":0,"href":"https:\/\/www.europesays.com\/fr\/wp-json\/wp\/v2\/posts\/377418\/revisions"}],"wp:featuredmedia":[{"embeddable":true,"href":"https:\/\/www.europesays.com\/fr\/wp-json\/wp\/v2\/media\/377419"}],"wp:attachment":[{"href":"https:\/\/www.europesays.com\/fr\/wp-json\/wp\/v2\/media?parent=377418"}],"wp:term":[{"taxonomy":"category","embeddable":true,"href":"https:\/\/www.europesays.com\/fr\/wp-json\/wp\/v2\/categories?post=377418"},{"taxonomy":"post_tag","embeddable":true,"href":"https:\/\/www.europesays.com\/fr\/wp-json\/wp\/v2\/tags?post=377418"}],"curies":[{"name":"wp","href":"https:\/\/api.w.org\/{rel}","templated":true}]}}