{"id":37742,"date":"2025-04-20T02:14:10","date_gmt":"2025-04-20T02:14:10","guid":{"rendered":"https:\/\/www.europesays.com\/fr\/37742\/"},"modified":"2025-04-20T02:14:10","modified_gmt":"2025-04-20T02:14:10","slug":"varangeville-bilan-positif-pour-le-repaircafe-en-sel-et-vermois-40-des-objets-repares","status":"publish","type":"post","link":"https:\/\/www.europesays.com\/fr\/37742\/","title":{"rendered":"Varang\u00e9ville. Bilan positif pour le Repair\u2019Caf\u00e9 en Sel et Vermois\u00a0: 40\u00a0% des objets r\u00e9par\u00e9s"},"content":{"rendered":"<p>Les membres de l\u2019association Repair\u2019Caf\u00e9 en Sel et Vermois se sont retrouv\u00e9s pour leur assembl\u00e9e g\u00e9n\u00e9rale, pr\u00e9sid\u00e9e par Brigitte Baumann.<\/p>\n<p>Dans son rapport moral, la pr\u00e9sidente informe l\u2019assembl\u00e9e que les ateliers ont \u00e9t\u00e9 organis\u00e9s une fois par mois, \u00e0 l\u2019exception de juillet et ao\u00fbt, et cela dans des diff\u00e9rentes communes du territoire.<\/p>\n<p>40,84\u00a0% des appareils ont \u00e9t\u00e9 r\u00e9par\u00e9s<\/p>\n<p>\u00ab\u00a0Nos b\u00e9n\u00e9voles peuvent se projeter en&#8230;<\/p>\n","protected":false},"excerpt":{"rendered":"Les membres de l\u2019association Repair\u2019Caf\u00e9 en Sel et Vermois se sont retrouv\u00e9s pour leur assembl\u00e9e g\u00e9n\u00e9rale, pr\u00e9sid\u00e9e par&hellip;\n","protected":false},"author":2,"featured_media":37743,"comment_status":"","ping_status":"","sticky":false,"template":"","format":"standard","meta":{"footnotes":""},"categories":[9635],"tags":[1111,11,9652,1704,436,1777,674,1011,27,775,9588,1702,12,25,104,11987,1631],"class_list":{"0":"post-37742","1":"post","2":"type-post","3":"status-publish","4":"format-standard","5":"has-post-thumbnail","7":"category-nancy","8":"tag-actu","9":"tag-actualites","10":"tag-cc-des-pays-du-sel-et-du-vermois-54b","11":"tag-edition-nancy-et-agglomeration","12":"tag-environnement","13":"tag-eu","14":"tag-europe","15":"tag-fr","16":"tag-france","17":"tag-grand-est","18":"tag-ici-on-agit","19":"tag-nancy","20":"tag-news","21":"tag-republique-francaise","22":"tag-societe","23":"tag-varangeville","24":"tag-vie-associative"},"share_on_mastodon":{"url":"https:\/\/pubeurope.com\/@fr\/114367880491551282","error":""},"_links":{"self":[{"href":"https:\/\/www.europesays.com\/fr\/wp-json\/wp\/v2\/posts\/37742","targetHints":{"allow":["GET"]}}],"collection":[{"href":"https:\/\/www.europesays.com\/fr\/wp-json\/wp\/v2\/posts"}],"about":[{"href":"https:\/\/www.europesays.com\/fr\/wp-json\/wp\/v2\/types\/post"}],"author":[{"embeddable":true,"href":"https:\/\/www.europesays.com\/fr\/wp-json\/wp\/v2\/users\/2"}],"replies":[{"embeddable":true,"href":"https:\/\/www.europesays.com\/fr\/wp-json\/wp\/v2\/comments?post=37742"}],"version-history":[{"count":0,"href":"https:\/\/www.europesays.com\/fr\/wp-json\/wp\/v2\/posts\/37742\/revisions"}],"wp:featuredmedia":[{"embeddable":true,"href":"https:\/\/www.europesays.com\/fr\/wp-json\/wp\/v2\/media\/37743"}],"wp:attachment":[{"href":"https:\/\/www.europesays.com\/fr\/wp-json\/wp\/v2\/media?parent=37742"}],"wp:term":[{"taxonomy":"category","embeddable":true,"href":"https:\/\/www.europesays.com\/fr\/wp-json\/wp\/v2\/categories?post=37742"},{"taxonomy":"post_tag","embeddable":true,"href":"https:\/\/www.europesays.com\/fr\/wp-json\/wp\/v2\/tags?post=37742"}],"curies":[{"name":"wp","href":"https:\/\/api.w.org\/{rel}","templated":true}]}}