{"id":377424,"date":"2025-09-09T09:55:10","date_gmt":"2025-09-09T09:55:10","guid":{"rendered":"https:\/\/www.europesays.com\/fr\/377424\/"},"modified":"2025-09-09T09:55:10","modified_gmt":"2025-09-09T09:55:10","slug":"accident-sur-la8-entre-cannes-et-nice-ce-mardi-le-trafic-est-sature-le-temps-de-parcours-considerablement-rallonge","status":"publish","type":"post","link":"https:\/\/www.europesays.com\/fr\/377424\/","title":{"rendered":"Accident sur l&rsquo;A8 entre Cannes et Nice ce mardi: le trafic est satur\u00e9, le temps de parcours consid\u00e9rablement rallong\u00e9"},"content":{"rendered":"<p>Il faudra prendre son mal en patience, ce mardi \u00e0 la mi-journ\u00e9e.<\/p>\n<p><strong>Un tr\u00e8s long bouchon d&rsquo;environ 6km s&rsquo;est form\u00e9 sur l&rsquo;A8 apr\u00e8s Cannes<\/strong>, en direction de l&rsquo;Italie.\u00a0<\/p>\n<p>Un accident impliquant plusieurs v\u00e9hicules s&rsquo;est produit apr\u00e8s la gare de p\u00e9age d&rsquo;Antibes et provoque un tr\u00e8s fort ralentissement, sur la zone.\u00a0<\/p>\n<p><strong>Seules deux voies permettent de circuler<\/strong>, indique Vinci.\u00a0<\/p>\n<p>Pour le moment, le d\u00e9pannage n&rsquo;a pu commencer et les pompiers sont attendus sur place.\u00a0<\/p>\n<p>Vinci conseille de ne pas se rendre sur le secteur, entre Cannes et Villeneuve-Loubet.\u00a0<\/p>\n","protected":false},"excerpt":{"rendered":"Il faudra prendre son mal en patience, ce mardi \u00e0 la mi-journ\u00e9e. Un tr\u00e8s long bouchon d&rsquo;environ 6km&hellip;\n","protected":false},"author":2,"featured_media":377425,"comment_status":"","ping_status":"","sticky":false,"template":"","format":"standard","meta":{"footnotes":""},"categories":[2819],"tags":[1111,11,1777,674,1011,27,803,12,2401,882,25],"class_list":{"0":"post-377424","1":"post","2":"type-post","3":"status-publish","4":"format-standard","5":"has-post-thumbnail","7":"category-nice","8":"tag-actu","9":"tag-actualites","10":"tag-eu","11":"tag-europe","12":"tag-fr","13":"tag-france","14":"tag-info-trafic","15":"tag-news","16":"tag-nice","17":"tag-provence-alpes-cote-dazur","18":"tag-republique-francaise"},"share_on_mastodon":{"url":"https:\/\/pubeurope.com\/@fr\/115173741258800741","error":""},"_links":{"self":[{"href":"https:\/\/www.europesays.com\/fr\/wp-json\/wp\/v2\/posts\/377424","targetHints":{"allow":["GET"]}}],"collection":[{"href":"https:\/\/www.europesays.com\/fr\/wp-json\/wp\/v2\/posts"}],"about":[{"href":"https:\/\/www.europesays.com\/fr\/wp-json\/wp\/v2\/types\/post"}],"author":[{"embeddable":true,"href":"https:\/\/www.europesays.com\/fr\/wp-json\/wp\/v2\/users\/2"}],"replies":[{"embeddable":true,"href":"https:\/\/www.europesays.com\/fr\/wp-json\/wp\/v2\/comments?post=377424"}],"version-history":[{"count":0,"href":"https:\/\/www.europesays.com\/fr\/wp-json\/wp\/v2\/posts\/377424\/revisions"}],"wp:featuredmedia":[{"embeddable":true,"href":"https:\/\/www.europesays.com\/fr\/wp-json\/wp\/v2\/media\/377425"}],"wp:attachment":[{"href":"https:\/\/www.europesays.com\/fr\/wp-json\/wp\/v2\/media?parent=377424"}],"wp:term":[{"taxonomy":"category","embeddable":true,"href":"https:\/\/www.europesays.com\/fr\/wp-json\/wp\/v2\/categories?post=377424"},{"taxonomy":"post_tag","embeddable":true,"href":"https:\/\/www.europesays.com\/fr\/wp-json\/wp\/v2\/tags?post=377424"}],"curies":[{"name":"wp","href":"https:\/\/api.w.org\/{rel}","templated":true}]}}