{"id":37744,"date":"2025-04-20T02:15:17","date_gmt":"2025-04-20T02:15:17","guid":{"rendered":"https:\/\/www.europesays.com\/fr\/37744\/"},"modified":"2025-04-20T02:15:17","modified_gmt":"2025-04-20T02:15:17","slug":"football-national-le-soutien-repete-des-anciens-le-carton-jaune-inflige-a-pablo-correa-ce-quon-a-aime-et-pas-aime-lors-du-match-as-nancy-lorraine","status":"publish","type":"post","link":"https:\/\/www.europesays.com\/fr\/37744\/","title":{"rendered":"Football &#8211; National. Le soutien r\u00e9p\u00e9t\u00e9 des anciens, le carton jaune inflig\u00e9 \u00e0 Pablo Correa\u2026 Ce qu\u2019on a aim\u00e9 et pas aim\u00e9 lors du match AS Nancy Lorraine"},"content":{"rendered":"<p>  On a aim\u00e9\u2026<\/p>\n<p>&#8211; La polyvalence de <a href=\"https:\/\/www.estrepublicain.fr\/sport\/2024\/06\/20\/as-nancy-lorraine-qui-est-le-milieu-de-terrain-bakari-camara\" target=\"_blank\" rel=\"noopener\">Bakari Camara<\/a>. L\u2019habituel milieu venu de Villefranche l\u2019\u00e9t\u00e9 dernier a \u00e9t\u00e9 reconverti avec succ\u00e8s en d\u00e9fense centrale, vendredi face \u00e0 Aubagne, pour pallier la suspension d\u2019Aliou Thiar\u00e9.<\/p>\n<p>&#8211; Le soutien des anciens en cette fin de saison \u00e0 Picot. Apr\u00e8s Eric Rabesandratana venu assister \u00e0 la victoire aux d\u00e9pens de Ch\u00e2teauroux la semaine pr\u00e9c\u00e9dente, Ludovic Guerriero et Vincent Hognon \u00e9taient notamment pr\u00e9sents dans les gradins de Marcel-Picot, ce vendredi, contre Aubagne. Le coach de Valenciennes aura l\u2019occasion de donner un coup de main \u00e0 l\u2019ASNL la semaine prochaine puisque VAFC accueillera Le Mans, concurrent direct de Nancy dans la course \u00e0 la mont\u00e9e\u2026<\/p>\n<p>&#8211; Troisi\u00e8me match d\u2019affil\u00e9e \u00e0 Picot avec une affluence sup\u00e9rieure \u00e0 10.000 spectateurs. Pr\u00e8s de 11.000 supporters \u00e9taient l\u00e0, vendredi, pour encourager l\u2019ASNL face au promu proven\u00e7al.<\/p>\n<p>&#8211; La convocation de Cazim Suljic dans le groupe \u00e9largi de dix-neuf joueurs vendredi. Bon pour le moral du milieu bosnien <a href=\"https:\/\/www.estrepublicain.fr\/sport\/2025\/03\/27\/cazim-suljic-de-nouveau-operationnel-avec-l-as-nancy-lorraine-j-espere-que-j-aurai-ma-carte-a-jouer\" target=\"_blank\" rel=\"noopener\">qui a boss\u00e9 dur pour se remettre de sa rupture des ligaments crois\u00e9s subie en ao\u00fbt<\/a> , juste avant le d\u00e9but du championnat.<\/p>\n<p>  On n\u2019a pas aim\u00e9\u2026<\/p>\n<p>&#8211; Le carton jaune inflig\u00e9 \u00e0 Pablo Correa en seconde p\u00e9riode. Un exc\u00e8s de z\u00e8le de l\u2019arbitre, Pierre Retail, globalement pas dans un tr\u00e8s grand soir.<\/p>\n<p>&#8211; Les coups de pied arr\u00eat\u00e9s moins bien frapp\u00e9s que d\u2019habitude par l\u2019ASNL vendredi, m\u00eame si l\u2019ouverture du score de Nicolas Saint-Ruf est arriv\u00e9e dans la continuit\u00e9 d\u2019une phase arr\u00eat\u00e9e\u2026<\/p>\n","protected":false},"excerpt":{"rendered":"On a aim\u00e9\u2026 &#8211; La polyvalence de Bakari Camara. L\u2019habituel milieu venu de Villefranche l\u2019\u00e9t\u00e9 dernier a \u00e9t\u00e9&hellip;\n","protected":false},"author":2,"featured_media":37745,"comment_status":"","ping_status":"","sticky":false,"template":"","format":"standard","meta":{"footnotes":""},"categories":[9635],"tags":[1111,11,3703,1707,1704,1706,1705,1777,674,107,1701,63,1011,27,775,1702,1703,12,25,517,1700],"class_list":{"0":"post-37744","1":"post","2":"type-post","3":"status-publish","4":"format-standard","5":"has-post-thumbnail","7":"category-nancy","8":"tag-actu","9":"tag-actualites","10":"tag-asnl","11":"tag-edition-luneville","12":"tag-edition-nancy-et-agglomeration","13":"tag-edition-pont-a-mousson","14":"tag-edition-toul","15":"tag-eu","16":"tag-europe","17":"tag-fil-info","18":"tag-fil-info-sport","19":"tag-football","20":"tag-fr","21":"tag-france","22":"tag-grand-est","23":"tag-nancy","24":"tag-nancy-ville-54b","25":"tag-news","26":"tag-republique-francaise","27":"tag-sport","28":"tag-sport-lorrain"},"share_on_mastodon":{"url":"https:\/\/pubeurope.com\/@fr\/114367884465587952","error":""},"_links":{"self":[{"href":"https:\/\/www.europesays.com\/fr\/wp-json\/wp\/v2\/posts\/37744","targetHints":{"allow":["GET"]}}],"collection":[{"href":"https:\/\/www.europesays.com\/fr\/wp-json\/wp\/v2\/posts"}],"about":[{"href":"https:\/\/www.europesays.com\/fr\/wp-json\/wp\/v2\/types\/post"}],"author":[{"embeddable":true,"href":"https:\/\/www.europesays.com\/fr\/wp-json\/wp\/v2\/users\/2"}],"replies":[{"embeddable":true,"href":"https:\/\/www.europesays.com\/fr\/wp-json\/wp\/v2\/comments?post=37744"}],"version-history":[{"count":0,"href":"https:\/\/www.europesays.com\/fr\/wp-json\/wp\/v2\/posts\/37744\/revisions"}],"wp:featuredmedia":[{"embeddable":true,"href":"https:\/\/www.europesays.com\/fr\/wp-json\/wp\/v2\/media\/37745"}],"wp:attachment":[{"href":"https:\/\/www.europesays.com\/fr\/wp-json\/wp\/v2\/media?parent=37744"}],"wp:term":[{"taxonomy":"category","embeddable":true,"href":"https:\/\/www.europesays.com\/fr\/wp-json\/wp\/v2\/categories?post=37744"},{"taxonomy":"post_tag","embeddable":true,"href":"https:\/\/www.europesays.com\/fr\/wp-json\/wp\/v2\/tags?post=37744"}],"curies":[{"name":"wp","href":"https:\/\/api.w.org\/{rel}","templated":true}]}}