{"id":377444,"date":"2025-09-09T10:06:10","date_gmt":"2025-09-09T10:06:10","guid":{"rendered":"https:\/\/www.europesays.com\/fr\/377444\/"},"modified":"2025-09-09T10:06:10","modified_gmt":"2025-09-09T10:06:10","slug":"quelles-actions-prevues-ce-mercredi-a-lyon-et-dans-le-rhone","status":"publish","type":"post","link":"https:\/\/www.europesays.com\/fr\/377444\/","title":{"rendered":"quelles actions pr\u00e9vues ce mercredi \u00e0 Lyon et dans le Rh\u00f4ne ?"},"content":{"rendered":"<p itemprop=\"description\"><strong>La journ\u00e9e de mobilisation nationale du mercredi 10 septembre, plac\u00e9e sous le mot d\u2019ordre \u00ab\u00a0Bloquons tout !\u00a0\u00bb, s\u2019annonce particuli\u00e8rement suivie en Auvergne-Rh\u00f4ne-Alpes.<\/strong><\/p>\n<p class=\"MsoNormal\">\u00c0 Lyon, syndicats, associations \u00e9tudiantes et collectifs d\u2019agriculteurs appellent \u00e0 multiplier manifestations et op\u00e9rations de blocage tout au long de la journ\u00e9e.<\/p>\n<p class=\"MsoNormal\">L\u2019Union locale CGT des 3e et 6e arrondissements organise notamment un rassemblement \u00e0 12h, place Guichard, pr\u00e9sent\u00e9 comme un moment d\u2019expression collective face \u00e0 ce qu\u2019elle d\u00e9nonce comme des mesures gouvernementales \u00ab\u00a0favorables au patronat\u00a0\u00bb et pesant \u00ab\u00a0essentiellement sur les salari\u00e9s, les retrait\u00e9s et les priv\u00e9s d\u2019emploi\u00a0\u00bb.<\/p>\n<p class=\"MsoNormal\"><strong>Plusieurs rendez-vous annonc\u00e9s d\u00e8s l\u2019aube<\/strong><\/p>\n<p class=\"MsoNormal\">Les actions devraient s\u2019\u00e9chelonner dans diff\u00e9rents quartiers de l\u2019agglom\u00e9ration :<\/p>\n<ul style=\"margin-top: 0cm;\" type=\"disc\">&#13;<\/p>\n<li class=\"MsoNormal\" style=\"mso-list: l0 level1 lfo1; tab-stops: list 36.0pt;\">6h30 : place des Archives (Lyon 2e)<\/li>\n<p>&#13;<\/p>\n<li class=\"MsoNormal\" style=\"mso-list: l0 level1 lfo1; tab-stops: list 36.0pt;\">7h00 : rond-point de la Feyssine (Villeurbanne)<\/li>\n<p>&#13;<\/p>\n<li class=\"MsoNormal\" style=\"mso-list: l0 level1 lfo1; tab-stops: list 36.0pt;\">8h00 : devant l\u2019h\u00f4pital \u00c9douard-Herriot (Lyon 3e)<\/li>\n<p>&#13;<\/p>\n<li class=\"MsoNormal\" style=\"mso-list: l0 level1 lfo1; tab-stops: list 36.0pt;\">9h00 : piquet de gr\u00e8ve \u00e0 la raffinerie de Feyzin<\/li>\n<p>&#13;<\/p>\n<li class=\"MsoNormal\" style=\"mso-list: l0 level1 lfo1; tab-stops: list 36.0pt;\">11h00 : kermesse militante (m\u00e9tro Charpennes) et rassemblement place Bellecour (Lyon 2e)<\/li>\n<p>&#13;<\/p>\n<li class=\"MsoNormal\" style=\"mso-list: l0 level1 lfo1; tab-stops: list 36.0pt;\">12h00 : manifestation place Guichard (Lyon 3e)<\/li>\n<p>&#13;<\/p>\n<li class=\"MsoNormal\" style=\"mso-list: l0 level1 lfo1; tab-stops: list 36.0pt;\">19h00 : rassemblement place du March\u00e9 des \u00c9tats-Unis (Lyon 8e)<\/li>\n<p>&#13;\n<\/ul>\n<p class=\"MsoNormal\"><strong>Une mobilisation appel\u00e9e \u00e0 durer<\/strong><\/p>\n<p class=\"MsoNormal\">Les organisateurs affirment vouloir \u00ab\u00a0faire entendre la voix des jeunes, des salari\u00e9s et des pr\u00e9caires\u00a0\u00bb et alerter sur les cons\u00e9quences sociales des politiques gouvernementales. Dans un communiqu\u00e9, la CGT revendique une volont\u00e9 de construire \u00ab\u00a0une soci\u00e9t\u00e9 plus juste\u00a0\u00bb et appelle \u00e0 bloquer l\u2019\u00e9conomie par la gr\u00e8ve et la mobilisation.<br \/>\u00ab\u00a0Le 10 septembre n\u2019est qu\u2019un d\u00e9but !\u00a0\u00bb, conclut l\u2019organisation syndicale.<\/p>\n<blockquote class=\"instagram-media\" style=\"background: #FFF; border: 0; border-radius: 3px; box-shadow: 0 0 1px 0 rgba(0,0,0,0.5),0 1px 10px 0 rgba(0,0,0,0.15); margin: 1px; max-width: 540px; min-width: 326px; padding: 0; width: calc(100% - 2px);\" data-instgrm-captioned=\"\" data-instgrm-permalink=\"https:\/\/www.instagram.com\/p\/DOYAbYNAokZ\/?utm_source=ig_embed&amp;utm_campaign=loading\" data-instgrm-version=\"14\"><p>&#13;<br \/>\n&#13;\n<\/p><\/blockquote>\n<p>\t\t  <script async src=\"\/\/www.instagram.com\/embed.js\"><\/script><\/p>\n","protected":false},"excerpt":{"rendered":"La journ\u00e9e de mobilisation nationale du mercredi 10 septembre, plac\u00e9e sous le mot d\u2019ordre \u00ab\u00a0Bloquons tout !\u00a0\u00bb, s\u2019annonce&hellip;\n","protected":false},"author":2,"featured_media":377445,"comment_status":"","ping_status":"","sticky":false,"template":"","format":"standard","meta":{"footnotes":""},"categories":[1889],"tags":[1111,11,2813,2190,2430,1109,251,1112,2811,1777,674,118,1011,27,1922,1110,1114,2428,2810,12,241,316,25,2812,517,800],"class_list":{"0":"post-377444","1":"post","2":"type-post","3":"status-publish","4":"format-standard","5":"has-post-thumbnail","7":"category-lyon","8":"tag-actu","9":"tag-actualites","10":"tag-article","11":"tag-asvel","12":"tag-auvergne-rhone-alpes","13":"tag-breves","14":"tag-culture","15":"tag-depeches","16":"tag-economique","17":"tag-eu","18":"tag-europe","19":"tag-faits-divers","20":"tag-fr","21":"tag-france","22":"tag-info","23":"tag-informations","24":"tag-infos","25":"tag-lyon","26":"tag-lyonmag","27":"tag-news","28":"tag-ol","29":"tag-politique","30":"tag-republique-francaise","31":"tag-sociale","32":"tag-sport","33":"tag-transports"},"share_on_mastodon":{"url":"https:\/\/pubeurope.com\/@fr\/115173784585414007","error":""},"_links":{"self":[{"href":"https:\/\/www.europesays.com\/fr\/wp-json\/wp\/v2\/posts\/377444","targetHints":{"allow":["GET"]}}],"collection":[{"href":"https:\/\/www.europesays.com\/fr\/wp-json\/wp\/v2\/posts"}],"about":[{"href":"https:\/\/www.europesays.com\/fr\/wp-json\/wp\/v2\/types\/post"}],"author":[{"embeddable":true,"href":"https:\/\/www.europesays.com\/fr\/wp-json\/wp\/v2\/users\/2"}],"replies":[{"embeddable":true,"href":"https:\/\/www.europesays.com\/fr\/wp-json\/wp\/v2\/comments?post=377444"}],"version-history":[{"count":0,"href":"https:\/\/www.europesays.com\/fr\/wp-json\/wp\/v2\/posts\/377444\/revisions"}],"wp:featuredmedia":[{"embeddable":true,"href":"https:\/\/www.europesays.com\/fr\/wp-json\/wp\/v2\/media\/377445"}],"wp:attachment":[{"href":"https:\/\/www.europesays.com\/fr\/wp-json\/wp\/v2\/media?parent=377444"}],"wp:term":[{"taxonomy":"category","embeddable":true,"href":"https:\/\/www.europesays.com\/fr\/wp-json\/wp\/v2\/categories?post=377444"},{"taxonomy":"post_tag","embeddable":true,"href":"https:\/\/www.europesays.com\/fr\/wp-json\/wp\/v2\/tags?post=377444"}],"curies":[{"name":"wp","href":"https:\/\/api.w.org\/{rel}","templated":true}]}}