{"id":377446,"date":"2025-09-09T10:07:24","date_gmt":"2025-09-09T10:07:24","guid":{"rendered":"https:\/\/www.europesays.com\/fr\/377446\/"},"modified":"2025-09-09T10:07:24","modified_gmt":"2025-09-09T10:07:24","slug":"lyon-le-couteux-retour-des-boudins-rue-de-la-re","status":"publish","type":"post","link":"https:\/\/www.europesays.com\/fr\/377446\/","title":{"rendered":"Lyon. Le co\u00fbteux retour des boudins rue de la R\u00e9 &#8211;"},"content":{"rendered":"<p>\t\t\t\t<img fetchpriority=\"high\" decoding=\"async\" width=\"900\" height=\"601\" src=\"https:\/\/www.europesays.com\/fr\/wp-content\/uploads\/2025\/09\/rue-de-la-republique-bancs-etrons-1.jpg\" alt=\"\" title=\"rue de la r\u00e9publique bancs etrons 1\"   class=\"wp-image-164200\"\/><\/p>\n<p><strong>Texte\u00a0: Marco Polisson \u2013<\/strong> Si la presqu\u2019\u00eele de Lyon est ferm\u00e9e aux gueux des banlieues et aux touristes, elle reste accessible aux 19 tonnes de la Ville de Lyon.<\/p>\n<p>Le jeu des chaises musicales se poursuit rue de la R\u00e9publique, miroir du mauvais go\u00fbt \u00e9colo et <a href=\"https:\/\/www.lyonpeople.com\/actualites-lyon\/lyon-fermee-voila-a-quoi-ressemble-la-rue-de-la-re-revee-par-les-ecologistes-2025-06-23.html\" target=\"_blank\" rel=\"noopener\"><strong>th\u00e9\u00e2tre de la paup\u00e9risation<\/strong><\/a> souhait\u00e9e par <strong>Gregory Doucet<\/strong> et <strong>Bruno Bernard<\/strong> avec leurs alli\u00e9s de la France Insoumise.<\/p>\n<p><img loading=\"lazy\" decoding=\"async\" class=\"alignnone size-full wp-image-164202\" src=\"data:image\/svg+xml,%3Csvg%20xmlns=\" http:=\"\" alt=\"\" width=\"900\" height=\"639\" data-lazy- data-lazy- data-lazy-src=\"https:\/\/www.europesays.com\/fr\/wp-content\/uploads\/2025\/09\/rue-de-la-republique-bunker.jpg\"\/><\/p>\n<p><a href=\"https:\/\/www.lyonpeople.com\/actualites-lyon\/lyon-des-colombins-geants-poses-rue-de-la-republique-2025-07-25.html\" target=\"_blank\" rel=\"noopener\"><strong>Objets de toutes les moqueries<\/strong><\/a> sur les r\u00e9seaux sociaux de la Ville et de la M\u00e9tropole de Lyon (<a href=\"https:\/\/www.lyonpeople.com\/actualites-lyon\/actualites-politiques\/lyon-la-mairie-ecologiste-censure-les-commentaires-sur-ses-reseaux-sociaux-2025-09-04.html\" target=\"_blank\" rel=\"noopener\"><strong>d\u00e9sormais soumis \u00e0 la censure)<\/strong><\/a>, les bancs en forme d\u2019\u00e9trons ont fait leur r\u00e9apparition ce matin. Et ils ne sont pas arriv\u00e9s en v\u00e9los cargos.<\/p>\n<p>Ils avaient d\u00fb \u00eatre retir\u00e9s de l\u2019espace public la semaine derni\u00e8re pour cause de d\u00e9fil\u00e9 de la Biennale de la Danse. Il avait alors fallu un bon vieux camion 19 tonnes Renault Trucks diesel pour cette d\u00e9licate op\u00e9ration normalement interdite avec ce v\u00e9hicule puisque situ\u00e9e au c\u0153ur de la ZFE et de la ZTL\u2026<\/p>\n<p><img loading=\"lazy\" decoding=\"async\" class=\"alignnone size-full wp-image-164201\" src=\"data:image\/svg+xml,%3Csvg%20xmlns=\" http:=\"\" alt=\"\" width=\"900\" height=\"506\" data-lazy- data-lazy- data-lazy-src=\"https:\/\/www.europesays.com\/fr\/wp-content\/uploads\/2025\/09\/rue-de-la-republique-bancs-boudins-lyon-2.jpg\"\/><\/p>\n<p>Rebelote ce matin en sens inverse pour une installation qui devra \u00eatre d\u00e9mont\u00e9e au plus tard pour les f\u00eates du 8 d\u00e9cembre. Outre la facture de cette manutention AR pay\u00e9e par les contribuables, les Lyonnais noteront cette double infraction des \u00e9cologistes aux r\u00e8gles qu\u2019ils ont eux-m\u00eames cr\u00e9\u00e9es et qu\u2019ils entendent leur imposer.<\/p>\n","protected":false},"excerpt":{"rendered":"Texte\u00a0: Marco Polisson \u2013 Si la presqu\u2019\u00eele de Lyon est ferm\u00e9e aux gueux des banlieues et aux touristes,&hellip;\n","protected":false},"author":2,"featured_media":377447,"comment_status":"","ping_status":"","sticky":false,"template":"","format":"standard","meta":{"footnotes":""},"categories":[1889],"tags":[4257,1111,11,2430,1777,674,1011,27,2428,12,25,42338],"class_list":{"0":"post-377446","1":"post","2":"type-post","3":"status-publish","4":"format-standard","5":"has-post-thumbnail","7":"category-lyon","8":"tag-0top","9":"tag-actu","10":"tag-actualites","11":"tag-auvergne-rhone-alpes","12":"tag-eu","13":"tag-europe","14":"tag-fr","15":"tag-france","16":"tag-lyon","17":"tag-news","18":"tag-republique-francaise","19":"tag-rue-de-la-republique"},"share_on_mastodon":{"url":"https:\/\/pubeurope.com\/@fr\/115173788894420365","error":""},"_links":{"self":[{"href":"https:\/\/www.europesays.com\/fr\/wp-json\/wp\/v2\/posts\/377446","targetHints":{"allow":["GET"]}}],"collection":[{"href":"https:\/\/www.europesays.com\/fr\/wp-json\/wp\/v2\/posts"}],"about":[{"href":"https:\/\/www.europesays.com\/fr\/wp-json\/wp\/v2\/types\/post"}],"author":[{"embeddable":true,"href":"https:\/\/www.europesays.com\/fr\/wp-json\/wp\/v2\/users\/2"}],"replies":[{"embeddable":true,"href":"https:\/\/www.europesays.com\/fr\/wp-json\/wp\/v2\/comments?post=377446"}],"version-history":[{"count":0,"href":"https:\/\/www.europesays.com\/fr\/wp-json\/wp\/v2\/posts\/377446\/revisions"}],"wp:featuredmedia":[{"embeddable":true,"href":"https:\/\/www.europesays.com\/fr\/wp-json\/wp\/v2\/media\/377447"}],"wp:attachment":[{"href":"https:\/\/www.europesays.com\/fr\/wp-json\/wp\/v2\/media?parent=377446"}],"wp:term":[{"taxonomy":"category","embeddable":true,"href":"https:\/\/www.europesays.com\/fr\/wp-json\/wp\/v2\/categories?post=377446"},{"taxonomy":"post_tag","embeddable":true,"href":"https:\/\/www.europesays.com\/fr\/wp-json\/wp\/v2\/tags?post=377446"}],"curies":[{"name":"wp","href":"https:\/\/api.w.org\/{rel}","templated":true}]}}