{"id":377448,"date":"2025-09-09T10:08:08","date_gmt":"2025-09-09T10:08:08","guid":{"rendered":"https:\/\/www.europesays.com\/fr\/377448\/"},"modified":"2025-09-09T10:08:08","modified_gmt":"2025-09-09T10:08:08","slug":"une-carte-collaborative-pour-recenser-les-evenements-prevus-en-ile-de-france","status":"publish","type":"post","link":"https:\/\/www.europesays.com\/fr\/377448\/","title":{"rendered":"une carte collaborative pour recenser les \u00e9v\u00e9nements pr\u00e9vus en \u00cele-de-France"},"content":{"rendered":"<p>Une carte interactive et collaborative circule sur les groupes T\u00e9l\u00e9gram et Signal regroupant les personnes qui vont se mobiliser ce mercredi 10 septembre. Le point sur les blocages pr\u00e9vus dans les d\u00e9partements d&rsquo;\u00cele-de-France.<\/p>\n<p>La mobilisation s&rsquo;organise. Des militants, qui vont participer au mouvement du 10 septembre, cens\u00e9 bloquer le pays, ont cr\u00e9\u00e9 <a href=\"https:\/\/cartedesagbfc.gogocarto.fr\/map#\/fiche\/Piquet-de-greve-technicentre-SNCF-de-Chatillon-et-assemblee-interpro\/G8\/hauts-de-seine@48.840,2.070,11z?cat=all\" target=\"_blank\" class=\"external_link\" rel=\"nofollow noopener\">une carte interactive et collaborative<\/a>, que <a href=\"https:\/\/france3-regions.franceinfo.fr\/provence-alpes-cote-d-azur\/bouches-du-rhone\/marseille\/greve-du-10-septembre-c-est-quoi-cette-carte-qui-regroupe-tous-les-rassemblements-et-blocages-prevus-3213560.html\" target=\"_blank\" class=\"external_link\" rel=\"nofollow noopener\">France 3 a rep\u00e9r\u00e9<\/a>. Le but est de r\u00e9pertorier toutes les actions pr\u00e9vues ce mercredi. Chaque internaute peut ajouter un rassemblement, un blocage ou, par exemple, une assembl\u00e9e g\u00e9n\u00e9rale.<\/p>\n<p>Cette carte, qui circule sur des groupes T\u00e9l\u00e9gram et Signal, n&rsquo;est pas un document officiel et toutes les actions renseign\u00e9es sont susceptibles d&rsquo;\u00eatre modifi\u00e9es ou annul\u00e9es jusqu&rsquo;au dernier moment. Certaines d&rsquo;entre elles sont pr\u00e9vues dans la r\u00e9gion \u00cele-de-France. BFMTV fait le point sur la situation dans tous les d\u00e9partements situ\u00e9s autour de Paris.<\/p>\n<p>Des d\u00e9p\u00f4ts p\u00e9troliers bloqu\u00e9s dans les Yvelines<\/p>\n<p>Dans les Yvelines, des rassemblements sont pr\u00e9vus dans diff\u00e9rentes communes. D&rsquo;abord, \u00e0 Ach\u00e8res, d\u00e8s 7h30. Une assembl\u00e9e citoyenne y sera organis\u00e9e \u00e0 18 heures. Des militants pourraient \u00e9galement se retrouver \u00e0 Montigny-le-Bretonneux d\u00e8s 8 heures, et devant la CAF de Versailles \u00e0 11 heures.<\/p>\n<p>Selon les informations consultables sur la carte, des blocages seront organis\u00e9s sur le site de la Raffinerie du Midi, d\u00e8s 8h30, \u00e0 Coigni\u00e8res, et au d\u00e9p\u00f4t Total de Gargenville.<\/p>\n<p>Plusieurs rassemblements dans le Val-d&rsquo;Oise et en Essonne<\/p>\n<p>Plusieurs rassemblements sont \u00e9galement renseign\u00e9s dans le Val-d&rsquo;Oise. Notamment, sur le rond-point Saint-Brice, \u00e0 Saint-Brice-sous-for\u00eat, \u00e0 partir de 16h30, mais aussi sur le parvis de la pr\u00e9fecture \u00e0 Cergy. Une manifestation de l&rsquo;h\u00f4pital devrait se tenir \u00e0 Argenteuil.<\/p>\n<p>Dans l&rsquo;Essonne, la carte interactive et collaborative indique qu&rsquo;un rassemblement devrait avoir lieu \u00e0 \u00c9tampes, sur le rond-point des Lys, d\u00e8s 10 heures.<\/p>\n<p>Raffinerie et rond-point bloqu\u00e9s dans la Seine-et-Marne<\/p>\n<p>Les militants pr\u00e9sents dans la Seine-et-Marne pourraient notamment bloquer la raffinerie TotalEnergies de Grandpuits-Bailly-Carrois d\u00e8s 8h30. La note accol\u00e9e \u00e0 l&rsquo;\u00e9v\u00e9nement sur la carte ajoute: \u00ab\u00a0Tous ensemble contre la populace qui a besoin d&rsquo;un peu d&rsquo;essence pour se d\u00e9placer\u00a0\u00bb.<\/p>\n<p>Des blocages pourraient se tenir \u00e9galement au rond-point de l&rsquo;Europe \u00e0 Melun et au niveau de la rue du G\u00e9n\u00e9ral Delort \u00e0 Provins. Aucun horaire n&rsquo;est pr\u00e9cis\u00e9 pour ces deux actions. Enfin, un rassemblement devrait avoir lieu \u00e0 Coulommiers, \u00e0 partir de 10 heures.<\/p>\n<p>Des blocages et piquets de gr\u00e8ve dans les autres d\u00e9partements<\/p>\n<p>Le Val-de-Marne, les Hauts-de-Seine et la Seine-Saint-Denis sont concern\u00e9s par moins d&rsquo;actions renseign\u00e9es sur la carte. Dans le premier d\u00e9partement, il y a uniquement un blocage \u00e0 Rungis.<\/p>\n<p>Dans les Hauts-de-Seine, un piquet de gr\u00e8ve est pr\u00e9vu devant le technicentre SNCF de Ch\u00e2tillon. Concernant la Seine-Saint-Denis, des points de blocages sont renseign\u00e9s dans la ville de Saint-Denis, sans pr\u00e9cision sur le lieu et l&rsquo;horaire.<\/p>\n","protected":false},"excerpt":{"rendered":"Une carte interactive et collaborative circule sur les groupes T\u00e9l\u00e9gram et Signal regroupant les personnes qui vont se&hellip;\n","protected":false},"author":2,"featured_media":377449,"comment_status":"","ping_status":"","sticky":false,"template":"","format":"standard","meta":{"footnotes":""},"categories":[1592],"tags":[1111,11,1777,674,1011,27,662,12,626,25],"class_list":{"0":"post-377448","1":"post","2":"type-post","3":"status-publish","4":"format-standard","5":"has-post-thumbnail","7":"category-ile-de-france","8":"tag-actu","9":"tag-actualites","10":"tag-eu","11":"tag-europe","12":"tag-fr","13":"tag-france","14":"tag-ile-de-france","15":"tag-news","16":"tag-paris","17":"tag-republique-francaise"},"share_on_mastodon":{"url":"https:\/\/pubeurope.com\/@fr\/115173792740728732","error":""},"_links":{"self":[{"href":"https:\/\/www.europesays.com\/fr\/wp-json\/wp\/v2\/posts\/377448","targetHints":{"allow":["GET"]}}],"collection":[{"href":"https:\/\/www.europesays.com\/fr\/wp-json\/wp\/v2\/posts"}],"about":[{"href":"https:\/\/www.europesays.com\/fr\/wp-json\/wp\/v2\/types\/post"}],"author":[{"embeddable":true,"href":"https:\/\/www.europesays.com\/fr\/wp-json\/wp\/v2\/users\/2"}],"replies":[{"embeddable":true,"href":"https:\/\/www.europesays.com\/fr\/wp-json\/wp\/v2\/comments?post=377448"}],"version-history":[{"count":0,"href":"https:\/\/www.europesays.com\/fr\/wp-json\/wp\/v2\/posts\/377448\/revisions"}],"wp:featuredmedia":[{"embeddable":true,"href":"https:\/\/www.europesays.com\/fr\/wp-json\/wp\/v2\/media\/377449"}],"wp:attachment":[{"href":"https:\/\/www.europesays.com\/fr\/wp-json\/wp\/v2\/media?parent=377448"}],"wp:term":[{"taxonomy":"category","embeddable":true,"href":"https:\/\/www.europesays.com\/fr\/wp-json\/wp\/v2\/categories?post=377448"},{"taxonomy":"post_tag","embeddable":true,"href":"https:\/\/www.europesays.com\/fr\/wp-json\/wp\/v2\/tags?post=377448"}],"curies":[{"name":"wp","href":"https:\/\/api.w.org\/{rel}","templated":true}]}}