{"id":377450,"date":"2025-09-09T10:09:09","date_gmt":"2025-09-09T10:09:09","guid":{"rendered":"https:\/\/www.europesays.com\/fr\/377450\/"},"modified":"2025-09-09T10:09:09","modified_gmt":"2025-09-09T10:09:09","slug":"blocage-du-10-septembre-interdiction-du-transit-de-poids-lourds-linfo-a-midi-en-ile-de-france","status":"publish","type":"post","link":"https:\/\/www.europesays.com\/fr\/377450\/","title":{"rendered":"Blocage du 10 septembre, interdiction du transit de poids lourds&#8230; L&rsquo;info \u00e0 midi en \u00cele-de-France"},"content":{"rendered":"<p>            Par<br \/>\n        <strong><br \/>\n            <a href=\"https:\/\/actu.fr\/auteur\/redaction-paris\" title=\"Consulter tous les articles de R\u00e9daction Paris\" target=\"_blank\" rel=\"noopener\">R\u00e9daction Paris<\/a><br \/>\n        <\/strong><\/p>\n<p>        Publi\u00e9 le<\/p>\n<p>            9 sept. 2025 \u00e0 12h02        <\/p>\n<p>\u00c0 Paris, les autorit\u00e9s se pr\u00e9parent aux blocages du 10 septembre, \u00e0 Melun, le maire s\u2019explique sur sa mesure interdisant le transit des poids lourds et \u00e0 Montigny-le-Bretonneux, un collectif de citoyens se lance dans la course aux municipales 2026\u2026 L\u2019actualit\u00e9 est dense en <a href=\"https:\/\/actu.fr\/ile-de-france\/\" target=\"_blank\" rel=\"noopener\">\u00cele-de-France<\/a>, ce mardi 9 septembre 2025.\u00a0<\/p>\n<p>Les informations \u00e0 retenir ce mardi 9 septembre 2025, \u00e0 midi, en \u00cele-de-France<\/p>\n<p class=\" wall-content\"><strong>Paris.<\/strong>\u00a0<a title=\"Lire l&#039;article\" href=\"https:\/\/actu.fr\/ile-de-france\/paris_75056\/rassemblement-devant-l-elysee-operations-coup-de-poing-ce-qui-est-prevu-pour-le-10-septembre-a-paris_63133063.html\" target=\"_blank\" rel=\"noopener\"><strong>Rassemblement devant l\u2019\u00c9lys\u00e9e, op\u00e9rations coup de poing\u2026 Ce qui est pr\u00e9vu pour le 10 septembre<\/strong><\/a><br \/>Le mouvement du 10 septembre, baptis\u00e9 \u00ab\u00a0Bloquons tout\u00a0\u00bb, appelle \u00e0 un ensemble de rassemblements, perturbations, gr\u00e8ves et autres op\u00e9rations \u00e0 Paris et en \u00cele-de-France.<\/p>\n<p class=\" wall-content\"><strong>Essonne.<\/strong>\u00a0<a title=\"Lire l&#039;article\" href=\"https:\/\/actu.fr\/economie\/essonne-voici-ou-faire-vos-courses-au-meilleur-prix-selon-ce-classement-de-l-ufc-que-choisir_63130013.html\" target=\"_blank\" rel=\"noopener\"><strong>Voici o\u00f9 faire vos courses au meilleur prix selon ce classement de l\u2019UFC-Que Choisir<\/strong><\/a><br \/>L\u2019association UFC-Que Choisir a cr\u00e9\u00e9 une carte interactive recensant les supermarch\u00e9s les moins chers pour faire ses courses pr\u00e8s de chez soi. Qu\u2019en est-il en Essonne ?<\/p>\n<p class=\" wall-content\"><strong>Seine-et-Marne.<\/strong>\u00a0<a title=\"Lire l&#039;article\" href=\"https:\/\/actu.fr\/ile-de-france\/melun_77288\/cest-necessaire-a-melun-le-maire-signe-un-arrete-pour-interdire-le-transit-des-poids-lourds_63132945.html\" target=\"_blank\" rel=\"noopener\"><strong>\u00ab C\u2019est n\u00e9cessaire \u00bb : \u00e0 Melun, le maire signe un arr\u00eat\u00e9 pour interdire le transit des poids lourds<\/strong><\/a><br \/>Se basant sur une \u00e9tude du trafic routier, le maire de Melun a pris un arr\u00eat\u00e9 municipal ce 3 septembre pour interdire le transit des poids lourds de plus de 3,5t dans la ville.<\/p>\n<p class=\" wall-content\"><strong>Val-d\u2019Oise.<\/strong>\u00a0<a title=\"Lire l&#039;article\" href=\"https:\/\/actu.fr\/ile-de-france\/montigny-les-cormeilles_95424\/ce-nouveau-musee-du-val-doise-prend-le-nom-de-son-maire-recemment-disparu-jean-noel-carpentier_63131369.html\" target=\"_blank\" rel=\"noopener\"><strong>Ce nouveau mus\u00e9e prend le nom de son maire r\u00e9cemment disparu, Jean-No\u00ebl Carpentier<\/strong><\/a><br \/>Consacr\u00e9 \u00e0 l\u2019histoire de la commune, le nouveau mus\u00e9e de Montigny-l\u00e8s-Cormeilles est situ\u00e9 au rez-de-chauss\u00e9e de l\u2019H\u00f4tel de ville.<\/p>\n<p class=\" wall-content\"><strong>Yvelines.\u00a0<\/strong><a title=\"Lire l&#039;article\" href=\"https:\/\/actu.fr\/ile-de-france\/montigny-le-bretonneux_78423\/municipales-2026-cette-liste-citoyenne-repart-pour-la-deuxieme-fois-a-montigny-le-bretonneux_63133700.html\" target=\"_blank\" rel=\"noopener\"><strong>Municipales 2026 : cette liste citoyenne repart pour la deuxi\u00e8me fois \u00e0 Montigny-le-Bretonneux<\/strong><\/a><br \/>A Montigny-le-Bretonneux (Yvelines), le collectif Aimes organise une r\u00e9union de lancement de sa campagne, jeudi 18 septembre 2025 en vue des \u00e9lections municipales de mars 2026.<\/p>\n<p>Suivez-nous pour en savoir plus\u2009!<\/p>\n<p class=\" wall-content wall-content wall-content\">Vous voulez plus d\u2019infos sur l\u2019\u00cele-de-France\u2009? Vous pouvez nous retrouver sur actu \u00cele-de-France. Pour nous suivre sur les r\u00e9seaux sociaux, dans vos d\u00e9partements\u2009:<\/p>\n<p class=\" wall-content wall-content wall-content\"><strong>Paris<\/strong>\u2009: retrouvez\u00a0actu\u00a0Paris\u00a0sur\u00a0<a href=\"https:\/\/www.facebook.com\/actufr.paris\/\" target=\"_blank\" rel=\"noopener\">Facebook<\/a>\u00a0et\u00a0<a href=\"https:\/\/twitter.com\/actufrparis\" target=\"_blank\" rel=\"noopener\">Twitter<\/a>\u2009;<br \/><strong>Seine-et-Marne<\/strong>\u2009: retrouvez\u00a0La R\u00e9publique de Seine-et-Marne\u00a0(sud) sur\u00a0<a href=\"https:\/\/www.facebook.com\/RepubliqueSeineMarne\/\" target=\"_blank\" rel=\"noopener\">Facebook<\/a>\u00a0et\u00a0<a href=\"https:\/\/twitter.com\/LaRep77\" target=\"_blank\" rel=\"noopener\">Twitter<\/a>\u2009;\u00a0La Marne\u00a0(nord) sur\u00a0<a href=\"https:\/\/www.facebook.com\/journallarmarne\/?__tn__=%2Cd%2CP-R&amp;eid=ARDLZc91LaHbXzDwChLLLQJVMBLx_ABJremTC2-RG0CYvg0f4f8CLvbV5G1Lli4g_6QoXDcKkU1_LX1W\" target=\"_blank\" rel=\"noopener\">Facebook<\/a>\u00a0et\u00a0<a href=\"https:\/\/twitter.com\/JournalLaMarne\" target=\"_blank\" rel=\"noopener\">Twitter<\/a>\u2009; et\u00a0Le Pays Briard\u00a0sur\u00a0<a href=\"https:\/\/www.facebook.com\/LePaysBriard\/?ref=bookmarks\" target=\"_blank\" rel=\"noopener\">Facebook<\/a>\u00a0et\u00a0<a href=\"https:\/\/twitter.com\/LePaysBriard\" target=\"_blank\" rel=\"noopener\">Twitter<\/a>\u2009;<br \/><strong>Yvelines\u2009:<\/strong>\u00a0retrouvez\u00a078actu\u00a0sur\u00a0<a href=\"https:\/\/www.facebook.com\/78actu\/\" target=\"_blank\" rel=\"noopener\">Facebook<\/a>\u00a0et\u00a0<a href=\"https:\/\/x.com\/78actu\">Twitter<\/a>\u2009;<br \/><strong>Essonne\u2009:<\/strong>\u00a0retrouvez\u00a0actu Essonne\u00a0sur\u00a0<a href=\"https:\/\/www.facebook.com\/actuessonne\/?ref=br_rs\" target=\"_blank\" rel=\"noopener\">Facebook<\/a>\u00a0et\u00a0<a href=\"https:\/\/twitter.com\/ActuEssonne\" target=\"_blank\" rel=\"noopener\">Twitter<\/a>\u2009;<br \/><strong>Hauts-de-Seine\u2009:<\/strong>\u00a0retrouvez\u00a0actu\u00a0Hauts-de-Seine\u00a0sur\u00a0<a href=\"https:\/\/www.facebook.com\/actufr.hautsdeseine\/\" target=\"_blank\" rel=\"noopener\">Facebook<\/a>\u00a0et\u00a0<a href=\"https:\/\/twitter.com\/actufr92\" target=\"_blank\" rel=\"noopener\">Twitter<\/a>\u2009;<br \/><strong>Seine-Saint-Denis\u2009:<\/strong>\u00a0retrouvez actu Seine-Saint-Denis sur\u00a0<a href=\"https:\/\/www.facebook.com\/actufr.seinesaintdenis\/\" target=\"_blank\" rel=\"noopener\">Facebook<\/a>\u00a0et\u00a0<a href=\"https:\/\/x.com\/Actufr93\">Twitter<\/a>\u2009;<br \/><strong>Val-de-Marne\u2009:\u00a0<\/strong>retrouvez actu Val-de-Marne sur\u00a0<a href=\"https:\/\/www.facebook.com\/actu94.valdemarne\/\" target=\"_blank\" rel=\"noopener\">Facebook<\/a>\u00a0et\u00a0<a href=\"https:\/\/x.com\/actufr94\">Twitter<\/a>\u2009;<br \/><strong>Val-d\u2019Oise\u2009:\u00a0<\/strong>retrouvez La Gazette du Val-d\u2019Oise sur\u00a0<a href=\"https:\/\/x.com\/actufr94\">Twitter<\/a><\/p>\n<p class=\" wall-content\">Personnalisez votre actualit\u00e9 en ajoutant vos villes et m\u00e9dias en favori avec <a href=\"https:\/\/moncompte.actu.fr\" title=\"D\u00e9couvez Mon Actu\" rel=\"nofollow noopener\" data-trk=\"{&quot;cta&quot;:{&quot;action&quot;:&quot;https:\\\/\\\/moncompte.actu.fr&quot;,&quot;category&quot;:&quot;mon compte&quot;,&quot;from&quot;:&quot;article footer&quot;,&quot;name&quot;:&quot;Mon actu&quot;,&quot;type&quot;:&quot;cta&quot;}}\" target=\"_blank\">Mon Actu<\/a>.<\/p>\n<p>                    <script async src=\"https:\/\/platform.twitter.com\/widgets.js\" charset=\"utf-8\"><\/script><\/p>\n","protected":false},"excerpt":{"rendered":"Par R\u00e9daction Paris Publi\u00e9 le 9 sept. 2025 \u00e0 12h02 \u00c0 Paris, les autorit\u00e9s se pr\u00e9parent aux blocages&hellip;\n","protected":false},"author":2,"featured_media":377451,"comment_status":"","ping_status":"","sticky":false,"template":"","format":"standard","meta":{"footnotes":""},"categories":[1592],"tags":[1111,11,1777,674,1011,27,662,1272,12,626,1800,2922,25,104],"class_list":{"0":"post-377450","1":"post","2":"type-post","3":"status-publish","4":"format-standard","5":"has-post-thumbnail","7":"category-ile-de-france","8":"tag-actu","9":"tag-actualites","10":"tag-eu","11":"tag-europe","12":"tag-fr","13":"tag-france","14":"tag-ile-de-france","15":"tag-manifestations","16":"tag-news","17":"tag-paris","18":"tag-pollution","19":"tag-pouvoir-dachat","20":"tag-republique-francaise","21":"tag-societe"},"share_on_mastodon":{"url":"https:\/\/pubeurope.com\/@fr\/115173796548860639","error":""},"_links":{"self":[{"href":"https:\/\/www.europesays.com\/fr\/wp-json\/wp\/v2\/posts\/377450","targetHints":{"allow":["GET"]}}],"collection":[{"href":"https:\/\/www.europesays.com\/fr\/wp-json\/wp\/v2\/posts"}],"about":[{"href":"https:\/\/www.europesays.com\/fr\/wp-json\/wp\/v2\/types\/post"}],"author":[{"embeddable":true,"href":"https:\/\/www.europesays.com\/fr\/wp-json\/wp\/v2\/users\/2"}],"replies":[{"embeddable":true,"href":"https:\/\/www.europesays.com\/fr\/wp-json\/wp\/v2\/comments?post=377450"}],"version-history":[{"count":0,"href":"https:\/\/www.europesays.com\/fr\/wp-json\/wp\/v2\/posts\/377450\/revisions"}],"wp:featuredmedia":[{"embeddable":true,"href":"https:\/\/www.europesays.com\/fr\/wp-json\/wp\/v2\/media\/377451"}],"wp:attachment":[{"href":"https:\/\/www.europesays.com\/fr\/wp-json\/wp\/v2\/media?parent=377450"}],"wp:term":[{"taxonomy":"category","embeddable":true,"href":"https:\/\/www.europesays.com\/fr\/wp-json\/wp\/v2\/categories?post=377450"},{"taxonomy":"post_tag","embeddable":true,"href":"https:\/\/www.europesays.com\/fr\/wp-json\/wp\/v2\/tags?post=377450"}],"curies":[{"name":"wp","href":"https:\/\/api.w.org\/{rel}","templated":true}]}}