{"id":377452,"date":"2025-09-09T10:10:14","date_gmt":"2025-09-09T10:10:14","guid":{"rendered":"https:\/\/www.europesays.com\/fr\/377452\/"},"modified":"2025-09-09T10:10:14","modified_gmt":"2025-09-09T10:10:14","slug":"manifestations-dans-les-rues-perturbations-dans-les-transports-fermeture-des-ecoles-a-quoi-sattendre-lors-du-mouvement-bloquons-tout-le-10-septembre","status":"publish","type":"post","link":"https:\/\/www.europesays.com\/fr\/377452\/","title":{"rendered":"Manifestations dans les rues, perturbations dans les transports, fermeture des \u00e9coles\u2026 A quoi s&rsquo;attendre lors du mouvement \u00ab\u00a0Bloquons tout\u00a0\u00bb le 10\u00a0septembre"},"content":{"rendered":"\n<p class=\"c-chapo \">\n  La CGT-Cheminots, premier syndicat de la SNCF, a appel\u00e9 \u00e0 \u00ab\u00a0participer massivement\u00a0\u00bb \u00e0 la gr\u00e8ve le 10 septembre, d\u00e9non\u00e7ant le manque de consid\u00e9ration de \u00ab\u00a0la p\u00e9nibilit\u00e9 du travail des cheminots\u00a0\u00bb et \u00ab\u00a0l&rsquo;aust\u00e9rit\u00e9 budg\u00e9taire dans le secteur des transports\u00a0\u00bb.\n<\/p>\n<p>            lire plus tard<\/p>\n<p id=\"dialog__title\" class=\"dialog__title\">Pour sauvegarder cet article, connectez-vous ou cr\u00e9ez un compte franceinfo<\/p>\n<p class=\"dialog__description\">Sans paiement. Sans abonnement.<\/p>\n<p>        Fermer la fen\u00eatre d\u2019activation des notifications France Info<\/p>\n<p>            cr\u00e9er votre compte<\/p>\n<p>            se connecter<\/p>\n<p>        Fermer la fen\u00eatre de pr\u00e9sentation<\/p>\n<p>    <img loading=\"lazy\" decoding=\"async\" class=\"signature__image lazyload\" width=\"100\" height=\"100\" data- alt=\"\" src=\"https:\/\/www.europesays.com\/fr\/wp-content\/uploads\/2025\/06\/64a55fd777de4_placeholder-36b69ec8.png\"\/><\/p>\n<p>    Publi\u00e9 le 09\/09\/2025 11:03<\/p>\n<p>      Mis \u00e0 jour le 09\/09\/2025 11:10<\/p>\n<p>        Temps de lecture : 8min<\/p>\n<p>    <img decoding=\"async\"  alt=\"Des voyageurs \u00e0 la gare Saint-Lazare, \u00e0 Paris, le 26 juin 2025. (HENRIQUE CAMPOS \/ HANS LUCAS \/ AFP)\" width=\"432\" height=\"243\" src=\"https:\/\/www.europesays.com\/fr\/wp-content\/uploads\/2025\/09\/080-hl-hcampos-2811813-68be8c264dcfc560778033.jpg\" fetchpriority=\"high\"\/><\/p>\n<p>      Des voyageurs \u00e0 la gare Saint-Lazare, \u00e0 Paris, le 26 juin 2025. (HENRIQUE CAMPOS \/ HANS LUCAS \/ AFP)<\/p>\n<p>Comment le mouvement \u00ab\u00a0Bloquons tout le 10 septembre\u00a0\u00bb va-t-il se traduire sur le terrain\u00a0? Si des rassemblements se tiennent localement lors d&rsquo;<a href=\"https:\/\/www.franceinfo.fr\/societe\/bloquons-tout-mouvement-du-10-septembre\/reportage-faire-quelque-chose-de-notre-colere-en-ardeche-des-citoyens-s-organisent-en-vue-du-mouvement-bloquons-tout-le-10-septembre_7458112.html\" rel=\"nofollow noopener\" target=\"_blank\">assembl\u00e9es citoyennes<\/a> pour tenter d&rsquo;organiser la mobilisation, et que des \u00e9changes animent des boucles Telegram, difficile de pr\u00e9voir l&rsquo;ampleur des actions qui vont \u00eatre men\u00e9es. Franceinfo fait le point sur les cort\u00e8ges attendus dans les rues, et les perturbations attendues dans les \u00e9coles ou encore les transports.<\/p>\n<p>Quelque 100\u00a0000 manifestants attendus, selon une note des renseignements<\/p>\n<p>L&rsquo;ampleur du mouvement demeure floue. Une note des renseignements territoriaux, que <a href=\"https:\/\/www.franceinfo.fr\/societe\/bloquons-tout-mouvement-du-10-septembre\/corteges-blocages-de-sites-strategiques-ou-actions-de-sabotage-une-note-des-renseignements-territoriaux-evalue-l-ampleur-du-mouvement-du-10-septembre_7470535.html\" rel=\"nofollow noopener\" target=\"_blank\">franceinfo <\/a>a pu consulter, estimait au 1er septembre\u00a0\u00e0 100\u00a0000 le nombre de participants attendus pour la journ\u00e9e de mobilisation, avec \u00ab\u00a038 manifestations (cort\u00e8ges) annonc\u00e9es\u00a0\u00bb. Des chiffres \u00e0 prendre avec pr\u00e9caution, l&rsquo;organisation \u00e9tant d\u00e9centralis\u00e9e, mouvante et en cours de construction. Toutefois, les renseignements relevaient que les projets les plus fr\u00e9quemment \u00e9voqu\u00e9s concernent \u00ab\u00a0des blocages de sites-axes strat\u00e9giques comme des d\u00e9p\u00f4ts p\u00e9troliers, des facult\u00e9s, des axes routiers, des a\u00e9roports, des voies ferroviaires\u00a0\u00bb.<\/p>\n<p>Le site <a href=\"https:\/\/www.indignonsnous.fr\/\" target=\"_blank\" rel=\"noopener nofollow\">indignonsnous.fr<\/a> a r\u00e9alis\u00e9 \u00ab\u00a0une carte des groupes locaux et th\u00e9matiques\u00a0\u00bb. En plus <a href=\"https:\/\/www.franceinfo.fr\/politique\/gouvernement-de-francois-bayrou\/reportage-si-on-ne-bloque-pas-l-economie-personne-ne-va-nous-entendre-aux-pots-de-depart-de-francois-bayrou-la-journee-du-10-septembre-s-organise-deja_7481848.html\" rel=\"nofollow noopener\" target=\"_blank\">de pots de d\u00e9part de Fran\u00e7ois Bayrou lundi<\/a>, elle pointe pour mercredi des \u00e9v\u00e9nements vari\u00e9s\u00a0: une assembl\u00e9e populaire \u00e0 Bar-le-Duc (Meuse), une action visant une raffinerie TotalEnergies \u00e0 Grandpuits (Seine-et-Marne), ou encore un rassemblement sur un rond-point \u00e0 Riom (Puy-de-D\u00f4me). Une <a href=\"https:\/\/cartedesagbfc.gogocarto.fr\/map?fbclid=IwY2xjawMruB5leHRuA2FlbQIxMABicmlkETBJMFM5UENFaFkyeEJpaFVMAR6ZEL5z8MSdBclVzqMLgTjFWb87S38Jp1vuK193AKiufhgAo0YrtGbXbDKpEA_aem_3HK429uBk5Yape5_fwyMmA#\/carte\/@44.83,-0.58,5z?cat=all\" target=\"_blank\" rel=\"noopener nofollow\">carte sur un autre site<\/a> recense dans tout l&rsquo;Hexagone quelque 570 actions et organisations.<\/p>\n<p>Certains manifestants pourraient viser des symboles de la consommation comme des centres commerciaux, des plateformes Amazon, note\u00a0<a href=\"https:\/\/france3-regions.franceinfo.fr\/bretagne\/cotes-d-armor\/guingamp\/blocages-du-10-septembre-a-quoi-s-attendre-en-bretagne-ronds-points-centres-commerciaux-le-mouvement-se-precise-3211475.html\" rel=\"nofollow noopener\" target=\"_blank\">France\u00a03 Bretagne<\/a>, qui rapporte que \u00ab\u00a0des d\u00e9p\u00f4ts p\u00e9troliers, notamment celui de Lorient\u00a0\u00bb, sont dans le viseur des manifestants. Dans la Creuse, la plus grosse action du d\u00e9partement devrait \u00eatre \u00e0 l&rsquo;\u00e9changeur de la Croisi\u00e8re, au croisement de la RN145 et de l&rsquo;A20, \u00e0 La Souterraine, a rapport\u00e9 <a href=\"https:\/\/france3-regions.franceinfo.fr\/nouvelle-aquitaine\/haute-vienne\/limoges\/mobilisation-bloquons-tout-barrage-filtrant-greve-ecole-a-quoi-s-attendre-ce-10-septembre-en-limousin-3210653.html\" rel=\"nofollow noopener\" target=\"_blank\">France 3 Nouvelle-Aquitaine<\/a>. Le site rappelle qu&rsquo;un barrage filtrant avait d\u00e9j\u00e0 \u00e9t\u00e9 install\u00e9 au m\u00eame endroit lors du mouvement des \u00ab\u00a0gilets jaunes\u00a0\u00bb.<\/p>\n<p>Dans l&rsquo;Ouest, des manifestants ont annonc\u00e9 des rassemblements mercredi matin d\u00e8s 6\u00a0heures pour tenter de bloquer les rocades de Rennes (Ille-et-Vilaine) et Nantes (Loire-Atlantique). Des actions similaires ou des barrages filtrants sont \u00e9galement signal\u00e9s dans les boucles de messagerie \u00e0 Brest (Finist\u00e8re), Vannes (Morbihan) ou \u00e0 Caen (Calvados).<\/p>\n<p>Des manifestations plus classiques sont aussi pr\u00e9vues, comme \u00e0 Marseille (Bouches-du-Rh\u00f4ne), avec un d\u00e9part \u00e0 10\u00a0heures depuis le quartier des R\u00e9form\u00e9s, dans le centre-ville, rapporte <a href=\"https:\/\/france3-regions.franceinfo.fr\/provence-alpes-cote-d-azur\/bouches-du-rhone\/greve-du-10-septembre-a-marseille-fos-ou-aix-ce-que-l-on-sait-et-ce-que-l-on-ne-sait-pas-sur-les-actions-et-blocages-prevus-3212444.html\" rel=\"nofollow noopener\" target=\"_blank\">France 3 Provence-Alpes-C\u00f4te d&rsquo;Azur<\/a>.\u00a0Une manifestation est par ailleurs pr\u00e9vue \u00e0 Nantes (Loire-Atlantique) d\u00e8s 11\u00a0heures, \u00e0 Paris, place du Ch\u00e2telet, d\u00e8s 13\u00a0heures ou encore \u00e0 Toulouse \u00e0 14h30.<\/p>\n<p>80\u00a0000 policiers et gendarmes mobilis\u00e9s<\/p>\n<p>Le ministre de l&rsquo;Int\u00e9rieur, Bruno Retailleau, ne croit pas \u00e0 \u00ab\u00a0des mouvements d&rsquo;ampleur\u00a0\u00bb, mais a \u00e9voqu\u00e9 la possibilit\u00e9 \u00ab\u00a0d&rsquo;actions spectaculaires\u00a0\u00bb. Il <a href=\"https:\/\/www.franceinfo.fr\/societe\/bloquons-tout-mouvement-du-10-septembre\/mobilisation-du-10-septembre-bruno-retailleau-demande-aux-prefets-d-entraver-toute-tentative-de-blocage-des-infrastructures-essentielles_7473328.html\" rel=\"nofollow noopener\" target=\"_blank\">a demand\u00e9 aux pr\u00e9fets<\/a> d&rsquo;entraver \u00ab\u00a0toute tentative de blocage des infrastructures essentielles\u00a0\u00bb. \u00ab\u00a0Toute tentative de blocage des infrastructures essentielles \u00e0 la vie de la Nation devra \u00eatre entrav\u00e9e en amont et le cas \u00e9ch\u00e9ant faire syst\u00e9matiquement l&rsquo;objet d&rsquo;un d\u00e9blocage dans les d\u00e9lais les plus brefs\u00a0\u00bb, a ordonn\u00e9 le ministre de l&rsquo;Int\u00e9rieur.<\/p>\n<p>Les forces de l&rsquo;ordre devront intervenir sur tous les fronts, \u00ab\u00a0gares, ports, a\u00e9roports, transports en commun, axes routiers structurants, les d\u00e9p\u00f4ts p\u00e9troliers, plateformes logistiques, les centrales \u00e9lectriques, les usines d&rsquo;incin\u00e9ration de d\u00e9chets ou les sites de traitement des eaux, ainsi que les principaux centres d&rsquo;approvisionnement du pays tels que le march\u00e9 d&rsquo;int\u00e9r\u00eat national de Rungis\u00a0\u00bb. Bruno Retailleau a estim\u00e9 que \u00ab\u00a0la mouvance d&rsquo;extr\u00eame gauche, d&rsquo;ultragauche, aid\u00e9e par la CGT\u00a0\u00bb allait \u00ab\u00a0\u00eatre \u00e0 l&rsquo;\u0153uvre\u00a0\u00bb mercredi. Quelque \u00ab\u00a080\u00a0000 gendarmes et policiers\u00a0\u00bb seront mobilis\u00e9s, a-t-il annonc\u00e9 lundi soir sur le plateau du \u00ab\u00a020 heures\u00a0\u00bb de France\u00a02.<\/p>\n<p>    <img decoding=\"async\" class=\"francetv-player-wrapper__image\" alt=\"Le ministre de l'Int\u00e9rieur Bruno Retailleau sur France 2 le 8 septembre 2025.\"  width=\"432\" height=\"243\" src=\"https:\/\/www.europesays.com\/fr\/wp-content\/uploads\/2025\/09\/https:\/\/assets.webservices.francetelevisions.fr\/v1\/assets\/images\/0e\/78\/fb\/56dff6ef-31d4-47a8-96a2-48.jpeg\" fetchpriority=\"high\"\/><\/p>\n<p>              Le ministre de l&rsquo;Int\u00e9rieur Bruno Retailleau sur France 2 le 8 septembre 2025.<br \/>\n                    (FRANCE 2)<\/p>\n<p>      3min<\/p>\n<p>\u00ab\u00a0On s&rsquo;attend \u00e0 des actions coups de poing (\u2026) on se pr\u00e9pare \u00e0 y r\u00e9pondre, y compris dans la nuit\u00a0\u00bb, a ajout\u00e9 le pr\u00e9fet de police de Paris, Laurent Nu\u00f1ez, mardi, sur BFMTV, \u00e9voquant \u00ab\u00a0des actes de sabotage visant les transports publics\u00a0\u00bb.<\/p>\n<p>\u00ab\u00a0La derni\u00e8re cartouche qui reste au gouvernement, c&rsquo;est de rendre impopulaires les mobilisations, c&rsquo;est de faire peur\u00a0\u00bb, a comment\u00e9 Sophie Binet, num\u00e9ro un de la CGT, sur <a href=\"https:\/\/www.franceinfo.fr\/societe\/bloquons-tout-mouvement-du-10-septembre\/mobilisation-du-10-septembre-le-gouvernement-veut-faire-peur-en-evoquant-des-risques-de-violences-denonce-sophie-binet_7478641.html\" rel=\"nofollow noopener\" target=\"_blank\">France 3<\/a>. \u00ab\u00a0Et c&rsquo;est le discours que va tenter de faire monter Monsieur Retailleau en faisant passer celles et ceux qui se mobilisent pour des personnes violentes.\u00a0\u00bb<\/p>\n<p>Trafic l\u00e9g\u00e8rement perturb\u00e9 dans les transports<\/p>\n<p>Sur les rails, la CGT-Cheminots, premier syndicat de la SNCF, a appel\u00e9 \u00e0 \u00ab\u00a0participer massivement\u00a0\u00bb \u00e0 la gr\u00e8ve le 10 septembre. Le troisi\u00e8me syndicat de cheminots, SUD-Rail, a \u00e9galement appel\u00e9 \u00e0 faire gr\u00e8ve. Mais la SNCF a finalement annonc\u00e9 lundi que <a href=\"https:\/\/www.franceinfo.fr\/societe\/bloquons-tout-mouvement-du-10-septembre\/mouvement-bloquons-tout-le-10-septembre-la-sncf-et-la-ratp-anticipent-un-trafic-quasi-normal-sur-leur-reseau_7480723.html\" rel=\"nofollow noopener\" target=\"_blank\">les TGV Inoui, Ouigo et internationaux circuleront \u00ab\u00a0normalement\u00a0\u00bb<\/a> <a href=\"https:\/\/www.franceinfo.fr\/societe\/bloquons-tout-mouvement-du-10-septembre\/mouvement-bloquons-tout-le-10-septembre-la-sncf-et-la-ratp-anticipent-un-trafic-quasi-normal-sur-leur-reseau_7480723.html\" rel=\"nofollow noopener\" target=\"_blank\"><\/a>mercredi.<\/p>\n<p>En Ile-de-France, la RATP a fait savoir lundi que le trafic serait \u00ab\u00a0perturb\u00e9\u00a0\u00bb sur le RER\u00a0B, mais \u00ab\u00a0quasi normal\u00a0\u00bb pour les r\u00e9seaux de m\u00e9tro et de bus. Il estime que les circulations du RER\u00a0A et des tramways qu&rsquo;il g\u00e8re ne seront pas affect\u00e9es. Le 10 septembre n&rsquo;est pas une priorit\u00e9 pour les quatre principaux syndicats de la RATP \u2013\u00a0la CGT, Force ouvri\u00e8re, Unsa-Mobilit\u00e9 et la CFE-CGC. Ils ont appel\u00e9 \u00e0 la gr\u00e8ve le 18 septembre dans un communiqu\u00e9 commun. \u00ab\u00a0Pourquoi tous les syndicats n&rsquo;appellent pas tous au 10\u00a0?\u00a0\u00bb, s&rsquo;est agac\u00e9 <a href=\"https:\/\/www.franceinfo.fr\/societe\/bloquons-tout-mouvement-du-10-septembre\/reportage-sur-la-duree-ca-m-etonnerait-que-ca-tienne-au-technicentre-sncf-de-chatillon-les-cheminots-prets-a-se-mobiliser-le-10-septembre-mais-mitiges-sur-l-ampleur-du-mouvement_7478347.html\" rel=\"nofollow noopener\" target=\"_blank\">aupr\u00e8s de franceinfo<\/a> un cheminot membre de SUD-Rail en Ile-de-France.<\/p>\n<p>Dans les a\u00e9roports, des perturbations sont attendues. SUD A\u00e9rien, qui repr\u00e9sente une petite partie du personnel du transport a\u00e9rien, appelle \u00e0 la gr\u00e8ve et au blocage des a\u00e9roports, en rejoignant le mouvement national contre l&rsquo;aust\u00e9rit\u00e9. La CGT Air France pr\u00e9voit pour sa part un appel \u00e0 la gr\u00e8ve les 10 et 18 septembre. Pr\u00e9sent \u00e0 la fois en r\u00e9gion parisienne, mais aussi \u00e0 Marseille et Toulouse, la mobilisation devrait \u00eatre tr\u00e8s suivie, selon les informations du service \u00e9conomie de France T\u00e9l\u00e9visions, pr\u00e9cisant qu&rsquo;il est encore difficile d&rsquo;imaginer le nombre de gr\u00e9vistes. En revanche, le Syndicat national des pilotes de ligne (SNPL), premi\u00e8re organisation de la profession, a d\u00e9clar\u00e9 qu&rsquo;il n&rsquo;appellerait pas \u00e0 la gr\u00e8ve.<\/p>\n<p>Dans l&rsquo;Education nationale, les syndicats appellent une \u00ab\u00a0rentr\u00e9e combative\u00a0\u00bb et \u00e0 \u00ab\u00a0participer massivement\u00a0\u00bb<\/p>\n<p>La f\u00e9d\u00e9ration CGT de la Fonction publique appelle les fonctionnaires \u00e0 participer au mouvement. \u00ab\u00a0Face au m\u00e9pris et \u00e0 l&rsquo;aust\u00e9rit\u00e9\u00a0\u00bb, la CGT Educ&rsquo;action appelle \u00e0 \u00ab\u00a0une rentr\u00e9e combative\u00a0\u00bb avec ce mot d&rsquo;ordre\u00a0: \u00ab\u00a0En gr\u00e8ve d\u00e8s le 10 septembre et construisons la suite.\u00a0\u00bb\u00a0De son c\u00f4t\u00e9, le syndicat d&rsquo;enseignants SUD-Education appelle les personnels des \u00e9coles \u00ab\u00a0\u00e0 se mettre en gr\u00e8ve d\u00e8s le 10 septembre et participer massivement \u00e0 toutes les initiatives\u00a0\u00bb.<\/p>\n<p>Quant \u00e0 l&rsquo;Unef, union syndicale \u00e9tudiante, elle a aussi appel\u00e9 \u00e0 se mobiliser \u00e0 partir du 10 septembre. \u00ab\u00a0Depuis l&rsquo;arriv\u00e9e d&rsquo;Emmanuel Macron au pouvoir, on a quand m\u00eame une pr\u00e9carit\u00e9 chez les \u00e9tudiants qui ne fait qu&rsquo;augmenter\u00a0\u00bb, a d\u00e9plor\u00e9 Hania Hamidi, la secr\u00e9taire g\u00e9n\u00e9rale de la formation. \u00ab\u00a0On doit prendre part \u00e0 ce mouvement social, parce qu&rsquo;on est les premiers et les premi\u00e8res concern\u00e9s par le budget. On est quand m\u00eame les futurs citoyens de la France\u00a0\u00bb, a estim\u00e9 Sofia Tizaoui, la pr\u00e9sidente de l&rsquo;Union syndicale lyc\u00e9enne (USL).<\/p>\n","protected":false},"excerpt":{"rendered":"La CGT-Cheminots, premier syndicat de la SNCF, a appel\u00e9 \u00e0 \u00ab\u00a0participer massivement\u00a0\u00bb \u00e0 la gr\u00e8ve le 10 septembre,&hellip;\n","protected":false},"author":2,"featured_media":377453,"comment_status":"","ping_status":"","sticky":false,"template":"","format":"standard","meta":{"footnotes":""},"categories":[1888],"tags":[1111,1928,11,1927,1777,674,1011,27,12,1926,626,1925,25],"class_list":{"0":"post-377452","1":"post","2":"type-post","3":"status-publish","4":"format-standard","5":"has-post-thumbnail","7":"category-paris","8":"tag-actu","9":"tag-actu-paris","10":"tag-actualites","11":"tag-actualites-paris","12":"tag-eu","13":"tag-europe","14":"tag-fr","15":"tag-france","16":"tag-news","17":"tag-news-paris","18":"tag-paris","19":"tag-paris-news","20":"tag-republique-francaise"},"share_on_mastodon":{"url":"https:\/\/pubeurope.com\/@fr\/115173800593777607","error":""},"_links":{"self":[{"href":"https:\/\/www.europesays.com\/fr\/wp-json\/wp\/v2\/posts\/377452","targetHints":{"allow":["GET"]}}],"collection":[{"href":"https:\/\/www.europesays.com\/fr\/wp-json\/wp\/v2\/posts"}],"about":[{"href":"https:\/\/www.europesays.com\/fr\/wp-json\/wp\/v2\/types\/post"}],"author":[{"embeddable":true,"href":"https:\/\/www.europesays.com\/fr\/wp-json\/wp\/v2\/users\/2"}],"replies":[{"embeddable":true,"href":"https:\/\/www.europesays.com\/fr\/wp-json\/wp\/v2\/comments?post=377452"}],"version-history":[{"count":0,"href":"https:\/\/www.europesays.com\/fr\/wp-json\/wp\/v2\/posts\/377452\/revisions"}],"wp:featuredmedia":[{"embeddable":true,"href":"https:\/\/www.europesays.com\/fr\/wp-json\/wp\/v2\/media\/377453"}],"wp:attachment":[{"href":"https:\/\/www.europesays.com\/fr\/wp-json\/wp\/v2\/media?parent=377452"}],"wp:term":[{"taxonomy":"category","embeddable":true,"href":"https:\/\/www.europesays.com\/fr\/wp-json\/wp\/v2\/categories?post=377452"},{"taxonomy":"post_tag","embeddable":true,"href":"https:\/\/www.europesays.com\/fr\/wp-json\/wp\/v2\/tags?post=377452"}],"curies":[{"name":"wp","href":"https:\/\/api.w.org\/{rel}","templated":true}]}}