{"id":377454,"date":"2025-09-09T10:11:10","date_gmt":"2025-09-09T10:11:10","guid":{"rendered":"https:\/\/www.europesays.com\/fr\/377454\/"},"modified":"2025-09-09T10:11:10","modified_gmt":"2025-09-09T10:11:10","slug":"le-defile-loreal-paris-2025-sinstalle-devant-lhotel-de-ville-paris-select","status":"publish","type":"post","link":"https:\/\/www.europesays.com\/fr\/377454\/","title":{"rendered":"Le d\u00e9fil\u00e9 L\u2019Or\u00e9al Paris 2025 s\u2019installe devant l\u2019H\u00f4tel de Ville \u2013 Paris Select"},"content":{"rendered":"<p><strong>Le 29 septembre 2025, L\u2019Or\u00e9al Paris fait son show en plein c\u0153ur de la capitale avec un catwalk en acc\u00e8s libre. L\u2019\u00e9v\u00e9nement promet glamour, innovation beaut\u00e9 et engagement.<\/strong><\/p>\n<p>Chaque rentr\u00e9e, L\u2019Or\u00e9al Paris prend ses quartiers dans un lieu embl\u00e9matique de la ville pour y d\u00e9rouler son <strong>d\u00e9fil\u00e9 annuel<\/strong>. Apr\u00e8s les <strong>Champs-\u00c9lys\u00e9es<\/strong>, la <strong>Tour Eiffel<\/strong> ou encore <strong>l\u2019Op\u00e9ra Garnier<\/strong>, la marque posera cette fois son podium devant <strong>l\u2019H\u00f4tel de Ville de Paris<\/strong>, dans le tr\u00e8s anim\u00e9 4e arrondissement. Une nouvelle d\u00e9monstration de son ancrage parisien\u2026 et de son sens du spectacle.<\/p>\n<p>Pr\u00e9vu pour le lundi 29 septembre 2025 \u00e0 21h, ce <strong>d\u00e9fil\u00e9 de mode et de beaut\u00e9<\/strong> s\u2019inscrira dans le cadre de la <strong>Semaine de la mode parisienne<\/strong>, mais avec une sp\u00e9cificit\u00e9 : l\u2019acc\u00e8s est <strong>ouvert au public<\/strong>, sur r\u00e9servation et dans la limite des places disponibles.<\/p>\n<p>Beaut\u00e9, diversit\u00e9 et star system<\/p>\n<p>Pour cette <strong>huiti\u00e8me \u00e9dition<\/strong>, L\u2019Or\u00e9al Paris ne change pas sa formule : une sc\u00e9nographie XXL en ext\u00e9rieur, des looks sign\u00e9s par <strong>Harold James<\/strong> (maquillage) et <strong>St\u00e9phane Lancien<\/strong> (coiffure), et surtout, un <strong>casting international<\/strong> de haut vol.<\/p>\n<p>C\u00f4t\u00e9 c\u00e9l\u00e9brit\u00e9s, la marque annonce d\u00e9j\u00e0 la pr\u00e9sence de <strong>Viola Davis<\/strong>, <strong>Gillian Anderson<\/strong>, <strong>Simone Ashley<\/strong>, <strong>Jane Fonda<\/strong>, <strong>Eva Longoria<\/strong>, <strong>Aishwarya Rai<\/strong>, ou encore <strong>Kendall Jenner<\/strong>, \u00e9g\u00e9rie de la derni\u00e8re collaboration avec <strong>Mugler<\/strong>. La chanteuse <strong>Charlotte Cardin<\/strong> est \u00e9galement attendue, tout comme plusieurs <strong>influenceuses<\/strong> et <strong>ambassadrices<\/strong> L\u2019Or\u00e9al.<\/p>\n<p>Cette ann\u00e9e, le slogan <strong>\u00ab\u00a0Libert\u00e9, \u00c9galit\u00e9, Sororit\u00e9\u00a0\u00bb<\/strong> donne le ton. L\u2019\u00e9v\u00e9nement se veut \u00e0 la fois festif, <strong>inclusif<\/strong> et porteur de valeurs fortes, en phase avec les engagements f\u00e9ministes de la marque.<\/p>\n<p>Un show plan\u00e9taire\u2026 depuis Paris<\/p>\n<p>Si vous ne parvenez pas \u00e0 obtenir une place, pas de panique. Le show sera retransmis <strong>en direct sur les r\u00e9seaux sociaux<\/strong> (TikTok, Instagram, YouTube), sur le site de L\u2019Or\u00e9al Paris, et m\u00eame dans le <strong>m\u00e9tavers via Roblox<\/strong>. Des soir\u00e9es de visionnage sont \u00e9galement pr\u00e9vues dans plusieurs grandes villes.<\/p>\n<p>Infos pratiques<\/p>\n<p>\ud83d\udccd <strong>Lieu :<\/strong> Parvis de l\u2019H\u00f4tel de Ville, Paris 4e<br \/>\ud83d\uddd3\ufe0f Date : Lundi 29 septembre 2025<br \/>\ud83d\udd58 Heure : \u00c0 partir de 21h<br \/>\ud83c\udf9f\ufe0f Acc\u00e8s gratuit sur r\u00e9servation (places limit\u00e9es)<\/p>\n<p>A lire aussi : <a href=\"https:\/\/www.parisselectbook.com\/2025\/09\/08\/sophie-fontanel-insuffle-poesie-et-liberte-aux-galeries-lafayette-paris-haussmann-pour-la-rentree-mode\/\" rel=\"nofollow noopener\" target=\"_blank\">Sophie Fontanel insuffle po\u00e9sie et libert\u00e9 aux Galeries Lafayette Paris Haussmann pour la rentr\u00e9e mode<\/a><\/p>\n","protected":false},"excerpt":{"rendered":"Le 29 septembre 2025, L\u2019Or\u00e9al Paris fait son show en plein c\u0153ur de la capitale avec un catwalk&hellip;\n","protected":false},"author":2,"featured_media":377455,"comment_status":"","ping_status":"","sticky":false,"template":"","format":"standard","meta":{"footnotes":""},"categories":[1888],"tags":[1111,1928,11,1927,1777,674,1011,27,12,1926,626,1925,25],"class_list":{"0":"post-377454","1":"post","2":"type-post","3":"status-publish","4":"format-standard","5":"has-post-thumbnail","7":"category-paris","8":"tag-actu","9":"tag-actu-paris","10":"tag-actualites","11":"tag-actualites-paris","12":"tag-eu","13":"tag-europe","14":"tag-fr","15":"tag-france","16":"tag-news","17":"tag-news-paris","18":"tag-paris","19":"tag-paris-news","20":"tag-republique-francaise"},"share_on_mastodon":{"url":"https:\/\/pubeurope.com\/@fr\/115173804178338977","error":""},"_links":{"self":[{"href":"https:\/\/www.europesays.com\/fr\/wp-json\/wp\/v2\/posts\/377454","targetHints":{"allow":["GET"]}}],"collection":[{"href":"https:\/\/www.europesays.com\/fr\/wp-json\/wp\/v2\/posts"}],"about":[{"href":"https:\/\/www.europesays.com\/fr\/wp-json\/wp\/v2\/types\/post"}],"author":[{"embeddable":true,"href":"https:\/\/www.europesays.com\/fr\/wp-json\/wp\/v2\/users\/2"}],"replies":[{"embeddable":true,"href":"https:\/\/www.europesays.com\/fr\/wp-json\/wp\/v2\/comments?post=377454"}],"version-history":[{"count":0,"href":"https:\/\/www.europesays.com\/fr\/wp-json\/wp\/v2\/posts\/377454\/revisions"}],"wp:featuredmedia":[{"embeddable":true,"href":"https:\/\/www.europesays.com\/fr\/wp-json\/wp\/v2\/media\/377455"}],"wp:attachment":[{"href":"https:\/\/www.europesays.com\/fr\/wp-json\/wp\/v2\/media?parent=377454"}],"wp:term":[{"taxonomy":"category","embeddable":true,"href":"https:\/\/www.europesays.com\/fr\/wp-json\/wp\/v2\/categories?post=377454"},{"taxonomy":"post_tag","embeddable":true,"href":"https:\/\/www.europesays.com\/fr\/wp-json\/wp\/v2\/tags?post=377454"}],"curies":[{"name":"wp","href":"https:\/\/api.w.org\/{rel}","templated":true}]}}