{"id":377460,"date":"2025-09-09T10:14:10","date_gmt":"2025-09-09T10:14:10","guid":{"rendered":"https:\/\/www.europesays.com\/fr\/377460\/"},"modified":"2025-09-09T10:14:10","modified_gmt":"2025-09-09T10:14:10","slug":"qui-est-sofiane-sehili-ce-cycliste-de-lextreme-arrete-en-russie","status":"publish","type":"post","link":"https:\/\/www.europesays.com\/fr\/377460\/","title":{"rendered":"Qui est Sofiane Sehili, ce cycliste de l\u2019extr\u00eame arr\u00eat\u00e9 en Russie\u00a0?"},"content":{"rendered":"<p>Son voyage a pris fin apr\u00e8s 17.728\u00a0km parcourus. Il r\u00eavait de battre le record du monde de la travers\u00e9e eurasienne \u00e0 <a href=\"https:\/\/www.20minutes.fr\/dossier\/velo\" class=\"c-link c-link--is-underlined\" rel=\"nofollow noopener\" target=\"_blank\">v\u00e9lo<\/a>, un parcours reliant <a href=\"https:\/\/www.20minutes.fr\/dossier\/lisbonne\" class=\"c-link c-link--is-underlined\" rel=\"nofollow noopener\" target=\"_blank\">Lisbonne<\/a> \u00e0 Vladivostok, jusqu\u2019ici d\u00e9tenu par l\u2019Allemand Jonas Deichmann. Parti de la capitale portugaise le 1er\u00a0juillet dernier, Sofiane Sehili a abattu chaque jour environ 287\u00a0km. Il n\u2019\u00e9tait qu\u2019\u00e0 170\u00a0km de sa destination finale et \u00e9tait en passe de r\u00e9ussir ce d\u00e9fi un peu fou en moins de 60 jours. <a href=\"https:\/\/www.20minutes.fr\/monde\/4171794-20250908-russie-cycliste-extreme-francais-arrete-incarcere\" class=\"c-link c-link--is-underlined\" rel=\"nofollow noopener\" target=\"_blank\">Lorsqu\u2019il a \u00e9t\u00e9 arr\u00eat\u00e9 par les gardes-fronti\u00e8res russes<\/a>.<\/p>\n<p>Le 2 septembre, le Fran\u00e7ais de 44 ans a affirm\u00e9 sur son compte Instagram qu\u2019il \u00e9tait bloqu\u00e9 \u00e0 la fronti\u00e8re sino-russe apr\u00e8s avoir tent\u00e9 de p\u00e9n\u00e9trer sur le territoire russe deux fois. Selon le magazine <a href=\"https:\/\/www.200-lemagazine.cc\/\" rel=\"nofollow noopener\" target=\"_blank\" class=\"c-link c-link--is-underlined\">200<\/a>, sp\u00e9cialis\u00e9 dans les aventures \u00e0 deux roues, Sofiane Sehili a d\u2019abord tent\u00e9 de franchir la fronti\u00e8re sino-russe \u00e0 Dongning en possession d\u2019un e-visa. \u00ab\u00a0Les gardes fronti\u00e8res chinois l\u2019ont refoul\u00e9, arguant que le passage est r\u00e9serv\u00e9 aux populations locales\u00a0\u00bb, \u00e9crit la revue.<\/p>\n<p>\u00ab\u00a0Il n\u2019a pas pris la mesure de la chose\u00a0\u00bb<\/p>\n<p>Le cycliste a alors tent\u00e9 sa chance \u00e0 un autre point de passage, situ\u00e9 \u00e0 une soixante de kilom\u00e8tres. Nouvel \u00e9chec. \u00ab\u00a0Sofiane a pris la d\u00e9cision de passer plus au sud, de franchir la zone par un chemin forestier, et de se pr\u00e9senter aux douaniers \u00e0 la premi\u00e8re gare fronti\u00e8re, pour r\u00e9gulariser sa situation et, pensait-il, repartir au plus vite vers le record.\u00a0\u00bb<\/p>\n<\/p>\n<p>La compagne de Sofiane Sehili a indiqu\u00e9 \u00e0 200 avoir pu lui parler, apr\u00e8s deux jours sans nouvelle. Selon elle, il a \u00e9t\u00e9 envoy\u00e9 dans une prison \u00e0 Oussouriisk, une ville situ\u00e9e \u00e0 une centaine de kilom\u00e8tres de Vladivostok, en attendant d\u2019\u00eatre jug\u00e9. \u00ab\u00a0Il reconna\u00eet (le franchissement ill\u00e9gal) mais il n\u2019a pas pris la mesure de la chose\u00a0\u00bb, a-t-elle aussi expliqu\u00e9 au quotidien <a href=\"https:\/\/www.lequipe.fr\/Cyclisme-sur-route\/Actualites\/Ce-qu-on-sait-de-l-arrestation-de-sofiane-sehili-en-russie-lors-de-sa-tentative-de-record-de-traversee-eurasienne-a-velo\/1591524\" rel=\"nofollow noopener\" target=\"_blank\" class=\"c-link c-link--is-underlined\">L\u2019Equipe<\/a>. \u00ab\u00a0Il l\u2019a fait en pensant \u00e0 son sport, sans penser aux relations diplomatiques, en pensant\u00a0: \u00ab\u00a0\u00c0 partir du moment o\u00f9 je suis l\u00e0, ils vont juste valider mon visa, qui est valable, et je vais continuer.\u00a0\u00bb\u00a0\u00bb<\/p>\n<p>Un palmar\u00e8s impressionnant<\/p>\n<p>\u00ab\u00a0Notre consulat g\u00e9n\u00e9ral \u00e0 Moscou a pris attache avec les autorit\u00e9s russes et sollicit\u00e9 l\u2019exercice de la protection consulaire\u00a0\u00bb, ont indiqu\u00e9 des sources diplomatiques fran\u00e7aises \u00e0 l\u2019AFP.<\/p>\n<p class=\"mb-xxl@xs color-ultramarine font-weight-semi-bold@xs font-source-serif-pro heading-s@xs\">L\u2019acc\u00e8s \u00e0 ce contenu a \u00e9t\u00e9 bloqu\u00e9 afin de respecter votre choix de consentement<\/p>\n<p class=\"mb-m@xs text-l@xs\">En cliquant sur\u00ab J\u2019accepte \u00bb, vous acceptez le d\u00e9p\u00f4t de cookies par des services externes et aurez ainsi acc\u00e8s aux contenus de nos partenaires.<\/p>\n<p class=\"mb-xl@xs text-s@xs\">Plus d\u2019informations sur la page<a href=\"https:\/\/www.20minutes.fr\/gestion-cookies\" class=\"mx-xxs@xs color-ultramarine\" rel=\"nofollow noopener\" target=\"_blank\">Politique de gestion des cookies<\/a><\/p>\n<p>J\u2019accepte<\/p>\n<p>Ancien documentaliste au magazine Telerama, Sofiane Sehili s\u2019est <a href=\"https:\/\/www.20minutes.fr\/sport\/3232735-20220210-ultra-cyclisme-comment-arnaud-manzanini-pu-parcourir-1500-km-neige-atteindre-cap-nord\" class=\"c-link c-link--is-underlined\" rel=\"nofollow noopener\" target=\"_blank\">sp\u00e9cialis\u00e9 dans l\u2019ultracyclisme<\/a>, fait d\u2019\u00e9preuves longues de plusieurs centaines ou milliers de kilom\u00e8tres. Vainqueur \u00e0 trois reprises de la Silk Road Mountain au Tadjikistan, du Tour Divide aux <a href=\"https:\/\/www.20minutes.fr\/monde\/etats-unis\/\" class=\"c-link c-link--is-underlined\" rel=\"nofollow noopener\" target=\"_blank\">Etats-Unis<\/a>, ou de l\u2019Atlas Moutain Race au Maroc\u2026 Ce sportif de haut niveau a remport\u00e9 11 des plus de 25 courses auxquelles il a particip\u00e9 depuis\u00a02016. En\u00a02017, il a notamment reli\u00e9 Paris \u00e0 <a href=\"https:\/\/www.20minutes.fr\/dossier\/taiwan\" class=\"c-link c-link--is-underlined\" rel=\"nofollow noopener\" target=\"_blank\">Ta\u00efwan<\/a> (16.000\u00a0km) en trois mois. Un p\u00e9riple qu\u2019il avait document\u00e9 sur son compte Instagram.<\/p>\n","protected":false},"excerpt":{"rendered":"Son voyage a pris fin apr\u00e8s 17.728\u00a0km parcourus. Il r\u00eavait de battre le record du monde de la&hellip;\n","protected":false},"author":2,"featured_media":377461,"comment_status":"","ping_status":"","sticky":false,"template":"","format":"standard","meta":{"footnotes":""},"categories":[1591],"tags":[47,11,309,207,1887,131,12,1885,1886,132,104,208],"class_list":{"0":"post-377460","1":"post","2":"type-post","3":"status-publish","4":"format-standard","5":"has-post-thumbnail","7":"category-russie","8":"tag-actualite","9":"tag-actualites","10":"tag-chine","11":"tag-cyclisme","12":"tag-federation-de-russie","13":"tag-guerre-en-ukraine","14":"tag-news","15":"tag-russia","16":"tag-russian-federation","17":"tag-russie","18":"tag-societe","19":"tag-velo"},"share_on_mastodon":{"url":"https:\/\/pubeurope.com\/@fr\/115173816002393707","error":""},"_links":{"self":[{"href":"https:\/\/www.europesays.com\/fr\/wp-json\/wp\/v2\/posts\/377460","targetHints":{"allow":["GET"]}}],"collection":[{"href":"https:\/\/www.europesays.com\/fr\/wp-json\/wp\/v2\/posts"}],"about":[{"href":"https:\/\/www.europesays.com\/fr\/wp-json\/wp\/v2\/types\/post"}],"author":[{"embeddable":true,"href":"https:\/\/www.europesays.com\/fr\/wp-json\/wp\/v2\/users\/2"}],"replies":[{"embeddable":true,"href":"https:\/\/www.europesays.com\/fr\/wp-json\/wp\/v2\/comments?post=377460"}],"version-history":[{"count":0,"href":"https:\/\/www.europesays.com\/fr\/wp-json\/wp\/v2\/posts\/377460\/revisions"}],"wp:featuredmedia":[{"embeddable":true,"href":"https:\/\/www.europesays.com\/fr\/wp-json\/wp\/v2\/media\/377461"}],"wp:attachment":[{"href":"https:\/\/www.europesays.com\/fr\/wp-json\/wp\/v2\/media?parent=377460"}],"wp:term":[{"taxonomy":"category","embeddable":true,"href":"https:\/\/www.europesays.com\/fr\/wp-json\/wp\/v2\/categories?post=377460"},{"taxonomy":"post_tag","embeddable":true,"href":"https:\/\/www.europesays.com\/fr\/wp-json\/wp\/v2\/tags?post=377460"}],"curies":[{"name":"wp","href":"https:\/\/api.w.org\/{rel}","templated":true}]}}