{"id":377462,"date":"2025-09-09T10:15:16","date_gmt":"2025-09-09T10:15:16","guid":{"rendered":"https:\/\/www.europesays.com\/fr\/377462\/"},"modified":"2025-09-09T10:15:16","modified_gmt":"2025-09-09T10:15:16","slug":"mulhouse-pour-soutenir-les-ukrainiens-deux-concerts-exceptionnels-au-temple-saint-etienne","status":"publish","type":"post","link":"https:\/\/www.europesays.com\/fr\/377462\/","title":{"rendered":"Mulhouse. Pour soutenir les Ukrainiens, deux concerts exceptionnels au temple Saint-\u00c9tienne"},"content":{"rendered":"<p>Ce samedi 13\u00a0septembre au temple Saint-\u00c9tienne de Mulhouse, la bandouriste Iryna Prokopova, accompagn\u00e9e du guitariste Stepan Buchta, se produira pour la toute premi\u00e8re fois en France avec son instrument. Organis\u00e9 par l\u2019association humanitaire mulhousienne Nadiya espoir, ce moment musical mettra en lumi\u00e8re la bandoura, instrument en bois \u00e0 64 cordes pinc\u00e9es (Iryna Prokopova en a toutefois fait ajouter deux) qui n\u2019a jamais cess\u00e9 de r\u00e9sonner.<\/p>\n<p>Apparue au XIV e \u00a0si\u00e8cle, la bandoura accompagnait les r\u00e9cits&#8230;<\/p>\n","protected":false},"excerpt":{"rendered":"Ce samedi 13\u00a0septembre au temple Saint-\u00c9tienne de Mulhouse, la bandouriste Iryna Prokopova, accompagn\u00e9e du guitariste Stepan Buchta, se&hellip;\n","protected":false},"author":2,"featured_media":377463,"comment_status":"","ping_status":"","sticky":false,"template":"","format":"standard","meta":{"footnotes":""},"categories":[1590],"tags":[11,1687,1636,1777,674,107,1634,873,12,1635,220],"class_list":{"0":"post-377462","1":"post","2":"type-post","3":"status-publish","4":"format-standard","5":"has-post-thumbnail","7":"category-ukraine","8":"tag-actualites","9":"tag-culture-loisirs","10":"tag-edition-mulhouse-thann","11":"tag-eu","12":"tag-europe","13":"tag-fil-info","14":"tag-mulhouse","15":"tag-musique","16":"tag-news","17":"tag-secteur-de-mulhouse","18":"tag-ukraine"},"share_on_mastodon":{"url":"https:\/\/pubeurope.com\/@fr\/115173820002746518","error":""},"_links":{"self":[{"href":"https:\/\/www.europesays.com\/fr\/wp-json\/wp\/v2\/posts\/377462","targetHints":{"allow":["GET"]}}],"collection":[{"href":"https:\/\/www.europesays.com\/fr\/wp-json\/wp\/v2\/posts"}],"about":[{"href":"https:\/\/www.europesays.com\/fr\/wp-json\/wp\/v2\/types\/post"}],"author":[{"embeddable":true,"href":"https:\/\/www.europesays.com\/fr\/wp-json\/wp\/v2\/users\/2"}],"replies":[{"embeddable":true,"href":"https:\/\/www.europesays.com\/fr\/wp-json\/wp\/v2\/comments?post=377462"}],"version-history":[{"count":0,"href":"https:\/\/www.europesays.com\/fr\/wp-json\/wp\/v2\/posts\/377462\/revisions"}],"wp:featuredmedia":[{"embeddable":true,"href":"https:\/\/www.europesays.com\/fr\/wp-json\/wp\/v2\/media\/377463"}],"wp:attachment":[{"href":"https:\/\/www.europesays.com\/fr\/wp-json\/wp\/v2\/media?parent=377462"}],"wp:term":[{"taxonomy":"category","embeddable":true,"href":"https:\/\/www.europesays.com\/fr\/wp-json\/wp\/v2\/categories?post=377462"},{"taxonomy":"post_tag","embeddable":true,"href":"https:\/\/www.europesays.com\/fr\/wp-json\/wp\/v2\/tags?post=377462"}],"curies":[{"name":"wp","href":"https:\/\/api.w.org\/{rel}","templated":true}]}}