{"id":377479,"date":"2025-09-09T10:26:09","date_gmt":"2025-09-09T10:26:09","guid":{"rendered":"https:\/\/www.europesays.com\/fr\/377479\/"},"modified":"2025-09-09T10:26:09","modified_gmt":"2025-09-09T10:26:09","slug":"top-14-opinion-le-dupont-bashing-en-dit-plus-sur-les-reseaux-sociaux-que-sur-le-joueur-lui-meme","status":"publish","type":"post","link":"https:\/\/www.europesays.com\/fr\/377479\/","title":{"rendered":"Top 14 &#8211; Opinion. Le \u00ab\u00a0Dupont bashing\u00a0\u00bb en dit plus sur les r\u00e9seaux sociaux que sur le joueur lui-m\u00eame"},"content":{"rendered":"<p>\n                Pris pour cible par certains sur les r\u00e9seaux sociaux, Antoine Dupont a \u00e9t\u00e9 d\u00e9fendu par son entra\u00eeneur Ugo Mola en conf\u00e9rence de presse.\u00a0\n            <\/p>\n<p>La phrase l\u00e2ch\u00e9e par Ugo Mola, jeudi en conf\u00e9rence de presse, a accouch\u00e9 de nombreuses r\u00e9actions. Pour le moins contrast\u00e9es. Les propos, qui concernaient son demi de m\u00eal\u00e9e Antoine Dupont ? Les voici : \u00ab\u00a0Il ne faut pas tomber dans le \u00ab\u00a0Dupont bashing\u00a0\u00bb qu\u2019il y a en ce moment.\u00a0\u00bb En l\u2019occurrence, il r\u00e9pondait \u00e0 une question sur le fait qu\u2019on voyait beaucoup plus sur les r\u00e9seaux sociaux le capitaine du XV de France dans les installations du Stade toulousain ces derni\u00e8res semaines afin de poursuivre sa r\u00e9\u00e9ducation, lui qui a \u00e9t\u00e9 op\u00e9r\u00e9 du genou droit fin mars et dont le retour \u00e0 la comp\u00e9tition est pr\u00e9vu pour la fin du mois de novembre. Si le manager des triples champions de France s\u2019est permis cette sortie, c\u2019est aussi parce que les interrogations concernant le \u00ab\u00a0meilleur joueur du monde\u00a0\u00bb lui sont forc\u00e9ment revenues aux oreilles, lesquelles se transforment parfois en critiques un brin acerbes. En gros, quelques avis tranch\u00e9s qu\u2019on pourrait ainsi r\u00e9sumer : \u00ab\u00a0Dupont n\u2019a pas la t\u00eate au rugby\u00a0\u00bb ; \u00ab\u00a0Dupont ne va jamais revenir \u00e0 son niveau\u00a0\u00bb ; \u00ab\u00a0Dupont a bascul\u00e9 dans l\u2019univers people\u00a0\u00bb. Et on en passe. Cela vient essentiellement du fait que le Haut-Pyr\u00e9n\u00e9en est apparu sur toutes les sc\u00e8nes ces derniers mois : du tapis rouge de Cannes aux tribunes de Roland-Garros, en passant par des d\u00e9fil\u00e9s, des d\u00eeners avec des personnalit\u00e9s publiques, des concerts, etc.<\/p>\n<blockquote><p>\nLedit Antoine a encore suivi une r\u00e9\u00e9ducation s\u00e9rieuse\n<\/p><\/blockquote>\n<p>Et c\u2019est pourquoi son coach a aussi dit : \u00ab\u00a0Il a la chance de pouvoir s\u2019exposer, vivre des choses qu\u2019il n\u2019a pas le temps de vivre en tant que rugbyman professionnel dans un club, parce qu\u2019il est bless\u00e9 et que les week-ends lui sont offerts pour la grande majorit\u00e9.\u00a0\u00bb Parce que, oui, Antoine Dupont a totalement chang\u00e9 de dimension ces r\u00e9centes ann\u00e9es, surtout depuis la m\u00e9daille d\u2019or olympique qui l\u2019a propuls\u00e9 porte-drapeau lors de la c\u00e9r\u00e9monie de cl\u00f4ture. Ce qui lui a ouvert des portes auxquelles un rugbyman n\u2019avait jamais eu acc\u00e8s avant lui. Sa popularit\u00e9 a grandi, son exposition. Et le gar\u00e7on, de nature curieux, en a profit\u00e9 pour conna\u00eetre des exp\u00e9riences diverses et vari\u00e9es. Mais c\u2019est \u00e9galement bousculer les habitudes d\u2019un milieu plut\u00f4t traditionnaliste, tr\u00e8s \u00e9loign\u00e9 de ce genre de codes\u2026 Mais cela ne doit pas emp\u00eacher les amoureux de ce sport et les observateurs d\u2019avoir un peu de m\u00e9moire. Derri\u00e8re les JO et apr\u00e8s les deux mois de vacances dont il avait b\u00e9n\u00e9fici\u00e9, la m\u00eame perplexit\u00e9 accompagnait chez certains le retour de Dupont en Top 14. Il \u00e9tait entr\u00e9 en deuxi\u00e8me mi-temps contre Clermont et avait inscrit trois essais\u2026 en douze minutes. Le hic ? C\u2019est que les r\u00e9seaux sont souvent un miroir \u00ab\u00a0d\u00e9formant\u00a0\u00bb. Et, de ce que l\u2019on sait, ledit Antoine a encore suivi une r\u00e9\u00e9ducation s\u00e9rieuse et ne manque ni de motivation, ni d\u2019ambition. Sachant, jusqu\u2019\u00e0 preuve du contraire, qu\u2019il reste un joueur d\u2019exception.<\/p>\n","protected":false},"excerpt":{"rendered":"Pris pour cible par certains sur les r\u00e9seaux sociaux, Antoine Dupont a \u00e9t\u00e9 d\u00e9fendu par son entra\u00eeneur Ugo&hellip;\n","protected":false},"author":2,"featured_media":377480,"comment_status":"","ping_status":"","sticky":false,"template":"","format":"standard","meta":{"footnotes":""},"categories":[1416],"tags":[1011,27,479,1468,60],"class_list":{"0":"post-377479","1":"post","2":"type-post","3":"status-publish","4":"format-standard","5":"has-post-thumbnail","7":"category-rugby","8":"tag-fr","9":"tag-france","10":"tag-rugby","11":"tag-rugby-football","12":"tag-sports"},"share_on_mastodon":{"url":"https:\/\/pubeurope.com\/@fr\/115173863153398857","error":""},"_links":{"self":[{"href":"https:\/\/www.europesays.com\/fr\/wp-json\/wp\/v2\/posts\/377479","targetHints":{"allow":["GET"]}}],"collection":[{"href":"https:\/\/www.europesays.com\/fr\/wp-json\/wp\/v2\/posts"}],"about":[{"href":"https:\/\/www.europesays.com\/fr\/wp-json\/wp\/v2\/types\/post"}],"author":[{"embeddable":true,"href":"https:\/\/www.europesays.com\/fr\/wp-json\/wp\/v2\/users\/2"}],"replies":[{"embeddable":true,"href":"https:\/\/www.europesays.com\/fr\/wp-json\/wp\/v2\/comments?post=377479"}],"version-history":[{"count":0,"href":"https:\/\/www.europesays.com\/fr\/wp-json\/wp\/v2\/posts\/377479\/revisions"}],"wp:featuredmedia":[{"embeddable":true,"href":"https:\/\/www.europesays.com\/fr\/wp-json\/wp\/v2\/media\/377480"}],"wp:attachment":[{"href":"https:\/\/www.europesays.com\/fr\/wp-json\/wp\/v2\/media?parent=377479"}],"wp:term":[{"taxonomy":"category","embeddable":true,"href":"https:\/\/www.europesays.com\/fr\/wp-json\/wp\/v2\/categories?post=377479"},{"taxonomy":"post_tag","embeddable":true,"href":"https:\/\/www.europesays.com\/fr\/wp-json\/wp\/v2\/tags?post=377479"}],"curies":[{"name":"wp","href":"https:\/\/api.w.org\/{rel}","templated":true}]}}