{"id":377483,"date":"2025-09-09T10:28:10","date_gmt":"2025-09-09T10:28:10","guid":{"rendered":"https:\/\/www.europesays.com\/fr\/377483\/"},"modified":"2025-09-09T10:28:10","modified_gmt":"2025-09-09T10:28:10","slug":"frederic-fauthoux-conforte-a-son-poste-svetislav-pesic-aussi-pour-linstant","status":"publish","type":"post","link":"https:\/\/www.europesays.com\/fr\/377483\/","title":{"rendered":"Fr\u00e9d\u00e9ric Fauthoux confort\u00e9 \u00e0 son poste, Svetislav Pesic aussi&#8230; pour l&rsquo;instant"},"content":{"rendered":"<p>C&rsquo;est sur le site de <a href=\"https:\/\/www.lequipe.fr\/Basket\/Actualites\/-on-ne-change-pas-de-selectionneur-tous-les-trois-mois-jean-pierre-hunckler-confirme-frederic-fauthoux-dans-ses-fonctions-malgre-l-elimination-des-bleus-a-l-euro\/1591513?ref=basketeurope.com\" rel=\"noreferrer noopener\" target=\"_blank\">L&rsquo;Equipe<\/a> que Jean-Pierre Hunckler a fait part de sa d\u00e9cision :<\/p>\n<blockquote><p>\u00ab\u00a0J&rsquo;ai confirm\u00e9 d\u00e8s dimanche soir Fr\u00e9d\u00e9ric Fauthoux, devant les joueurs et le staff. Fr\u00e9d\u00e9ric \u00e9tait marqu\u00e9. Il se pose des questions. C&rsquo;est quelqu&rsquo;un de responsable. Il a parl\u00e9 d&rsquo;\u00e9chec et a dit se mettre \u00e0 la disposition des \u00e9ventuelles d\u00e9cisions \u00e0 prendre. J&rsquo;ai pris la parole pour dire que l&rsquo;on \u00e9tait dans un processus qui m\u00e8ne aux Jeux de 2028. On ne change pas de s\u00e9lectionneur tous les trois mois parce qu&rsquo;il y a un \u00e9chec avec des circonstances.\u00a0J&rsquo;ai donc renouvel\u00e9 ma confiance \u00e0 Freddy et tout son staff.\u00a0\u00bb<\/p><\/blockquote>\n<p>Et c&rsquo;est via un communiqu\u00e9 que la f\u00e9d\u00e9ration serbe a choisi de son c\u00f4t\u00e9 de maintenir en poste du moins pour l&rsquo;instant l&rsquo;exp\u00e9riment\u00e9 Svetislav Pesic, 76 ans, alors que la Serbie \u00e9tait consid\u00e9r\u00e9e comme la favorite num\u00e9ro 1 pour le titre :<\/p>\n<blockquote><p>\u00ab\u00a0La F\u00e9d\u00e9ration serbe de basket-ball informe le public que les informations parues dans certains m\u00e9dias concernant le limogeage de Svetislav Pe\u0161i\u0107 en tant qu&rsquo;entra\u00eeneur-chef de l&rsquo;\u00e9quipe nationale senior masculine serbe sont incorrectes.<\/p><\/blockquote>\n<blockquote><p>Svetislav Pe\u0161i\u0107 a un contrat avec la F\u00e9d\u00e9ration serbe de basket-ball jusqu&rsquo;au 30 septembre 2025. La direction de la F\u00e9d\u00e9ration serbe de basket-ball s&rsquo;entretiendra avec l&rsquo;entra\u00eeneur dans les prochains jours, analysera les r\u00e9sultats du Championnat d&rsquo;Europe et prendra une d\u00e9cision dans l&rsquo;int\u00e9r\u00eat du basket-ball serbe et de notre \u00e9quipe nationale.<\/p><\/blockquote>\n<blockquote><p>KSS soutient l&rsquo;entra\u00eeneur Pesic, qui a apport\u00e9 les deux derni\u00e8res m\u00e9dailles d&rsquo;or \u00e0 notre \u00e9quipe nationale, a men\u00e9 la Serbie \u00e0 des m\u00e9dailles lors des deux comp\u00e9titions pr\u00e9c\u00e9dentes et a restaur\u00e9 le culte de l&rsquo;\u00e9quipe nationale et la foi des supporters.<\/p><\/blockquote>\n<blockquote><p>La F\u00e9d\u00e9ration serbe de basket-ball appelle tous les m\u00e9dias \u00e0 v\u00e9rifier les informations relatives au travail de la F\u00e9d\u00e9ration et de l&rsquo;\u00e9quipe nationale aupr\u00e8s de sources officielles avant de les publier, afin d&rsquo;\u00e9viter toute d\u00e9sinformation qui pourrait nuire au basket-ball serbe.<\/p><\/blockquote>\n<blockquote><p>Le KSS continuera d\u2019informer le public en temps opportun et de mani\u00e8re transparente de toutes les d\u00e9cisions et activit\u00e9s pertinentes.\u00a0\u00bb<\/p><\/blockquote>\n","protected":false},"excerpt":{"rendered":"C&rsquo;est sur le site de L&rsquo;Equipe que Jean-Pierre Hunckler a fait part de sa d\u00e9cision : \u00ab\u00a0J&rsquo;ai confirm\u00e9&hellip;\n","protected":false},"author":2,"featured_media":377484,"comment_status":"","ping_status":"","sticky":false,"template":"","format":"standard","meta":{"footnotes":""},"categories":[1414],"tags":[1465,1464,1011,27,60],"class_list":{"0":"post-377483","1":"post","2":"type-post","3":"status-publish","4":"format-standard","5":"has-post-thumbnail","7":"category-basket","8":"tag-basket","9":"tag-basketball","10":"tag-fr","11":"tag-france","12":"tag-sports"},"share_on_mastodon":{"url":"https:\/\/pubeurope.com\/@fr\/115173871043050211","error":""},"_links":{"self":[{"href":"https:\/\/www.europesays.com\/fr\/wp-json\/wp\/v2\/posts\/377483","targetHints":{"allow":["GET"]}}],"collection":[{"href":"https:\/\/www.europesays.com\/fr\/wp-json\/wp\/v2\/posts"}],"about":[{"href":"https:\/\/www.europesays.com\/fr\/wp-json\/wp\/v2\/types\/post"}],"author":[{"embeddable":true,"href":"https:\/\/www.europesays.com\/fr\/wp-json\/wp\/v2\/users\/2"}],"replies":[{"embeddable":true,"href":"https:\/\/www.europesays.com\/fr\/wp-json\/wp\/v2\/comments?post=377483"}],"version-history":[{"count":0,"href":"https:\/\/www.europesays.com\/fr\/wp-json\/wp\/v2\/posts\/377483\/revisions"}],"wp:featuredmedia":[{"embeddable":true,"href":"https:\/\/www.europesays.com\/fr\/wp-json\/wp\/v2\/media\/377484"}],"wp:attachment":[{"href":"https:\/\/www.europesays.com\/fr\/wp-json\/wp\/v2\/media?parent=377483"}],"wp:term":[{"taxonomy":"category","embeddable":true,"href":"https:\/\/www.europesays.com\/fr\/wp-json\/wp\/v2\/categories?post=377483"},{"taxonomy":"post_tag","embeddable":true,"href":"https:\/\/www.europesays.com\/fr\/wp-json\/wp\/v2\/tags?post=377483"}],"curies":[{"name":"wp","href":"https:\/\/api.w.org\/{rel}","templated":true}]}}