{"id":377489,"date":"2025-09-09T10:31:10","date_gmt":"2025-09-09T10:31:10","guid":{"rendered":"https:\/\/www.europesays.com\/fr\/377489\/"},"modified":"2025-09-09T10:31:10","modified_gmt":"2025-09-09T10:31:10","slug":"qui-pour-sauver-lequipe-cycliste-arkea-bb-hotels","status":"publish","type":"post","link":"https:\/\/www.europesays.com\/fr\/377489\/","title":{"rendered":"qui pour sauver l&rsquo;\u00e9quipe cycliste Ark\u00e9a-B&#038;B Hotels?"},"content":{"rendered":"<p>La formation Ark\u00e9a-B&amp;B H\u00f4tels est toujours \u00e0 la recherche de nouveaux sponsors pour la saison prochaine. Quelques pistes sont toujours d\u2019actualit\u00e9, mais l\u2019\u00e9tau se resserre.<\/p>\n<p>Il reste moins d\u2019un mois. Moins de 30 jours \u00e0 la formation <a href=\"https:\/\/rmcsport.bfmtv.com\/cyclisme\/video-emmanuel-hubert-presque-sur-que-ca-va-le-faire-pour-arkea-b-b-hotels_VN-202508010466.html\" title=\"Emmanuel Hubert &quot;presque s\u00fbr que \u00e7a va le faire&quot; pour Ark\u00e9a\u2013b&amp;b hotels\" class=\"internal_link\" rel=\"nofollow noopener\" target=\"_blank\">Ark\u00e9a-B&amp;B Hotels<\/a> pour trouver les quelque 20 millions d\u2019euros qu\u2019il lui manque pour sauver la meilleure \u00e9quipe fran\u00e7aise du Tour de France 2025 (7e du classement g\u00e9n\u00e9ral avec <a href=\"https:\/\/rmcsport.bfmtv.com\/cyclisme\/tour-de-france\/kevin-vauquelin_DN-202507100404.html\" title=\"K\u00e9vin Vauquelin\" class=\"internal_link\" rel=\"nofollow noopener\" target=\"_blank\">K\u00e9vin Vauquelin<\/a> et 4e au classement par \u00e9quipes). Le 1er octobre, tous les budgets devront \u00eatre valid\u00e9s ou l\u2019\u00e9quipe, pr\u00e9sente sur le circuit depuis 2005 dispara\u00eetra.<\/p>\n<p>Quelques gros sponsors, dont Visit Rwanda, sont toujours int\u00e9ress\u00e9s. L\u2019office du tourisme rwandais sponsorise d\u00e9j\u00e0 plusieurs clubs de football comme le <a href=\"https:\/\/rmcsport.bfmtv.com\/football\/kylian-mbappe\/c-est-tres-bien-pour-eux-kylian-mbappe-la-joue-encore-fair-play-avec-le-psg-apres-son-sacre-en-ligue-des-champions_AV-202509070300.html\" title=\"&quot;C&#039;est tr\u00e8s bien pour eux&quot;: Kylian Mbapp\u00e9 la joue encore fair-play avec le PSG apr\u00e8s son sacre en Ligue des champions\" class=\"internal_link\" rel=\"nofollow noopener\" target=\"_blank\">PSG<\/a>, Arsenal ou l\u2019Atl\u00e9tico de Madrid et envisage d\u2019investir dans le cyclisme. Le pays accueillera notamment les championnats du monde de la discipline \u00e0 la fin du mois de septembre.<\/p>\n<p>Les discussions n&rsquo;en sont qu&rsquo;\u00e0 leurs pr\u00e9mices<\/p>\n<p>Le Qatar, qui finance d\u00e9j\u00e0 le PSG et r\u00e9cemment l\u2019\u00e9curie Audi en Formule 1, s\u2019est aussi renseign\u00e9. Mais pour l\u2019instant, les discussions n\u2019en sont qu\u2019\u00e0 leurs pr\u00e9mices et m\u00eame si 20 millions d\u2019euros ne repr\u00e9sentent pas beaucoup \u00e0 l\u2019\u00e9chelle de la fortune d\u2019un pays comme le Qatar ou le Rwanda, ces derniers investissent rarement \u00e0 perte. Le probl\u00e8me, c\u2019est que le cyclisme rapporte peu, except\u00e9 une grosse visibilit\u00e9. Mais c\u00f4t\u00e9 merchandising, les b\u00e9n\u00e9fices sont infimes compar\u00e9 au football.<\/p>\n<p>Avec l\u2019arriv\u00e9e des gros sponsors (voire des pays) dans le peloton, le foss\u00e9 s\u2019est creus\u00e9 ces derni\u00e8res ann\u00e9es entre les grosses \u00e9curies comme <a href=\"https:\/\/rmcsport.bfmtv.com\/cyclisme\/tour-d-espagne\/vuelta-c-est-une-dictature-ayuso-detruit-son-equipe-uae-apres-l-annonce-de-son-depart_AV-202509020539.html\" title=\"Vuelta: &quot;C&#039;est une dictature&quot;, Ayuso d\u00e9truit son \u00e9quipe UAE apr\u00e8s l&#039;annonce de son d\u00e9part\" class=\"internal_link\" rel=\"nofollow noopener\" target=\"_blank\">UAE<\/a>, qui compte sur un budget de 60 millions d\u2019euros par an, et les plus petites \u00e9quipes comme celles d\u2019Emmanuel Hubert, manager d\u2019Ark\u00e9a-B&amp;B, ou de Jean-Ren\u00e9 Bernaudeau, patron de TotalEnergies. D\u2019autant plus que le climat actuel en France n\u2019encourage pas les entreprises \u00e0 investir dans le sport. Chez Ark\u00e9a-B&amp;B H\u00f4tels, le message est clair et le manager ne veut pas vendre du r\u00eave \u00e0 ses 141 salari\u00e9s. Certains coureurs sont d\u00e9j\u00e0 annonc\u00e9s sur le d\u00e9part, comme les tr\u00e8s courtis\u00e9s Ewen Costiou ou K\u00e9vin Vauquelin. Mais ces derniers, tr\u00e8s attach\u00e9s \u00e0 leur formation, ne veulent pas perturber la recherche de sponsors de l\u2019\u00e9quipe. La Bretagne aura-t-elle toujours une \u00e9quipe cycliste professionnelle l\u2019ann\u00e9e prochaine? Le compte \u00e0 rebours est lanc\u00e9\u2026<\/p>\n","protected":false},"excerpt":{"rendered":"La formation Ark\u00e9a-B&amp;B H\u00f4tels est toujours \u00e0 la recherche de nouveaux sponsors pour la saison prochaine. Quelques pistes&hellip;\n","protected":false},"author":2,"featured_media":240887,"comment_status":"","ping_status":"","sticky":false,"template":"","format":"standard","meta":{"footnotes":""},"categories":[1411],"tags":[1154,207,1011,27,60],"class_list":{"0":"post-377489","1":"post","2":"type-post","3":"status-publish","4":"format-standard","5":"has-post-thumbnail","7":"category-cyclisme","8":"tag-cycling","9":"tag-cyclisme","10":"tag-fr","11":"tag-france","12":"tag-sports"},"share_on_mastodon":{"url":"https:\/\/pubeurope.com\/@fr\/115173882875301273","error":""},"_links":{"self":[{"href":"https:\/\/www.europesays.com\/fr\/wp-json\/wp\/v2\/posts\/377489","targetHints":{"allow":["GET"]}}],"collection":[{"href":"https:\/\/www.europesays.com\/fr\/wp-json\/wp\/v2\/posts"}],"about":[{"href":"https:\/\/www.europesays.com\/fr\/wp-json\/wp\/v2\/types\/post"}],"author":[{"embeddable":true,"href":"https:\/\/www.europesays.com\/fr\/wp-json\/wp\/v2\/users\/2"}],"replies":[{"embeddable":true,"href":"https:\/\/www.europesays.com\/fr\/wp-json\/wp\/v2\/comments?post=377489"}],"version-history":[{"count":0,"href":"https:\/\/www.europesays.com\/fr\/wp-json\/wp\/v2\/posts\/377489\/revisions"}],"wp:featuredmedia":[{"embeddable":true,"href":"https:\/\/www.europesays.com\/fr\/wp-json\/wp\/v2\/media\/240887"}],"wp:attachment":[{"href":"https:\/\/www.europesays.com\/fr\/wp-json\/wp\/v2\/media?parent=377489"}],"wp:term":[{"taxonomy":"category","embeddable":true,"href":"https:\/\/www.europesays.com\/fr\/wp-json\/wp\/v2\/categories?post=377489"},{"taxonomy":"post_tag","embeddable":true,"href":"https:\/\/www.europesays.com\/fr\/wp-json\/wp\/v2\/tags?post=377489"}],"curies":[{"name":"wp","href":"https:\/\/api.w.org\/{rel}","templated":true}]}}