{"id":377496,"date":"2025-09-09T10:35:10","date_gmt":"2025-09-09T10:35:10","guid":{"rendered":"https:\/\/www.europesays.com\/fr\/377496\/"},"modified":"2025-09-09T10:35:10","modified_gmt":"2025-09-09T10:35:10","slug":"editions-radio-france-livre-linstant-poesie-keren-ann-gael-faye-denis-lavant-sophie-marceau-wajdi-mouawad-arthur-teboul-clara-yse-ed-seghers-france-culture","status":"publish","type":"post","link":"https:\/\/www.europesays.com\/fr\/377496\/","title":{"rendered":"Editions Radio France \/\/livre : \u00a0\u00bb l&rsquo;instant po\u00e9sie \u00a0\u00bb Keren Ann, Ga\u00ebl Faye, Denis Lavant, Sophie Marceau, Wajdi Mouawad, Arthur Teboul, Clara Ys\u00e9 (\u00e9d. Seghers- France Culture)"},"content":{"rendered":"<p style=\"text-align: center; margin: 0cm 0cm 8pt;  font-size: 15px; \"><strong>La collection de podcasts <\/strong><a href=\"https:\/\/www.radiofrance.fr\/franceculture\/podcasts\/l-instant-poesie\" style=\"color: #086BA1; font-weight: inherit; letter-spacing: inherit; text-decoration: none;\" rel=\"nofollow noopener\" target=\"_blank\">L\u2019Instant po\u00e9sie<\/a><strong> de France Culture <br \/>adapt\u00e9e dans un livre<\/strong><\/p>\n<p style=\"margin: 0cm; text-align: justify;  font-size: 15px; \">Depuis septembre 2024, France Culture fait r\u00e9sonner les grands classiques (Rimbaud, Hugo, Verlaine) et les plumes contemporaines (Andr\u00e9e Chedid, Ang\u00e9lica Liddell, H\u00e9l\u00e8ne Fresnel\u2026) dans un rendez-vous quotidien\u00a0: L\u2019Instant po\u00e9sie. Une personnalit\u00e9 passionn\u00e9e a carte blanche chaque mois pour s\u00e9lectionner vingt po\u00e8mes, interpr\u00e9t\u00e9s par des com\u00e9diens et illustr\u00e9s par des artistes. Depuis son lancement, ce format innovant rencontre son public, cumulant 1,5 million d\u2019\u00e9coutes. Coordonn\u00e9 par Camille Renard, il a \u00e9t\u00e9 r\u00e9compens\u00e9 du Prix Or Strat\u00e9gies de l\u2019innovation m\u00e9dia dans la cat\u00e9gorie\u00a0\u00ab\u202fMeilleures initiatives \u00e9ditoriales \/ Meilleure \u00e9mission, meilleure initiative en radio\u00a0\u00bb.<\/p>\n<p style=\"margin: 0cm; text-align: justify;  font-size: 15px; \">Clara Ys\u00e9, Wajdi Mouawad, Denis Lavant, Sophie Marceau, Keren Ann, Arthur Teboul et Ga\u00ebl Faye deviennent des passeurs de po\u00e9sie. Gr\u00e2ce aux cr\u00e9ations visuelles originales inspir\u00e9es par chaque po\u00e8me, L\u2019Instant po\u00e9sie invite \u00e0 une exp\u00e9rience sensorielle et immersive, et incite chacun \u00e0 interroger et affirmer son attrait pour la po\u00e9sie. Les \u00e9ditions Seghers et France Culture s\u2019associent pour prolonger l\u2019exp\u00e9rience avec un beau livre de 300 pages dans lequel sont reproduits les textes introductifs des sept passeurs, les po\u00e8mes qu\u2019ils ont s\u00e9lectionn\u00e9s (une quinzaine chacun) ainsi que les diff\u00e9rentes illustrations qui accompagnent chaque \u00e9pisode.<\/p>\n<p style=\"margin: 0cm; text-align: justify;  font-size: 15px; \">Il s\u2019agit de la deuxi\u00e8me collaboration de France Culture et des \u00e9ditions Seghers, apr\u00e8s <a href=\"https:\/\/www.radiofrance.com\/les-editions\/livre\/anna-akhmatova-portrait\" style=\"color: #086BA1; font-weight: inherit; letter-spacing: inherit; text-decoration: none;\" rel=\"nofollow noopener\" target=\"_blank\">Anna Akhmatova, portrait<\/a>, de Genevi\u00e8ve Brisac, paru en 2024.<\/p>\n<p style=\"margin: 4.5pt 35.35pt 0.0001pt 13.95pt; text-align: justify; font-size: 19px; \"><strong>Retrouvez les \u00e9ditions Radio France sur<\/strong> <a href=\"https:\/\/www.radiofrance.fr\/les-editions\" target=\"_blank\" rel=\"noopener nofollow\" style=\"color: #086BA1; font-weight: inherit; letter-spacing: inherit; text-decoration: none;\">radiofrance.com\/les-editions<\/a><br \/><strong>Suivez-nous aussi <\/strong><strong>sur<\/strong><strong style=\"font-size: 16px;\"> <\/strong>@editionsRF<\/p>\n<p class=\"MsoNormalCxSpMiddle\" style=\"text-align: justify; padding-left: 40px;\"><strong>Contacts presse<\/strong>\u00a0:<\/p>\n<p class=\"MsoNormalCxSpMiddle\" style=\"text-align: justify; padding-left: 40px;\"><strong>\u00e9ditions Radio France<\/strong>\u00a0: Karine Martin  |<strong> <\/strong><a style=\"\"><strong>France Culture<\/strong>\u00a0: Elodie Vazeix  | <\/a><a style=\"font-weight: inherit; letter-spacing: inherit; text-decoration: none; color: #0563c1;\"\/><\/p>\n","protected":false},"excerpt":{"rendered":"La collection de podcasts L\u2019Instant po\u00e9sie de France Culture adapt\u00e9e dans un livre Depuis septembre 2024, France Culture&hellip;\n","protected":false},"author":2,"featured_media":377497,"comment_status":"","ping_status":"","sticky":false,"template":"","format":"standard","meta":{"footnotes":""},"categories":[1357],"tags":[1379,58,59,1011,27,1380],"class_list":{"0":"post-377496","1":"post","2":"type-post","3":"status-publish","4":"format-standard","5":"has-post-thumbnail","7":"category-livres","8":"tag-books","9":"tag-divertissement","10":"tag-entertainment","11":"tag-fr","12":"tag-france","13":"tag-livres"},"share_on_mastodon":{"url":"https:\/\/pubeurope.com\/@fr\/115173898583322081","error":""},"_links":{"self":[{"href":"https:\/\/www.europesays.com\/fr\/wp-json\/wp\/v2\/posts\/377496","targetHints":{"allow":["GET"]}}],"collection":[{"href":"https:\/\/www.europesays.com\/fr\/wp-json\/wp\/v2\/posts"}],"about":[{"href":"https:\/\/www.europesays.com\/fr\/wp-json\/wp\/v2\/types\/post"}],"author":[{"embeddable":true,"href":"https:\/\/www.europesays.com\/fr\/wp-json\/wp\/v2\/users\/2"}],"replies":[{"embeddable":true,"href":"https:\/\/www.europesays.com\/fr\/wp-json\/wp\/v2\/comments?post=377496"}],"version-history":[{"count":0,"href":"https:\/\/www.europesays.com\/fr\/wp-json\/wp\/v2\/posts\/377496\/revisions"}],"wp:featuredmedia":[{"embeddable":true,"href":"https:\/\/www.europesays.com\/fr\/wp-json\/wp\/v2\/media\/377497"}],"wp:attachment":[{"href":"https:\/\/www.europesays.com\/fr\/wp-json\/wp\/v2\/media?parent=377496"}],"wp:term":[{"taxonomy":"category","embeddable":true,"href":"https:\/\/www.europesays.com\/fr\/wp-json\/wp\/v2\/categories?post=377496"},{"taxonomy":"post_tag","embeddable":true,"href":"https:\/\/www.europesays.com\/fr\/wp-json\/wp\/v2\/tags?post=377496"}],"curies":[{"name":"wp","href":"https:\/\/api.w.org\/{rel}","templated":true}]}}