{"id":37750,"date":"2025-04-20T02:18:09","date_gmt":"2025-04-20T02:18:09","guid":{"rendered":"https:\/\/www.europesays.com\/fr\/37750\/"},"modified":"2025-04-20T02:18:09","modified_gmt":"2025-04-20T02:18:09","slug":"previsions-du-dimanche-20-avril-2025-2","status":"publish","type":"post","link":"https:\/\/www.europesays.com\/fr\/37750\/","title":{"rendered":"pr\u00e9visions du dimanche 20 avril 2025"},"content":{"rendered":"<p>Montpellier va \u00eatre baign\u00e9e de soleil durant cette journ\u00e9e. Il va faire en moyenne 13\u00b0C. Un vent de sud-est soufflera l\u00e9g\u00e8rement, avec 14 km\/h. Les valeurs avoisineront les 13\u00b0C dans la matin\u00e9e. L&rsquo;apr\u00e8s-midi, c&rsquo;est une hausse de quelques degr\u00e9s que vont enregistrer les temp\u00e9ratures. Ces valeurs afficheront entre 16 et 17\u00b0C. Le soir, on anticipe des valeurs avoisinant 13\u00b0C. Un ciel clair est pr\u00e9vu dans la nuit reliant dimanche et lundi.<\/p>\n<p>Le temps va se r\u00e9chauffer demain \u00e0 Montpellier avec une augmentation de quelques degr\u00e9s. Les temp\u00e9ratures s&rsquo;\u00e9chelonneront entre 10 et 19\u00b0C. Une petite brise de nord-ouest sera ressentie par les habitants. La m\u00e9t\u00e9o devrait s&rsquo;am\u00e9liorer durant la matin\u00e9e. Il fera 15\u00b0C en moyenne. Le soleil sera au rendez-vous : un magnifique apr\u00e8s-midi se pr\u00e9sente ! Un temps plus chaud est attendu \u00e9tant donn\u00e9 que le mercure va conna\u00eetre une hausse. Les valeurs seront de 18\u00b0C au plus bas et de 19\u00b0C au maximum. Dans la soir\u00e9e, les temp\u00e9ratures seront de 15\u00b0C.<\/p>\n<p>Les jours qui suivent s&rsquo;annoncent identiques. Un ciel ensoleill\u00e9, pour des temp\u00e9ratures de 16\u00b0C environ, est \u00e0 pr\u00e9voir.<\/p>\n<p><\/p>\n","protected":false},"excerpt":{"rendered":"Montpellier va \u00eatre baign\u00e9e de soleil durant cette journ\u00e9e. Il va faire en moyenne 13\u00b0C. Un vent de&hellip;\n","protected":false},"author":2,"featured_media":37751,"comment_status":"","ping_status":"","sticky":false,"template":"","format":"standard","meta":{"footnotes":""},"categories":[9599],"tags":[1111,11,1777,674,1011,27,7089,2681,2208,12,2680,2119,25],"class_list":{"0":"post-37750","1":"post","2":"type-post","3":"status-publish","4":"format-standard","5":"has-post-thumbnail","7":"category-montpellier","8":"tag-actu","9":"tag-actualites","10":"tag-eu","11":"tag-europe","12":"tag-fr","13":"tag-france","14":"tag-herault","15":"tag-languedoc-roussillon","16":"tag-montpellier","17":"tag-news","18":"tag-occitanie","19":"tag-previsions-meteo","20":"tag-republique-francaise"},"share_on_mastodon":{"url":"https:\/\/pubeurope.com\/@fr\/114367896257916248","error":""},"_links":{"self":[{"href":"https:\/\/www.europesays.com\/fr\/wp-json\/wp\/v2\/posts\/37750","targetHints":{"allow":["GET"]}}],"collection":[{"href":"https:\/\/www.europesays.com\/fr\/wp-json\/wp\/v2\/posts"}],"about":[{"href":"https:\/\/www.europesays.com\/fr\/wp-json\/wp\/v2\/types\/post"}],"author":[{"embeddable":true,"href":"https:\/\/www.europesays.com\/fr\/wp-json\/wp\/v2\/users\/2"}],"replies":[{"embeddable":true,"href":"https:\/\/www.europesays.com\/fr\/wp-json\/wp\/v2\/comments?post=37750"}],"version-history":[{"count":0,"href":"https:\/\/www.europesays.com\/fr\/wp-json\/wp\/v2\/posts\/37750\/revisions"}],"wp:featuredmedia":[{"embeddable":true,"href":"https:\/\/www.europesays.com\/fr\/wp-json\/wp\/v2\/media\/37751"}],"wp:attachment":[{"href":"https:\/\/www.europesays.com\/fr\/wp-json\/wp\/v2\/media?parent=37750"}],"wp:term":[{"taxonomy":"category","embeddable":true,"href":"https:\/\/www.europesays.com\/fr\/wp-json\/wp\/v2\/categories?post=37750"},{"taxonomy":"post_tag","embeddable":true,"href":"https:\/\/www.europesays.com\/fr\/wp-json\/wp\/v2\/tags?post=37750"}],"curies":[{"name":"wp","href":"https:\/\/api.w.org\/{rel}","templated":true}]}}