{"id":377500,"date":"2025-09-09T10:37:14","date_gmt":"2025-09-09T10:37:14","guid":{"rendered":"https:\/\/www.europesays.com\/fr\/377500\/"},"modified":"2025-09-09T10:37:14","modified_gmt":"2025-09-09T10:37:14","slug":"louane-revele-etre-atteinte-dune-maladie-auto-immune-invalidante","status":"publish","type":"post","link":"https:\/\/www.europesays.com\/fr\/377500\/","title":{"rendered":"Louane r\u00e9v\u00e8le \u00eatre atteinte d\u2019une maladie auto-immune invalidante"},"content":{"rendered":"<p>Louane a \u00ab\u00a0mal tout le temps\u00a0\u00bb et notamment \u00ab\u00a0dans les genoux, dans les chevilles, dans les poignets\u00a0\u00bb, a-t-elle r\u00e9v\u00e9l\u00e9 dans le podcast d\u2019Alice Underground. La cause de son mal\u00a0: la spondylarthrite ankylosante, une \u00ab\u00a0maladie inflammatoire chronique auto-immune d\u00e9g\u00e9n\u00e9rative des articulations\u00a0\u00bb, qui provoque \u00ab\u00a0des crises douloureuses, localis\u00e9es \u00e0 diff\u00e9rentes parties du squelette\u00a0\u00bb et \u00ab\u00a0associ\u00e9es \u00e0 une fatigue importante\u00a0\u00bb, <a href=\"https:\/\/www.ameli.fr\/assure\/sante\/themes\/spondylarthrite-ankylosante\/symptomes-diagnostic-evolution#:~:text=Les%20sympt%C3%B4mes%20de%20la%20spondylarthrite%20ankylosante%20sont%20caract%C3%A9ris%C3%A9s%20par%20la,de%20plus%20en%20plus%20longtemps\" rel=\"nofollow noopener\" target=\"_blank\" class=\"c-link c-link--is-underlined\">selon<\/a> le site Ameli. \u00ab\u00a0L\u2019inflammation se r\u00e9sorbe en laissant une cicatrice constitu\u00e9e de tissus fibreux, qui va s\u2019ossifier petit \u00e0 petit\u00a0\u00bb, est-il aussi pr\u00e9cis\u00e9.<\/p>\n<p>\u00c0 l\u2019instar de l\u2019endom\u00e9triose, la spondylarthrite ankylosante rel\u00e8ve du handicap dit \u00ab\u00a0<a href=\"https:\/\/www.20minutes.fr\/sante\/4038258-20230529-recois-regards-noirs-insultes-atteints-handicap-invisible-galerent-etre-pris-serieux\" rel=\"nofollow noopener\" target=\"_blank\" class=\"c-link c-link--is-underlined\">invisible<\/a>\u00a0\u00bb mais qui peut se r\u00e9v\u00e9ler particuli\u00e8rement invalidant. Elle est heureusement de mieux en mieux diagnostiqu\u00e9e, et reconnue.<\/p>\n<p>\u00ab\u00a0J\u2019ai mal, mais j\u2019ai l\u2019habitude\u00a0\u00bb<\/p>\n<p>Louane en a en tout cas pris son parti. \u00ab\u00a0C\u2019est simple, on se parle, j\u2019ai mal. Mais j\u2019ai l\u2019habitude\u00a0\u00bb, a <a href=\"https:\/\/www.youtube.com\/watch?v=ugS1rRG4MAo&amp;t=1s\" rel=\"nofollow noopener\" target=\"_blank\" class=\"c-link c-link--is-underlined\">confi\u00e9<\/a> celle qui s\u2019appr\u00eate \u00e0 repartir en tourn\u00e9e. L\u2019artiste de 28 ans se r\u00e9jouit en tout cas de ne pas avoir \u00ab\u00a0eu de vraie crise\u00a0\u00bb, de celle qui l\u2019\u00ab\u00a0emp\u00eache de marcher\u00a0\u00bb, depuis \u00ab\u00a0vraiment longtemps\u00a0\u00bb. \u00ab\u00a0\u00c7a ne m\u2019est pas arriv\u00e9 depuis un moment, un an au moins. La derni\u00e8re fois que \u00e7a m\u2019est arriv\u00e9, c\u2019\u00e9tait en tourn\u00e9e l\u2019ann\u00e9e derni\u00e8re sur les festivals\u00a0\u00bb, relativise-t-elle.<\/p>\n<p>Toutefois, la jeune femme ne prend \u00ab\u00a0plus de m\u00e9dicaments\u00a0\u00bb. Ceux-ci consistent, selon les cas, \u00e0 \u00ab\u00a0beaucoup d\u2019anti-inflammatoires, ou alors c\u2019est plus compliqu\u00e9, genre des anti-TNF\u03b1. \u00c7a, c\u2019est un peu intense\u00a0\u00bb, explique-t-elle. Autre solution\u00a0: les infiltrations. \u00ab\u00a0\u00c7a, c\u2019est horrible. C\u2019est genre des aiguilles comme \u00e7a qu\u2019on te met dans le dos pour aller jusqu\u2019\u00e0 tes articulations, ou dans le poignet ou l\u00e0 o\u00f9 t\u2019as mal.\u00a0\u00bb Mais pour celle qui s\u2019appr\u00eate \u00e0 \u00e9pouser le p\u00e8re de sa fille Esm\u00e9e, <a href=\"https:\/\/www.20minutes.fr\/arts-stars\/people\/4169403-20250825-louane-florian-rossi-profitent-italie-cyril-lignac-mini-chef-adorable\" rel=\"nofollow noopener\" target=\"_blank\" class=\"c-link c-link--is-underlined\">Florian Rossi<\/a>, la solution est difficilement applicable puisque les douleurs surviennent partout. \u00ab\u00a0Donc j\u2019ai mal tout le temps\u00a0\u00bb, r\u00e9sume-t-elle.<\/p>\n<p>La chanteuse de <a href=\"https:\/\/www.20minutes.fr\/arts-stars\/culture\/eurovision\/4145228-20250325-eurovision-2025-pourquoi-titre-chanson-maman-louane-ecrit-minuscules\" rel=\"nofollow noopener\" target=\"_blank\" class=\"c-link c-link--is-underlined\">maman<\/a> a donc trouv\u00e9 d\u2019autres parades pour att\u00e9nuer les crises. \u00ab\u00a0Je fais attention \u00e0 ce que je mange pour que \u00e7a ne soit pas trop inflammatoire, et je fais beaucoup de Pilates, \u00e7a m\u2019aide vachement\u00a0\u00bb, confie Louane, qui assure s&rsquo;en sortir \u00ab\u00a0de mieux en mieux\u00a0\u00bb.<\/p>\n","protected":false},"excerpt":{"rendered":"Louane a \u00ab\u00a0mal tout le temps\u00a0\u00bb et notamment \u00ab\u00a0dans les genoux, dans les chevilles, dans les poignets\u00a0\u00bb, a-t-elle&hellip;\n","protected":false},"author":2,"featured_media":377501,"comment_status":"","ping_status":"","sticky":false,"template":"","format":"standard","meta":{"footnotes":""},"categories":[1355],"tags":[58,59,1011,27,1943,4501,226,1361,873,973,133],"class_list":{"0":"post-377500","1":"post","2":"type-post","3":"status-publish","4":"format-standard","5":"has-post-thumbnail","7":"category-musique","8":"tag-divertissement","9":"tag-entertainment","10":"tag-fr","11":"tag-france","12":"tag-handicap","13":"tag-louane","14":"tag-maladie","15":"tag-music","16":"tag-musique","17":"tag-people","18":"tag-video"},"share_on_mastodon":{"url":"https:\/\/pubeurope.com\/@fr\/115173906727707025","error":""},"_links":{"self":[{"href":"https:\/\/www.europesays.com\/fr\/wp-json\/wp\/v2\/posts\/377500","targetHints":{"allow":["GET"]}}],"collection":[{"href":"https:\/\/www.europesays.com\/fr\/wp-json\/wp\/v2\/posts"}],"about":[{"href":"https:\/\/www.europesays.com\/fr\/wp-json\/wp\/v2\/types\/post"}],"author":[{"embeddable":true,"href":"https:\/\/www.europesays.com\/fr\/wp-json\/wp\/v2\/users\/2"}],"replies":[{"embeddable":true,"href":"https:\/\/www.europesays.com\/fr\/wp-json\/wp\/v2\/comments?post=377500"}],"version-history":[{"count":0,"href":"https:\/\/www.europesays.com\/fr\/wp-json\/wp\/v2\/posts\/377500\/revisions"}],"wp:featuredmedia":[{"embeddable":true,"href":"https:\/\/www.europesays.com\/fr\/wp-json\/wp\/v2\/media\/377501"}],"wp:attachment":[{"href":"https:\/\/www.europesays.com\/fr\/wp-json\/wp\/v2\/media?parent=377500"}],"wp:term":[{"taxonomy":"category","embeddable":true,"href":"https:\/\/www.europesays.com\/fr\/wp-json\/wp\/v2\/categories?post=377500"},{"taxonomy":"post_tag","embeddable":true,"href":"https:\/\/www.europesays.com\/fr\/wp-json\/wp\/v2\/tags?post=377500"}],"curies":[{"name":"wp","href":"https:\/\/api.w.org\/{rel}","templated":true}]}}