{"id":377502,"date":"2025-09-09T10:38:12","date_gmt":"2025-09-09T10:38:12","guid":{"rendered":"https:\/\/www.europesays.com\/fr\/377502\/"},"modified":"2025-09-09T10:38:12","modified_gmt":"2025-09-09T10:38:12","slug":"fils-de-herite-de-la-premiere-place-au-coeur-dune-semaine-noire-pour-le-cinema","status":"publish","type":"post","link":"https:\/\/www.europesays.com\/fr\/377502\/","title":{"rendered":"\u201cFils de\u201d h\u00e9rite de la premi\u00e8re place, au c\u0153ur d\u2019une semaine noire pour le cin\u00e9ma"},"content":{"rendered":"<p>      La fr\u00e9quentation des salles est au plus bas. Dans ce contexte plus que morose, la com\u00e9die de Carlos Abascal Peir\u00f3 sauve les marrons du feu, tout comme certains films art et essai, \u00e0 l\u2019image de \u201cValeur sentimentale\u201d.              <a href=\"https:\/\/www.europesays.com\/fr\/wp-content\/uploads\/2025\/09\/f27446c_upload-1-e6psbsojwzti-telerama-019840-005.jpg\" data-pswp-width=\"\" data-pswp-height=\"\" class=\"media__hd\" target=\"_blank\">      <img decoding=\"async\" fetchpriority=\"high\" src=\"https:\/\/www.europesays.com\/fr\/wp-content\/uploads\/2025\/09\/f27446c_upload-1-e6psbsojwzti-telerama-019840-005.jpg\" class=\"media__picture js-media-zoom-main \" alt=\"Alex Lutz dans \u00ab\u00a0Fils de\u00a0\u00bb, com\u00e9die politique de Carlos Abascal Peir\u00f3.\" title=\"Fair Play\/UMedia\/Goodfellas\/Fran\"\/>      <\/p>\n<p class=\"media__legend\"> Alex Lutz dans \u00ab\u00a0Fils de\u00a0\u00bb, com\u00e9die politique de Carlos Abascal Peir\u00f3.  Fair Play\/UMedia\/Goodfellas\/Fran  <\/p>\n<p>     <\/a>                    <\/p>\n<p class=\"author author--simple\">Par  <a class=\"author author--link\" href=\"https:\/\/www.telerama.fr\/recherche\/articles?q=Bertrand+Lott\" rel=\"nofollow noopener\" target=\"_blank\"> Bertrand Lott <\/a>    <\/p>\n<p class=\"publication__date\">Publi\u00e9 le 09 septembre 2025 \u00e0 11h00<\/p>\n<p>   Partager   <\/p>\n<ul class=\"sharing-popin--results\">\n<li class=\"sharing-popin--item sharing-popin--item-container\"> Partage  <\/li>\n<li data-share=\"linkedin\" class=\"sharing-popin--item\">  LinkedIn <\/li>\n<li data-share=\"facebook\" class=\"sharing-popin--item\">  Facebook <\/li>\n<li data-share=\"mail\" data-social=\"mail\" class=\"sharing-popin--item\">  Envoyer par email <\/li>\n<li data-share=\"copy\" class=\"sharing-popin--item\">  Copier le lien <\/li>\n<\/ul>\n<p>        Favoris       <\/p>\n<p>                <a class=\"openapp__link\" data-event=\"click-open-app\" data-deep-link=\"tlrm:\/\/element?id=\/cinema\/box-office-fils-de-herite-de-la-premiere-place-au-c-ur-d-une-semaine-noire-pour-le-cinema-7027282.php&amp;source=deeplink_site\">  Lire dans l&rsquo;application<br \/>\n  <\/a>                               <\/p>\n<p class=\"paragraph\">Avec \u00e0 peine plus d\u2019un million de tickets vendus en cinq jours, la fr\u00e9quentation des salles touche le fond, enregistrant son plus bas niveau \u00e0 cette p\u00e9riode de l\u2019ann\u00e9e depuis\u00a02007 (exception faite de\u00a02020 en plein Covid). De quoi aggraver encore le d\u00e9ficit cumul\u00e9 en\u00a02025, compar\u00e9 \u00e0\u00a02024, qui atteignait d\u00e9j\u00e0 17,7\u00a0millions d\u2019entr\u00e9es \u00e0 fin ao\u00fbt et qui ne pourra pas \u00eatre combl\u00e9 d\u2019ici la fin de l\u2019ann\u00e9e. Dans ce contexte d\u00e9l\u00e9t\u00e8re, c\u2019est <a target=\"_blank\" href=\"https:\/\/www.telerama.fr\/cinema\/fils-de-une-gentille-satire-politique-au-casting-impeccable_cri-7040428.php\" rel=\"nofollow noopener\">Fils de<\/a>, la com\u00e9die politique de Carlos Abascal Peir\u00f3, qui prend la t\u00eate du classement au terme de son premier week-end, mais avec seulement 79\u00a0000\u00a0suffrages dans 394\u00a0salles. C\u2019est nettement moins que <a target=\"_blank\" href=\"https:\/\/www.telerama.fr\/cinema\/films\/presidents,n6904382.php\" rel=\"nofollow noopener\">Pr\u00e9sidents<\/a> d\u2019Anne Fontaine (214\u00a0000\u00a0entr\u00e9es en\u00a02021) mais mieux qu\u2019<a target=\"_blank\" href=\"https:\/\/www.telerama.fr\/cinema\/films\/en-meme-temps-1-195160313.php\" rel=\"nofollow noopener\">En m\u00eame temps<\/a> de Beno\u00eet Del\u00e9pine et Gustave Kervern (61\u00a0000\u00a0entr\u00e9es en\u00a02022) sur le m\u00eame registre.<\/p>\n<p class=\"paragraph\">Deuxi\u00e8me meilleure nouveaut\u00e9 de la semaine, <a target=\"_blank\" href=\"https:\/\/www.telerama.fr\/cinema\/exit-8-de-genki-kawamura-notre-critique_cri-7040424.php\" rel=\"nofollow noopener\">Exit\u00a08<\/a>, du Japonais Genki Kawamura, a effray\u00e9 39\u00a0000\u00a0adeptes sur 204\u00a0\u00e9crans. Un score satisfaisant qui le situe au m\u00eame niveau que <a target=\"_blank\" href=\"https:\/\/www.telerama.fr\/cinema\/sleep-de-jason-yu-un-couple-en-plein-cauchemar-dans-ce-premier-film-coreen-inspire_cri-7031190.php\" rel=\"nofollow noopener\">Sleep<\/a> (38\u00a0000\u00a0entr\u00e9es en\u00a02024), du Sud-Cor\u00e9en Jason Yu, autre film horrifique asiatique pr\u00e9sent\u00e9 \u00e0 Cannes. D\u00e9ception, en revanche, pour <a target=\"_blank\" href=\"https:\/\/www.telerama.fr\/cinema\/adieu-jean-pat-de-cecilia-rouaud-notre-critique_cri-7040426.php\" rel=\"nofollow noopener\">Adieu Jean-Pat<\/a>, qui n\u2019a rassembl\u00e9 que 36\u00a0000\u00a0volontaires sur 333\u00a0sites et fait moins bien que Les Complices (59\u00a0000\u00a0entr\u00e9es en\u00a02023) et Photo de famille (182\u00a0000\u00a0entr\u00e9es en\u00a02018), les deux pr\u00e9c\u00e9dentes r\u00e9alisations de C\u00e9cilia Rouaud. En r\u00e9unissant 18\u00a0000\u00a0cin\u00e9philes dans 102\u00a0salles, <a target=\"_blank\" href=\"https:\/\/www.telerama.fr\/cinema\/chroniques-d-haifa-un-appel-vibrant-a-s-emanciper-de-toutes-les-oppressions_cri-7040430.php\" rel=\"nofollow noopener\">Chroniques d\u2019Ha\u00effa<\/a>, du r\u00e9alisateur palestinien Scandar Copti, a trouv\u00e9 son public avec de bonnes perspectives pour la suite de sa carri\u00e8re.<\/p>\n<p class=\"edito__prefixe\">   \u00c0 lire aussi :   <\/p>\n<p class=\"edito__text-container\">   <a alt=\"Lire aussi\" href=\"https:\/\/www.telerama.fr\/cinema\/box-office-pris-au-piege-et-les-autres-grosses-nouveautes-empetres-dans-une-semaine-difficile-7027159.php\" class=\"article__title--edito\" rel=\"nofollow noopener\" target=\"_blank\">Box-office\u00a0: \u201cPris au pi\u00e8ge\u201d et les autres grosses nouveaut\u00e9s emp\u00eatr\u00e9s dans une semaine difficile<\/a>  <\/p>\n<p class=\"paragraph\">Du c\u00f4t\u00e9 des continuations, les films art et essai se distinguent avec le meilleur maintien pour l\u2019Iranien <a target=\"_blank\" href=\"https:\/\/www.telerama.fr\/cinema\/la-femme-qui-en-savait-trop-de-nader-saeivar-un-manifeste-a-la-fois-intime-et-politique-pour-les-femmes-la-liberte_cri-7040320.php\" rel=\"nofollow noopener\">La Femme qui en savait trop<\/a>, dont le cumul atteint 53\u00a0000\u00a0entr\u00e9es en douze jours. Tr\u00e8s bonnes tenues \u00e9galement pour le film suisse <a target=\"_blank\" href=\"https:\/\/www.telerama.fr\/cinema\/en-premiere-ligne-de-petra-volpine-notre-critique_cri-7040315.php\" rel=\"nofollow noopener\">En premi\u00e8re ligne<\/a> (63\u00a0000\u00a0entr\u00e9es en douze jours) et pour <a target=\"_blank\" href=\"https:\/\/www.telerama.fr\/cinema\/valeur-sentimentale-de-joachim-trier-une-bouleversante-histoire-de-famille-cruellement-desunie-1151_cri-7040234.php\" rel=\"nofollow noopener\">Valeur sentimentale<\/a>, de Joachim Trier, troisi\u00e8me du classement de la p\u00e9riode et d\u00e9j\u00e0 fort de 300\u00a0000\u00a0entr\u00e9es en moins de trois semaines. Sur le champ du cin\u00e9ma grand public, c\u2019est <a target=\"_blank\" href=\"https:\/\/www.telerama.fr\/cinema\/f1-de-joseph-kosinski-brad-pitt-roule-des-mecaniques-dans-un-film-au-ras-des-paquerettes_cri-7039536.php\" rel=\"nofollow noopener\">F1, le film<\/a> qui a le mieux encaiss\u00e9 la rentr\u00e9e scolaire, se classant quatri\u00e8me lors de son onzi\u00e8me week-end avec un cumul d\u00e9passant 3,2\u00a0millions d\u2019entr\u00e9es\u00a0! Chute contenue aussi pour <a target=\"_blank\" href=\"https:\/\/www.telerama.fr\/cinema\/evanouis-de-zach-cregger-un-thriller-horrifique-qui-sonde-les-peurs-de-l-amerique_cri-7040106.php\" rel=\"nofollow noopener\">\u00c9vanouis<\/a>, deuxi\u00e8me du classement, qui a passionn\u00e9 900\u00a0000 amateurs de genre en moins de cinq semaines.<\/p>\n","protected":false},"excerpt":{"rendered":"La fr\u00e9quentation des salles est au plus bas. Dans ce contexte plus que morose, la com\u00e9die de Carlos&hellip;\n","protected":false},"author":2,"featured_media":377503,"comment_status":"","ping_status":"","sticky":false,"template":"","format":"standard","meta":{"footnotes":""},"categories":[1354],"tags":[58,59,1346,1011,27,1360],"class_list":{"0":"post-377502","1":"post","2":"type-post","3":"status-publish","4":"format-standard","5":"has-post-thumbnail","7":"category-films","8":"tag-divertissement","9":"tag-entertainment","10":"tag-films","11":"tag-fr","12":"tag-france","13":"tag-movies"},"share_on_mastodon":{"url":"https:\/\/pubeurope.com\/@fr\/115173910776843505","error":""},"_links":{"self":[{"href":"https:\/\/www.europesays.com\/fr\/wp-json\/wp\/v2\/posts\/377502","targetHints":{"allow":["GET"]}}],"collection":[{"href":"https:\/\/www.europesays.com\/fr\/wp-json\/wp\/v2\/posts"}],"about":[{"href":"https:\/\/www.europesays.com\/fr\/wp-json\/wp\/v2\/types\/post"}],"author":[{"embeddable":true,"href":"https:\/\/www.europesays.com\/fr\/wp-json\/wp\/v2\/users\/2"}],"replies":[{"embeddable":true,"href":"https:\/\/www.europesays.com\/fr\/wp-json\/wp\/v2\/comments?post=377502"}],"version-history":[{"count":0,"href":"https:\/\/www.europesays.com\/fr\/wp-json\/wp\/v2\/posts\/377502\/revisions"}],"wp:featuredmedia":[{"embeddable":true,"href":"https:\/\/www.europesays.com\/fr\/wp-json\/wp\/v2\/media\/377503"}],"wp:attachment":[{"href":"https:\/\/www.europesays.com\/fr\/wp-json\/wp\/v2\/media?parent=377502"}],"wp:term":[{"taxonomy":"category","embeddable":true,"href":"https:\/\/www.europesays.com\/fr\/wp-json\/wp\/v2\/categories?post=377502"},{"taxonomy":"post_tag","embeddable":true,"href":"https:\/\/www.europesays.com\/fr\/wp-json\/wp\/v2\/tags?post=377502"}],"curies":[{"name":"wp","href":"https:\/\/api.w.org\/{rel}","templated":true}]}}