{"id":377504,"date":"2025-09-09T10:39:09","date_gmt":"2025-09-09T10:39:09","guid":{"rendered":"https:\/\/www.europesays.com\/fr\/377504\/"},"modified":"2025-09-09T10:39:09","modified_gmt":"2025-09-09T10:39:09","slug":"ce-medicament-quon-a-tous-pris-serait-interdit-a-la-vente-sil-sortait-aujourdhui-affirme-un-toxicologue-repute","status":"publish","type":"post","link":"https:\/\/www.europesays.com\/fr\/377504\/","title":{"rendered":"Ce m\u00e9dicament qu&rsquo;on a tous pris serait interdit \u00e0 la vente s\u2019il sortait aujourd\u2019hui, affirme un toxicologue r\u00e9put\u00e9"},"content":{"rendered":"<p>Un geste presque machinal : \u00e0 la moindre migraine, \u00e0 la moindre fi\u00e8vre, des millions de Fran\u00e7ais se tournent vers une petite g\u00e9lule blanche, gliss\u00e9e dans la trousse de secours familiale. Le parac\u00e9tamol, ce m\u00e9dicament que l&rsquo;on ne pr\u00e9sente plus, continue de rassurer et de soulager sans question. Pourtant, un pharmacologue canadien vient de jeter un pav\u00e9 dans la mare : selon lui, si ce produit phare d\u00e9barquait aujourd&rsquo;hui sur le march\u00e9, il ne serait tout simplement pas autoris\u00e9 \u00e0 la vente. De quoi bouleverser nos certitudes sur les m\u00e9dicaments du quotidien et interpeller sur les <a href=\"https:\/\/journaldesseniors.20minutes.fr\/sante\/ce-produit-menager-du-quotidien-serait-un-poison-cache-alerte-un-allergologue\/\" target=\"_blank\" rel=\"noopener\">risques souvent n\u00e9glig\u00e9s<\/a> de l&rsquo;autom\u00e9dication.<\/p>\n<p> Un cachet devenu incontournable<br \/>\n Comment le parac\u00e9tamol a conquis nos foyers<\/p>\n<p>Depuis plusieurs d\u00e9cennies, le parac\u00e9tamol est pr\u00e9sent dans presque tous les foyers fran\u00e7ais. Facile \u00e0 obtenir, abordable et g\u00e9n\u00e9ralement bien tol\u00e9r\u00e9, il est souvent le premier r\u00e9flexe face \u00e0 la douleur ou la fi\u00e8vre. <strong>Chaque ann\u00e9e, plusieurs centaines de millions de bo\u00eetes<\/strong> sont vendues en France. Cette omnipr\u00e9sence s&rsquo;explique notamment par les campagnes de pr\u00e9vention, ayant contribu\u00e9 \u00e0 forger sa r\u00e9putation de m\u00e9dicament s\u00fbr et efficace.<\/p>\n<p> La perception rassurante d&rsquo;un m\u00e9dicament \u00ab\u00a0innocent\u00a0\u00bb<\/p>\n<p>En France, impossible d&rsquo;imaginer un placard \u00e0 pharmacie sans sa bo\u00eete de parac\u00e9tamol. Rarement remis en cause, ce comprim\u00e9 b\u00e9n\u00e9ficie depuis toujours d&rsquo;une image rassurante. On le prescrit aussi bien aux adultes qu&rsquo;aux enfants, et il est souvent consid\u00e9r\u00e9 comme la solution miracle pour de nombreux maux. Mais cette confiance quasi aveugle masque une r\u00e9alit\u00e9 plus complexe et, parfois, plus dangereuse pour la sant\u00e9.<\/p>\n<p> Davantage un r\u00e9flexe qu&rsquo;un choix raisonn\u00e9<br \/>\n La banalisation de la prise de parac\u00e9tamol en France<\/p>\n<p>La facilit\u00e9 d&rsquo;acc\u00e8s et l&rsquo;absence d&rsquo;ordonnance pour l&rsquo;achat du parac\u00e9tamol l&rsquo;ont hiss\u00e9 au rang de m\u00e9dicament du quotidien. <strong>Pr\u00e8s d&rsquo;un Fran\u00e7ais sur deux<\/strong> en consomme chaque ann\u00e9e, parfois sans r\u00e9elle justification m\u00e9dicale. Ce comportement s&rsquo;est renforc\u00e9 avec la tendance \u00e0 l&rsquo;autonomie en mati\u00e8re de sant\u00e9, poussant de nombreuses personnes \u00e0 se soigner seules pour des sympt\u00f4mes jug\u00e9s b\u00e9nins.<\/p>\n<p> Qui conna\u00eet vraiment ses risques ?<\/p>\n<p>Le revers de la m\u00e9daille, c&rsquo;est la m\u00e9connaissance des dangers associ\u00e9s \u00e0 ce rem\u00e8de si populaire. Peu de consommateurs savent, par exemple, qu&rsquo;une surdose \u2013 m\u00eame mod\u00e9r\u00e9e \u2013 peut s&rsquo;av\u00e9rer nocive pour le foie. L&rsquo;autom\u00e9dication, si elle devient la norme au d\u00e9triment de l&rsquo;avis m\u00e9dical, expose \u00e0 des complications parfois graves.<\/p>\n<p>Le verdict du pharmacologue canadien : une prise de position choc<br \/>\nDavid Juurlink, la voix qui d\u00e9range le consensus<\/p>\n<p>Le d\u00e9bat a \u00e9t\u00e9 relanc\u00e9 r\u00e9cemment par David Juurlink, pharmacologue reconnu au Canada. Ce sp\u00e9cialiste, interrog\u00e9 dans The Globe and Mail, a affirm\u00e9 que <strong>le parac\u00e9tamol ne passerait pas le filtre des autorit\u00e9s sanitaires s&rsquo;il \u00e9tait \u00e9valu\u00e9 aujourd&rsquo;hui<\/strong>. Cette d\u00e9claration vient bousculer la confiance ancr\u00e9e dans ce m\u00e9dicament apparemment \u00ab\u00a0anodin\u00a0\u00bb.<\/p>\n<p> Les arguments avanc\u00e9s contre la mise sur le march\u00e9<\/p>\n<p>Selon lui, les principales raisons tiennent \u00e0 la balance b\u00e9n\u00e9fices\/risques jug\u00e9e trop \u00e9troite. Les effets secondaires, principalement h\u00e9patiques, seraient trop prononc\u00e9s par rapport \u00e0 l&rsquo;efficacit\u00e9 r\u00e9elle de la mol\u00e9cule. Le simple fait qu&rsquo;une surdose d\u00e9passant 8 \u00e0 10 g en 24 heures puisse entra\u00eener des cons\u00e9quences fatales inqui\u00e8te nombre de sp\u00e9cialistes \u00e0 l&rsquo;\u00e9chelle internationale.<\/p>\n<p> Des risques \u00e9clips\u00e9s par la confiance<br \/>\nLa toxicit\u00e9 du parac\u00e9tamol : effets secondaires sous-estim\u00e9s<\/p>\n<p>En France, on d\u00e9nombre chaque ann\u00e9e <strong>plusieurs milliers d&rsquo;intoxications au parac\u00e9tamol<\/strong>, parfois mortelles. Les signes d&rsquo;alerte \u2013 naus\u00e9es, vomissements, douleurs abdominales \u2013 sont souvent banalis\u00e9s. Pourtant, le risque d&rsquo;atteinte du foie existe m\u00eame \u00e0 dose mod\u00e9r\u00e9e sur le long terme, surtout en cas de pathologie pr\u00e9existante ou en associant d&rsquo;autres substances h\u00e9patotoxiques.<\/p>\n<p>Surdose et autom\u00e9dication : un cocktail dangereux<\/p>\n<p>La fronti\u00e8re entre dose th\u00e9rapeutique et dose toxique est plus fine qu&rsquo;on ne l&rsquo;imagine. Beaucoup ignorent qu&rsquo;<strong>avaler plusieurs m\u00e9dicaments contenant du parac\u00e9tamol simultan\u00e9ment<\/strong> accro\u00eet le risque, car la substance se retrouve dans de nombreux traitements contre la grippe, la douleur ou le rhume. L&rsquo;autom\u00e9dication, sans avis professionnel, peut alors devenir un v\u00e9ritable danger pour la sant\u00e9.<\/p>\n<p> Un m\u00e9dicament sous surveillance partout dans le monde<br \/>\nR\u00e8glementations internationales : vers un durcissement ?<\/p>\n<p>Ailleurs dans le monde, le parac\u00e9tamol fait l&rsquo;objet de r\u00e9gulations de plus en plus strictes. Dans certains pays, la vente en libre-service est limit\u00e9e, voire encadr\u00e9e par quantit\u00e9. On observe une augmentation des mises en garde et des restrictions, que ce soit au Royaume-Uni, en Australie ou ailleurs en Europe. Les autorit\u00e9s sanitaires fran\u00e7aises suivent de pr\u00e8s ces \u00e9volutions et n&rsquo;excluent pas de nouvelles mesures.<\/p>\n<p>Alternatives, mises en garde et nouvelles recommandations<\/p>\n<p>Les recommandations se multiplient pour <strong>limiter les doses<\/strong> et \u00e9viter l&rsquo;autom\u00e9dication excessive. D&rsquo;autres options, comme le recours \u00e0 des <a href=\"https:\/\/journaldesseniors.20minutes.fr\/sante\/ces-5-gestes-a-adopter-des-le-reveil-aident-a-maitriser-lhypertension-sans-effort-et-sans-medicaments\/\" target=\"_blank\" rel=\"noopener\">m\u00e9thodes non m\u00e9dicamenteuses<\/a> pour soulager la fi\u00e8vre ou la douleur, sont de plus en plus mises en avant. Par ailleurs, la formation des professionnels et l&rsquo;information du public s&rsquo;intensifient afin de pr\u00e9venir les accidents li\u00e9s \u00e0 la consommation inappropri\u00e9e.<\/p>\n<p> Peut-on encore faire confiance \u00e0 nos m\u00e9dicaments familiers ?<br \/>\n La n\u00e9cessaire remise en question de l&rsquo;autom\u00e9dication<\/p>\n<p>Si la confiance en nos traitements est pr\u00e9cieuse, elle doit aller de pair avec la vigilance. Le cas du parac\u00e9tamol nous invite \u00e0 repenser la facilit\u00e9 avec laquelle nous avons recours \u00e0 certains m\u00e9dicaments sans toujours mesurer les cons\u00e9quences. <strong>La sensibilisation reste le principal levier pour \u00e9viter les d\u00e9rives de l&rsquo;autom\u00e9dication<\/strong> et prot\u00e9ger notre sant\u00e9.<\/p>\n<p> Vers une information plus transparente et un usage raisonn\u00e9<\/p>\n<p>Un usage \u00e9clair\u00e9 n\u00e9cessite une meilleure transparence sur les effets ind\u00e9sirables et une r\u00e9\u00e9valuation r\u00e9guli\u00e8re des \u00e9quilibres b\u00e9n\u00e9fice\/risque. Se rapprocher de son pharmacien ou de son m\u00e9decin avant toute prise r\u00e9p\u00e9t\u00e9e est un <a href=\"https:\/\/journaldesseniors.20minutes.fr\/sante\/ces-mauvaises-habitudes-du-quotidien-que-lon-a-tous-ruinent-notre-microbiote-selon-un-gastro-enterologue\/\" target=\"_blank\" rel=\"noopener\">r\u00e9flexe \u00e0 adopter<\/a>. L&rsquo;objectif n&rsquo;est pas d&rsquo;instaurer la m\u00e9fiance, mais de promouvoir une consommation responsable et adapt\u00e9e \u00e0 chaque situation m\u00e9dicale.<\/p>\n<p> R\u00e9trospective et nouvelles pistes pour l&rsquo;avenir<\/p>\n<p>Le parcours du parac\u00e9tamol, d&#8217;embl\u00e8me rassurant \u00e0 m\u00e9dicament questionn\u00e9, symbolise la complexit\u00e9 du rapport que nous entretenons avec l&rsquo;autom\u00e9dication. \u00c0 l&rsquo;avenir, il sera essentiel de <strong>renforcer l&rsquo;information<\/strong>, d&rsquo;encourager la pr\u00e9vention, et de poursuivre la recherche d&rsquo;alternatives plus s\u00fbres pour pr\u00e9server la sant\u00e9 de tous. Cette nouvelle \u00e8re de vigilance pourrait bien ouvrir la voie \u00e0 une relation plus consciente, plus personnalis\u00e9e et plus responsable avec la pharmacie familiale.<\/p>\n<p>Alors, la prochaine fois que vous attraperez ce petit cachet blanc lors d&rsquo;un mal de t\u00eate, une simple question peut faire la diff\u00e9rence : suis-je vraiment inform\u00e9 sur ce que je prends ? <strong>La sant\u00e9 commence aussi par ce doute salutaire<\/strong> qui nous pousse \u00e0 nous renseigner davantage sur les m\u00e9dicaments que nous consommons r\u00e9guli\u00e8rement.<\/p>\n","protected":false},"excerpt":{"rendered":"Un geste presque machinal : \u00e0 la moindre migraine, \u00e0 la moindre fi\u00e8vre, des millions de Fran\u00e7ais se&hellip;\n","protected":false},"author":2,"featured_media":377505,"comment_status":"","ping_status":"","sticky":false,"template":"","format":"standard","meta":{"footnotes":""},"categories":[10],"tags":[1011,27,72,56,71],"class_list":{"0":"post-377504","1":"post","2":"type-post","3":"status-publish","4":"format-standard","5":"has-post-thumbnail","7":"category-sante","8":"tag-fr","9":"tag-france","10":"tag-health","11":"tag-push","12":"tag-sante"},"share_on_mastodon":{"url":"https:\/\/pubeurope.com\/@fr\/115173914696685180","error":""},"_links":{"self":[{"href":"https:\/\/www.europesays.com\/fr\/wp-json\/wp\/v2\/posts\/377504","targetHints":{"allow":["GET"]}}],"collection":[{"href":"https:\/\/www.europesays.com\/fr\/wp-json\/wp\/v2\/posts"}],"about":[{"href":"https:\/\/www.europesays.com\/fr\/wp-json\/wp\/v2\/types\/post"}],"author":[{"embeddable":true,"href":"https:\/\/www.europesays.com\/fr\/wp-json\/wp\/v2\/users\/2"}],"replies":[{"embeddable":true,"href":"https:\/\/www.europesays.com\/fr\/wp-json\/wp\/v2\/comments?post=377504"}],"version-history":[{"count":0,"href":"https:\/\/www.europesays.com\/fr\/wp-json\/wp\/v2\/posts\/377504\/revisions"}],"wp:featuredmedia":[{"embeddable":true,"href":"https:\/\/www.europesays.com\/fr\/wp-json\/wp\/v2\/media\/377505"}],"wp:attachment":[{"href":"https:\/\/www.europesays.com\/fr\/wp-json\/wp\/v2\/media?parent=377504"}],"wp:term":[{"taxonomy":"category","embeddable":true,"href":"https:\/\/www.europesays.com\/fr\/wp-json\/wp\/v2\/categories?post=377504"},{"taxonomy":"post_tag","embeddable":true,"href":"https:\/\/www.europesays.com\/fr\/wp-json\/wp\/v2\/tags?post=377504"}],"curies":[{"name":"wp","href":"https:\/\/api.w.org\/{rel}","templated":true}]}}