{"id":377506,"date":"2025-09-09T10:40:10","date_gmt":"2025-09-09T10:40:10","guid":{"rendered":"https:\/\/www.europesays.com\/fr\/377506\/"},"modified":"2025-09-09T10:40:10","modified_gmt":"2025-09-09T10:40:10","slug":"le-vol-dun-joyau-le-prometteur-defenseur-du-real-madrid-leo-lemaitre-choisit-les-u17-francais-plutot-que-lespagne","status":"publish","type":"post","link":"https:\/\/www.europesays.com\/fr\/377506\/","title":{"rendered":"\u00ab\u00a0Le vol d\u2019un joyau\u00a0\u00bb\u2026 Le prometteur d\u00e9fenseur du Real Madrid Leo Lemaitre choisit les U17 fran\u00e7ais plut\u00f4t que l\u2019Espagne"},"content":{"rendered":"<p>La <a href=\"https:\/\/www.20minutes.fr\/sport\/fff\/\" class=\"c-link c-link--is-underlined\" target=\"_blank\" rel=\"noopener\">F\u00e9d\u00e9ration fran\u00e7aise de football<\/a> vient-elle de signer un tr\u00e8s gros coup pour l\u2019avenir de l\u2019<a href=\"https:\/\/www.20minutes.fr\/sport\/equipe-de-france-de-football\/\" class=\"c-link c-link--is-underlined\" target=\"_blank\" rel=\"noopener\">\u00e9quipe de France<\/a>\u00a0? Encore relativement loin des radars ultra-m\u00e9diatiques entourant les tractations au sujet de tant de talents professionnels binationaux, le jeune Leo Lemaitre (16 ans) va ainsi participer \u00e0 son premier rassemblement avec la s\u00e9lection tricolore U17, du 14 au 19\u00a0septembre.<\/p>\n<p class=\"mb-xxl@xs color-ultramarine font-weight-semi-bold@xs font-source-serif-pro heading-s@xs\">L\u2019acc\u00e8s \u00e0 ce contenu a \u00e9t\u00e9 bloqu\u00e9 afin de respecter votre choix de consentement<\/p>\n<p class=\"mb-m@xs text-l@xs\">En cliquant sur\u00ab J\u2019accepte \u00bb, vous acceptez le d\u00e9p\u00f4t de cookies par des services externes et aurez ainsi acc\u00e8s aux contenus de nos partenaires.<\/p>\n<p class=\"mb-xl@xs text-s@xs\">Plus d\u2019informations sur la page<a href=\"https:\/\/www.20minutes.fr\/gestion-cookies\" class=\"mx-xxs@xs color-ultramarine\" target=\"_blank\" rel=\"noopener\">Politique de gestion des cookies<\/a><\/p>\n<p>J\u2019accepte<\/p>\n<p>Avant de d\u00e9voiler <a href=\"https:\/\/x.com\/jjsv81\/status\/1965143294381551791\" rel=\"nofollow\" target=\"_blank\" class=\"c-link c-link--is-underlined\">cette convocation officielle<\/a> lundi, avec deux matchs amicaux contre la Finlande pr\u00e9vus la semaine prochaine \u00e0 <a href=\"https:\/\/www.20minutes.fr\/sport\/clairefontaine\/\" class=\"c-link c-link--is-underlined\" target=\"_blank\" rel=\"noopener\">Clairefontaine<\/a>, la FFF avait bien not\u00e9 que le prometteur d\u00e9fenseur central franco-espagnol, actuellement en formation au <a href=\"https:\/\/www.20minutes.fr\/sport\/real_madrid\/\" class=\"c-link c-link--is-underlined\" target=\"_blank\" rel=\"noopener\">Real Madrid<\/a>, ne faisait pas partie des 26 joueurs appel\u00e9s par la s\u00e9lection U17 espagnole fin ao\u00fbt.<\/p>\n<p>\u00ab\u00a0Il veut repr\u00e9senter la France depuis toujours\u00a0\u00bb<\/p>\n<p>S\u2019il compte quatre capes en U15 avec la Roja (de mars \u00e0 juin\u00a02024), le g\u00e9ant gaucher d\u20191,94 m r\u00eaverait davantage des Bleus. Cit\u00e9 par <a href=\"https:\/\/www.lequipe.fr\/Football\/Article\/Tres-grand-surclasse-franco-espagnol-un-jeune-defenseur-du-real-madrid-pourrait-bientot-choisir-de-representer-la-france\/1587650\" rel=\"nofollow noopener\" target=\"_blank\" class=\"c-link c-link--is-underlined\">L\u2019Equipe<\/a>, un membre de son entourage confiait ainsi r\u00e9cemment\u00a0: \u00ab\u00a0Il veut repr\u00e9senter la France depuis toujours\u00a0\u00bb. Un souhait en passe de se r\u00e9aliser pour celui qui est n\u00e9 le 20\u00a0mars 2009 \u00e0 Saragosse d\u2019un p\u00e8re fran\u00e7ais et d\u2019une m\u00e8re espagnole.<\/p>\n<\/p>\n<p>Talent pr\u00e9coce, Leo Lemaitre est r\u00e9guli\u00e8rement surclass\u00e9 au Real Madrid, qu\u2019il a rejoint \u00e0 l\u2019\u00e2ge de 12 ans, et son changement de nationalit\u00e9 sportive \u00e0 venir est comment\u00e9 dans la presse ib\u00e9rique. \u00ab\u00a0La France annonce officiellement le vol d\u2019un joyau du Real Madrid \u00e0 l\u2019Espagne\u00a0\u00bb, a notamment titr\u00e9 lundi soir <a href=\"https:\/\/www.marca.com\/futbol\/real-madrid\/2025\/09\/08\/francia-oficial-robo-espana-joya-real-madrid.html\" rel=\"nofollow noopener\" target=\"_blank\" class=\"c-link c-link--is-underlined\">le quotidien Marca<\/a>.<\/p>\n<p><a href=\"https:\/\/www.20minutes.fr\/sport\/equipe-de-france-de-football\/\" class=\"c-link c-btn c-btn--primary\" target=\"_blank\" rel=\"noopener\">Notre dossier sur l&rsquo;\u00e9quipe de France de football<\/a><\/p>\n<p>L\u2019an pass\u00e9, voir la Roja remporter <a href=\"https:\/\/www.20minutes.fr\/sport\/euro-2024\/\" class=\"c-link c-link--is-underlined\" target=\"_blank\" rel=\"noopener\">l\u2019Euro<\/a> avec une d\u00e9fense centrale 100\u00a0% franco-espagnole, compos\u00e9e d\u2019Aymeric Laporte et de Robin Le Normand, avait une symbolique forte. Et si la m\u00eame chose se produisait dans l\u2019autre sens, lors de la Coupe du monde U17 au <a href=\"https:\/\/www.20minutes.fr\/dossier\/qatar\" class=\"c-link c-link--is-underlined\" target=\"_blank\" rel=\"noopener\">Qatar<\/a> (du 3 au 27\u00a0novembre), avec le n\u00e9o-tricolore Leo Lemaitre\u00a0?<\/p>\n","protected":false},"excerpt":{"rendered":"La F\u00e9d\u00e9ration fran\u00e7aise de football vient-elle de signer un tr\u00e8s gros coup pour l\u2019avenir de l\u2019\u00e9quipe de France\u00a0?&hellip;\n","protected":false},"author":2,"featured_media":377507,"comment_status":"","ping_status":"","sticky":false,"template":"","format":"standard","meta":{"footnotes":""},"categories":[9],"tags":[20536,64,6713,123,85,63,1011,27,4790,517,60],"class_list":{"0":"post-377506","1":"post","2":"type-post","3":"status-publish","4":"format-standard","5":"has-post-thumbnail","7":"category-sports","8":"tag-clairefontaine","9":"tag-equipe-de-france","10":"tag-equipe-de-france-de-football","11":"tag-espagne","12":"tag-fff","13":"tag-football","14":"tag-fr","15":"tag-france","16":"tag-real-madrid","17":"tag-sport","18":"tag-sports"},"share_on_mastodon":{"url":"https:\/\/pubeurope.com\/@fr\/115173918382472030","error":""},"_links":{"self":[{"href":"https:\/\/www.europesays.com\/fr\/wp-json\/wp\/v2\/posts\/377506","targetHints":{"allow":["GET"]}}],"collection":[{"href":"https:\/\/www.europesays.com\/fr\/wp-json\/wp\/v2\/posts"}],"about":[{"href":"https:\/\/www.europesays.com\/fr\/wp-json\/wp\/v2\/types\/post"}],"author":[{"embeddable":true,"href":"https:\/\/www.europesays.com\/fr\/wp-json\/wp\/v2\/users\/2"}],"replies":[{"embeddable":true,"href":"https:\/\/www.europesays.com\/fr\/wp-json\/wp\/v2\/comments?post=377506"}],"version-history":[{"count":0,"href":"https:\/\/www.europesays.com\/fr\/wp-json\/wp\/v2\/posts\/377506\/revisions"}],"wp:featuredmedia":[{"embeddable":true,"href":"https:\/\/www.europesays.com\/fr\/wp-json\/wp\/v2\/media\/377507"}],"wp:attachment":[{"href":"https:\/\/www.europesays.com\/fr\/wp-json\/wp\/v2\/media?parent=377506"}],"wp:term":[{"taxonomy":"category","embeddable":true,"href":"https:\/\/www.europesays.com\/fr\/wp-json\/wp\/v2\/categories?post=377506"},{"taxonomy":"post_tag","embeddable":true,"href":"https:\/\/www.europesays.com\/fr\/wp-json\/wp\/v2\/tags?post=377506"}],"curies":[{"name":"wp","href":"https:\/\/api.w.org\/{rel}","templated":true}]}}