{"id":377508,"date":"2025-09-09T10:41:10","date_gmt":"2025-09-09T10:41:10","guid":{"rendered":"https:\/\/www.europesays.com\/fr\/377508\/"},"modified":"2025-09-09T10:41:10","modified_gmt":"2025-09-09T10:41:10","slug":"le-musicien-charlie-oleg-qui-a-fait-les-grandes-heures-de-tournez-manege-sest-eteint","status":"publish","type":"post","link":"https:\/\/www.europesays.com\/fr\/377508\/","title":{"rendered":"Le musicien Charlie Oleg, qui a fait les grandes heures de \u00ab\u00a0Tournez man\u00e8ge\u00a0\u00bb, s\u2019est \u00e9teint"},"content":{"rendered":"<p>Une calvitie, une moustache et sourire communicatif. Durant huit ans, Charlie Oleg a mis l\u2019ambiance sur le plateau de l\u2019\u00e9mission <a href=\"https:\/\/www.20minutes.fr\/medias\/638335-20101213-media-la-fin-tournez-manege-tf1\" class=\"c-link c-link--is-underlined\" target=\"_blank\" rel=\"noopener\">Tournez man\u00e8ge sur TF1<\/a> avec son orgue. Le pianiste s\u2019est \u00e9teint lundi, \u00e0 l\u2019\u00e2ge de 94 ans, a annonc\u00e9 sur Facebook le t\u00e9nor Jos\u00e9 Todaro. \u00ab\u00a0Notre ami, notre fr\u00e8re, notre merveilleux pianiste Charly Oleg, a \u00e9t\u00e9 rappel\u00e9 par Dieu ce matin\u00a0\u00bb, a-t-il \u00e9crit dans son message rep\u00e9r\u00e9 par le journal belge <a href=\"https:\/\/www.dhnet.be\/medias\/musique\/2025\/09\/08\/tournez-manege-perd-son-formidable-pianiste-charly-oleg-est-decede-a-94-ans-5YPXTPHSYRCMJAK3QTKFWT5FSY\/\" rel=\"nofollow noopener\" target=\"_blank\" class=\"c-link c-link--is-underlined\">la Derni\u00e8re Heure<\/a>. Une annonce <a href=\"https:\/\/www.leparisien.fr\/culture-loisirs\/tv\/connu-grace-a-tournez-manege-charly-oleg-est-mort-a-lage-de-94-ans-09-09-2025-WACPEXORCNE2JMIYNVEWFBCSPI.php\" target=\"_blank\" class=\"c-link c-link--is-underlined\" rel=\"noopener\">confirm\u00e9e au Parisien<\/a> par le maire de la ville du Blanc-Mesnil, o\u00f9 r\u00e9sidait Charly Oleg.<\/p>\n<p>N\u00e9 en ao\u00fbt\u00a01931 \u00e0 Nilvange en Moselle, Charles Olejniczak de son vrai nom est dipl\u00f4m\u00e9 du conservatoire de <a href=\"https:\/\/www.20minutes.fr\/dossier\/metz\" class=\"c-link c-link--is-underlined\" target=\"_blank\" rel=\"noopener\">Metz<\/a>. Il devient ensuite musicien et accompagne des artistes comme Jos\u00e9phine Baker, Mireille Mathieu ou Charles Aznavour. Mais c\u2019est au milieu des ann\u00e9es\u00a01980 qu\u2019il conna\u00eet la gloire. De\u00a01985 \u00e0\u00a01993, il participe <a href=\"https:\/\/www.20minutes.fr\/television\/1259087-20131204-20131204-tournez-menages-ingrid-sketch-culte-inconnus-perd-proces-contre-producteur\" class=\"c-link c-link--is-underlined\" target=\"_blank\" rel=\"noopener\">\u00e0 la c\u00e9l\u00e8bre \u00e9mission Tournez man\u00e8ge<\/a>. Il joue \u00e0 l\u2019orgue des morceaux que les participants doivent reconna\u00eetre. Il en devient rapidement l\u2019une des figures.<\/p>\n<p>\u00ab\u00a0Variations personnelles\u00a0\u00bb<\/p>\n<p>\u00ab\u00a0Je me souviens des banderoles avec l\u2019inscription \u00ab\u00a0Charly Oleg, Formidable\u00a0!\u00a0\u00bb. Ce sont les gens qui m\u2019ont fait remarquer que je disais toujours \u00ab\u00a0Formidable\u00a0\u00bb lorsque les candidats trouvaient la bonne r\u00e9ponse\u00a0\u00bb, confiait-il en\u00a02009 au site belge <a href=\"https:\/\/www.sudinfo.be\/art\/d-20130130-Z2E4ZQ\" rel=\"nofollow noopener\" target=\"_blank\" class=\"c-link c-link--is-underlined\">Sud Info<\/a>. Je ne m\u2019en \u00e9tais pas aper\u00e7u. \u00ab\u00a0Au d\u00e9but, je me demandais pourquoi ils me disaient tous la m\u00eame chose. C\u2019\u00e9tait bizarre.\u00a0\u00bb La t\u00e9l\u00e9vision ne lui manquait \u00ab\u00a0pas sp\u00e9cialement\u00a0\u00bb. \u00ab\u00a0J\u2019ai repris mon boulot de musicien\u00a0\u00bb, assurait-il, ajoutant avoir fait \u00ab\u00a0beaucoup de galas pour des \u00e9tudiants\u00a0\u00bb, et \u00ab\u00a0des croisi\u00e8res\u00a0\u00bb.<\/p>\n<\/p>\n<p>En\u00a02007, il est sorti de sa retraite et sorti un album intitul\u00e9 \u00ab\u00a0Variations personnelles\u00a0\u00bb, comprenant six titres. Neuf ans plus tard, le musicien a fait une apparition dans \u00ab\u00a0Le Grand Blind test\u00a0\u00bb, une \u00e9mission diffus\u00e9e sur <a href=\"https:\/\/www.20minutes.fr\/dossier\/tf1\" class=\"c-link c-link--is-underlined\" target=\"_blank\" rel=\"noopener\">TF1<\/a> et anim\u00e9 par Laurence Boccolini. Il devait alors faire deviner aux candidats l\u2019interpr\u00e8te d\u2019un air qu\u2019il jouait sur son clavier.<\/p>\n","protected":false},"excerpt":{"rendered":"Une calvitie, une moustache et sourire communicatif. Durant huit ans, Charlie Oleg a mis l\u2019ambiance sur le plateau&hellip;\n","protected":false},"author":2,"featured_media":377509,"comment_status":"","ping_status":"","sticky":false,"template":"","format":"standard","meta":{"footnotes":""},"categories":[8],"tags":[251,2715,58,59,1011,27,873,252,199],"class_list":{"0":"post-377508","1":"post","2":"type-post","3":"status-publish","4":"format-standard","5":"has-post-thumbnail","7":"category-divertissement","8":"tag-culture","9":"tag-disparition","10":"tag-divertissement","11":"tag-entertainment","12":"tag-fr","13":"tag-france","14":"tag-musique","15":"tag-television","16":"tag-tf1"},"share_on_mastodon":{"url":"https:\/\/pubeurope.com\/@fr\/115173922356139019","error":""},"_links":{"self":[{"href":"https:\/\/www.europesays.com\/fr\/wp-json\/wp\/v2\/posts\/377508","targetHints":{"allow":["GET"]}}],"collection":[{"href":"https:\/\/www.europesays.com\/fr\/wp-json\/wp\/v2\/posts"}],"about":[{"href":"https:\/\/www.europesays.com\/fr\/wp-json\/wp\/v2\/types\/post"}],"author":[{"embeddable":true,"href":"https:\/\/www.europesays.com\/fr\/wp-json\/wp\/v2\/users\/2"}],"replies":[{"embeddable":true,"href":"https:\/\/www.europesays.com\/fr\/wp-json\/wp\/v2\/comments?post=377508"}],"version-history":[{"count":0,"href":"https:\/\/www.europesays.com\/fr\/wp-json\/wp\/v2\/posts\/377508\/revisions"}],"wp:featuredmedia":[{"embeddable":true,"href":"https:\/\/www.europesays.com\/fr\/wp-json\/wp\/v2\/media\/377509"}],"wp:attachment":[{"href":"https:\/\/www.europesays.com\/fr\/wp-json\/wp\/v2\/media?parent=377508"}],"wp:term":[{"taxonomy":"category","embeddable":true,"href":"https:\/\/www.europesays.com\/fr\/wp-json\/wp\/v2\/categories?post=377508"},{"taxonomy":"post_tag","embeddable":true,"href":"https:\/\/www.europesays.com\/fr\/wp-json\/wp\/v2\/tags?post=377508"}],"curies":[{"name":"wp","href":"https:\/\/api.w.org\/{rel}","templated":true}]}}