{"id":377520,"date":"2025-09-09T10:47:12","date_gmt":"2025-09-09T10:47:12","guid":{"rendered":"https:\/\/www.europesays.com\/fr\/377520\/"},"modified":"2025-09-09T10:47:12","modified_gmt":"2025-09-09T10:47:12","slug":"firminy-le-salon-de-la-maquette-et-du-modele-reduit-est-annule","status":"publish","type":"post","link":"https:\/\/www.europesays.com\/fr\/377520\/","title":{"rendered":"Firminy. Le Salon de la maquette et du mod\u00e8le r\u00e9duit est annul\u00e9"},"content":{"rendered":"<p>Une manifestation bien ancr\u00e9e dans le calendrier \u00e9v\u00e9nementiel de Firminy n\u2019aura pas lieu cette ann\u00e9e.<\/p>\n<p>Le Salon de la maquette et du mod\u00e8le r\u00e9duit a \u00e9t\u00e9 annul\u00e9 par l\u2019\u00e9quipe organisatrice du Mus\u00e9e des sapeurs-pompiers de la Loire. La huiti\u00e8me \u00e9dition \u00e9tait pr\u00e9vue ce samedi\u00a013 et ce dimanche 14\u00a0septembre au Firmament. Le rendez-vous se d\u00e9roule un an sur deux.<\/p>\n<p>  Le salon annul\u00e9, mais les Journ\u00e9es europ\u00e9ennes du patrimoine maintenues<\/p>\n<p>L\u2019\u00e9v\u00e9nement ne peut \u00eatre organis\u00e9 au grand regret des b\u00e9n\u00e9voles qui esp\u00e8rent pouvoir le maintenir \u00e0 l\u2019avenir. Il r\u00e9unit chaque ann\u00e9e de nombreux visiteurs et permet \u00e0 des passionn\u00e9s d\u2019exposer leurs cr\u00e9ations, fruit de nombreuses heures de travail et de patience.<\/p>\n<p>En 2023, le CLCS et ses maquettes ferroviaires, les clubs des mod\u00e9listes du Roannais et de mod\u00e9lisme du Haut-Forez (Estivareilles) ainsi que les \u0153uvres de Jean Ollagnier, de J\u00e9r\u00f4me Moulin ou encore de Georges Venet, \u00e9taient expos\u00e9es. Le dimanche, des mini-routiers \u00e9taient \u00e9galement \u00e0 admirer.<\/p>\n<p>Le prochain rendez-vous au Mus\u00e9e, les Journ\u00e9es europ\u00e9ennes du patrimoine les 20 et 21\u00a0septembre (*), est maintenu. Le lieu reste ouvert les samedis et dimanche, sur r\u00e9servation, ainsi que le mercredi pendant les vacances scolaires.<\/p>\n<p class=\"note\">(*) \u00a0Samedi 20\u00a0septembre de 14 heures \u00e0 18\u00a0h\u00a030 et\u00a0dimanche 21\u00a0septembre de 9\u00a0h\u00a045 \u00e0 19 heures. Tarif\u00a0: 2\u00a0euros (\u00e0 partir de 12 ans). Mus\u00e9e des sapeurs-pompiers de la Loire, 10 rue de l\u2019Abattoir.<\/p>\n","protected":false},"excerpt":{"rendered":"Une manifestation bien ancr\u00e9e dans le calendrier \u00e9v\u00e9nementiel de Firminy n\u2019aura pas lieu cette ann\u00e9e. Le Salon de&hellip;\n","protected":false},"author":2,"featured_media":377521,"comment_status":"","ping_status":"","sticky":false,"template":"","format":"standard","meta":{"footnotes":""},"categories":[9653],"tags":[1111,11,2430,1687,7539,1777,674,2271,3326,10282,10283,1011,27,12,25,4001,104,1631],"class_list":{"0":"post-377520","1":"post","2":"type-post","3":"status-publish","4":"format-standard","5":"has-post-thumbnail","7":"category-saint-etienne","8":"tag-actu","9":"tag-actualites","10":"tag-auvergne-rhone-alpes","11":"tag-culture-loisirs","12":"tag-edition-loire-sud","13":"tag-eu","14":"tag-europe","15":"tag-exposition-arts-plastiques","16":"tag-fete-locale","17":"tag-firminy","18":"tag-firminy-ville","19":"tag-fr","20":"tag-france","21":"tag-news","22":"tag-republique-francaise","23":"tag-saint-etienne","24":"tag-societe","25":"tag-vie-associative"},"share_on_mastodon":{"url":"https:\/\/pubeurope.com\/@fr\/115173945775290714","error":""},"_links":{"self":[{"href":"https:\/\/www.europesays.com\/fr\/wp-json\/wp\/v2\/posts\/377520","targetHints":{"allow":["GET"]}}],"collection":[{"href":"https:\/\/www.europesays.com\/fr\/wp-json\/wp\/v2\/posts"}],"about":[{"href":"https:\/\/www.europesays.com\/fr\/wp-json\/wp\/v2\/types\/post"}],"author":[{"embeddable":true,"href":"https:\/\/www.europesays.com\/fr\/wp-json\/wp\/v2\/users\/2"}],"replies":[{"embeddable":true,"href":"https:\/\/www.europesays.com\/fr\/wp-json\/wp\/v2\/comments?post=377520"}],"version-history":[{"count":0,"href":"https:\/\/www.europesays.com\/fr\/wp-json\/wp\/v2\/posts\/377520\/revisions"}],"wp:featuredmedia":[{"embeddable":true,"href":"https:\/\/www.europesays.com\/fr\/wp-json\/wp\/v2\/media\/377521"}],"wp:attachment":[{"href":"https:\/\/www.europesays.com\/fr\/wp-json\/wp\/v2\/media?parent=377520"}],"wp:term":[{"taxonomy":"category","embeddable":true,"href":"https:\/\/www.europesays.com\/fr\/wp-json\/wp\/v2\/categories?post=377520"},{"taxonomy":"post_tag","embeddable":true,"href":"https:\/\/www.europesays.com\/fr\/wp-json\/wp\/v2\/tags?post=377520"}],"curies":[{"name":"wp","href":"https:\/\/api.w.org\/{rel}","templated":true}]}}