{"id":377536,"date":"2025-09-09T10:56:09","date_gmt":"2025-09-09T10:56:09","guid":{"rendered":"https:\/\/www.europesays.com\/fr\/377536\/"},"modified":"2025-09-09T10:56:09","modified_gmt":"2025-09-09T10:56:09","slug":"decouvrez-le-tarmac-nouveau-bar-de-la-place-saint-marc-a-rouen","status":"publish","type":"post","link":"https:\/\/www.europesays.com\/fr\/377536\/","title":{"rendered":"d\u00e9couvrez le Tarmac, nouveau bar de la place Saint-Marc \u00e0 Rouen"},"content":{"rendered":"<p>            Par<br \/>\n        <strong><br \/>\n            <a href=\"https:\/\/actu.fr\/auteur\/thomas-rideau\" title=\"Consulter tous les articles de Thomas Rideau\" target=\"_blank\" rel=\"noopener\">Thomas Rideau<\/a><br \/>\n        <\/strong><\/p>\n<p>        Publi\u00e9 le<\/p>\n<p>            9 sept. 2025 \u00e0 12h51        <\/p>\n<p>L\u2019embl\u00e9matique bar Alaf\u00fbt, c\u2019est termin\u00e9 \u00e0 <a href=\"https:\/\/actu.fr\/normandie\/rouen_76540\" target=\"_blank\" rel=\"noopener\">Rouen (Seine-Maritime)<\/a>. L\u2019\u00e9tablissement de nuit situ\u00e9 sur la <strong>place Saint-Marc<\/strong> ferme, mais pour les habitu\u00e9s des lieux, la nouvelle ne va pas \u00eatre trop am\u00e8re. Car ce sont des (d\u00e9sormais) v\u00e9t\u00e9rans du monde des bars de Rouen qui reprennent l\u2019affaire tout en modifiant les lieux.<br \/>En effet, <strong>Antoine Anselin et Mathieu Lefebvre<\/strong>, les deux comp\u00e8res derri\u00e8re <strong>le Farfelu<\/strong> (rue Malpalu) ont d\u00e9cid\u00e9 de reprendre l\u2019affaire et de lui donner un coup de neuf. Exit donc le \u00c0 la fut, et bonjour au <strong>Tarmac<\/strong>\u2009!<\/p>\n<p>Un avion au plafond<\/p>\n<p class=\" wall-content\">Un bar enti\u00e8rement tourn\u00e9\u2026 vers <strong>l\u2019aviation<\/strong>. \u00ab\u2009On avait d\u00e9j\u00e0 le bateau avec le Farfelu [le zinc est en fait un bateau], on a voulu rester<strong> dans les transports en commun<\/strong>\u2009\u00bb, rigole Antoine. Et ils n\u2019ont pas fait les choses \u00e0 moiti\u00e9. Durant des mois, ils ont chin\u00e9 sur Internet quelques p\u00e9pites pour donner l\u2019impression aux clients qu\u2019ils rentrent dans un a\u00e9roport.<\/p>\n<p class=\" wall-content\">Ce sont des petites touches\u2009: des bouts de carlingue de Boeing, des chaises d\u2019Airbus, des hublots, <strong>des casques de pilote\u2026<\/strong> \u00ab\u2009On a voulu donner une sensation industrielle et chaleureuse\u2009\u00bb, confirme Antoine. Mais le plus impressionnant se trouve au niveau du plafond.<\/p>\n<p class=\" wall-content\">Les deux associ\u00e9s n\u2019ont pas fait les choses \u00e0 moiti\u00e9\u2009: ils ont accroch\u00e9 un avion au plafond \u2013 litt\u00e9ralement. Certes, un petit, mais tout de m\u00eame. \u00ab\u2009Il s\u2019agit d\u2019un ULM de voltige.\u2009\u00bb Et des photos de l\u2019appareil en exercice viennent garnir les murs du bar. \u00ab\u2009On a fait l\u2019aller-retour \u00e0 Toulouse avec une d\u00e9panneuse pour r\u00e9cup\u00e9rer l\u2019appareil\u2009\u00bb, lance dans un grand sourire Antoine. \u00ab\u2009On veut donner<strong> une vraie identit\u00e9 au lieu<\/strong>. De la chaleur\u2009\u00bb, confirme Mathieu. L\u2019objectif est atteint.<\/p>\n<p>Un large choix de bi\u00e8re<\/p>\n<p class=\" wall-content\">Au niveau de la carte, ils l\u2019assurent, \u00ab\u2009<strong>impossible de ne pas trouver<\/strong> quelque chose qu\u2019on aime\u2009\u00bb. Un (tr\u00e8s) large de choix de bi\u00e8re \u00e0 la pression, des cr\u00e9ations pour les cocktails, une carte des vins tr\u00e8s fournis, des spiritueux.<\/p>\n<p class=\" wall-content\">Il sera \u00e9galement possible de grignoter. \u00ab\u2009On va travailler avec des commer\u00e7ants rouennais pour nos planches\u2009\u00bb, promettent-ils. Du poisson, du fromage et m\u00eame des crevettes et des hu\u00eetres le weekend.<\/p>\n<p class=\" wall-content\">Enfin, ce n\u2019est pas le moins important, ce n\u2019est pas moins de cinq emplois qui vont \u00eatre cr\u00e9\u00e9s \u00e0 l\u2019ouverture de l\u2019\u00e9tablissement. De quoi bien servir <strong>les quelque 70 places du bar<\/strong>. \u00ab\u2009On va vraiment insister sur la qualit\u00e9 du service\u2009\u00bb, assure d\u2019ailleurs Mathieu. Il n\u2019y a plus qu\u2019\u00e0 tester.<\/p>\n<p>Votre r\u00e9gion, votre actu !<\/p>\n<p>Recevez chaque jour les infos qui comptent pour vous.<\/p>\n<p>\t<a href=\"https:\/\/actu.fr\/newsletter\" class=\"ac-btn ac-btn--corner ac-btn--medium ac-btn--blue800\" target=\"_blank\" rel=\"noopener\">S&rsquo;incrire<\/a><\/p>\n<p>Le Tarmac, 106, rue Martainville, \u00e0 Rouen. Ouvert de 17h \u00e0 minuit en d\u00e9but de semaine et de 17h \u00e0 2h en fin de semaine. Ouvert le dimanche \u00e0 partir de 10h30.<\/p>\n<p>Suivez l\u2019actualit\u00e9 de Rouen <a href=\"https:\/\/www.whatsapp.com\/channel\/0029VaKfnf99hXF2ddApFB1D\" target=\"_blank\" rel=\"noopener\">sur notre cha\u00eene WhatsApp<\/a> et <a href=\"https:\/\/www.tiktok.com\/@76actu.fr?lang=fr\" target=\"_blank\" rel=\"noopener\">sur notre compte TikTok<\/a><\/p>\n<p class=\" wall-content\">Personnalisez votre actualit\u00e9 en ajoutant vos villes et m\u00e9dias en favori avec <a href=\"https:\/\/moncompte.actu.fr\" title=\"D\u00e9couvez Mon Actu\" rel=\"nofollow noopener\" data-trk=\"{&quot;cta&quot;:{&quot;action&quot;:&quot;https:\\\/\\\/moncompte.actu.fr&quot;,&quot;category&quot;:&quot;mon compte&quot;,&quot;from&quot;:&quot;article footer&quot;,&quot;name&quot;:&quot;Mon actu&quot;,&quot;type&quot;:&quot;cta&quot;}}\" target=\"_blank\">Mon Actu<\/a>.<\/p>\n<p>                    <script async src=\"\/\/www.tiktok.com\/embed.js\"><\/script><\/p>\n","protected":false},"excerpt":{"rendered":"Par Thomas Rideau Publi\u00e9 le 9 sept. 2025 \u00e0 12h51 L\u2019embl\u00e9matique bar Alaf\u00fbt, c\u2019est termin\u00e9 \u00e0 Rouen (Seine-Maritime).&hellip;\n","protected":false},"author":2,"featured_media":377537,"comment_status":"","ping_status":"","sticky":false,"template":"","format":"standard","meta":{"footnotes":""},"categories":[9587],"tags":[1111,11,5702,9086,1777,674,1011,27,1652,12,5161,25,9590],"class_list":{"0":"post-377536","1":"post","2":"type-post","3":"status-publish","4":"format-standard","5":"has-post-thumbnail","7":"category-rouen","8":"tag-actu","9":"tag-actualites","10":"tag-alcool","11":"tag-bon-plan-a-rouen","12":"tag-eu","13":"tag-europe","14":"tag-fr","15":"tag-france","16":"tag-loisirs-culture","17":"tag-news","18":"tag-normandie","19":"tag-republique-francaise","20":"tag-rouen"},"share_on_mastodon":{"url":"https:\/\/pubeurope.com\/@fr\/115173981129218621","error":""},"_links":{"self":[{"href":"https:\/\/www.europesays.com\/fr\/wp-json\/wp\/v2\/posts\/377536","targetHints":{"allow":["GET"]}}],"collection":[{"href":"https:\/\/www.europesays.com\/fr\/wp-json\/wp\/v2\/posts"}],"about":[{"href":"https:\/\/www.europesays.com\/fr\/wp-json\/wp\/v2\/types\/post"}],"author":[{"embeddable":true,"href":"https:\/\/www.europesays.com\/fr\/wp-json\/wp\/v2\/users\/2"}],"replies":[{"embeddable":true,"href":"https:\/\/www.europesays.com\/fr\/wp-json\/wp\/v2\/comments?post=377536"}],"version-history":[{"count":0,"href":"https:\/\/www.europesays.com\/fr\/wp-json\/wp\/v2\/posts\/377536\/revisions"}],"wp:featuredmedia":[{"embeddable":true,"href":"https:\/\/www.europesays.com\/fr\/wp-json\/wp\/v2\/media\/377537"}],"wp:attachment":[{"href":"https:\/\/www.europesays.com\/fr\/wp-json\/wp\/v2\/media?parent=377536"}],"wp:term":[{"taxonomy":"category","embeddable":true,"href":"https:\/\/www.europesays.com\/fr\/wp-json\/wp\/v2\/categories?post=377536"},{"taxonomy":"post_tag","embeddable":true,"href":"https:\/\/www.europesays.com\/fr\/wp-json\/wp\/v2\/tags?post=377536"}],"curies":[{"name":"wp","href":"https:\/\/api.w.org\/{rel}","templated":true}]}}