{"id":377538,"date":"2025-09-09T10:57:38","date_gmt":"2025-09-09T10:57:38","guid":{"rendered":"https:\/\/www.europesays.com\/fr\/377538\/"},"modified":"2025-09-09T10:57:38","modified_gmt":"2025-09-09T10:57:38","slug":"il-boxe-une-escort-girl-apres-avoir-negocie-le-prix-de-la-passe","status":"publish","type":"post","link":"https:\/\/www.europesays.com\/fr\/377538\/","title":{"rendered":"il boxe une escort-girl apr\u00e8s avoir n\u00e9goci\u00e9 le prix de la passe"},"content":{"rendered":"<p>\t\t\t\t\t\t\t\t\t\t\t<img loading=\"lazy\" decoding=\"async\" width=\"1110\" title=\"Grenoble : il boxe une escort-girl apr\u00e8s avoir n\u00e9goci\u00e9 le prix de la passe\" class=\"img-fluid  mb-3\" src=\"https:\/\/grandgrenoble.alpes1.com\/media\/news\/thumb\/1110x624_grenoble-il-boxe-une-escort-girl-apres-avoir-negocie-le-prix-de-la-passe_68be66eec1640.webp\" alt=\"Grenoble : il boxe une escort-girl apr\u00e8s avoir n\u00e9goci\u00e9 le prix de la passe\" itemprop=\"image\" height=\"624\"\/>\t\t\t\t\t\t\t\t\t\t\t\t<\/p>\n<p>Grenoble : il boxe une escort-girl apr\u00e8s avoir n\u00e9goci\u00e9 le prix de la passe &#8211; DR<\/p>\n<p itemprop=\"description\"><strong>Le 3 septembre dernier, un jeune homme de 28 ans prenait rendez-vous avec une escort-girl chinoise \u00e0 Grenoble.<\/strong><\/p>\n<p>Mais dans l&rsquo;appartement lou\u00e9 par cette derni\u00e8re et d&rsquo;autres prostitu\u00e9es, rien ne s&rsquo;est pass\u00e9 comme pr\u00e9vu.<\/p>\n<p>L&rsquo;individu aurait tent\u00e9 de n\u00e9gocier le prix de la passe, et une dispute a logiquement \u00e9clat\u00e9 entre les deux protagonistes. Plut\u00f4t que de fuir la sc\u00e8ne, il avait rou\u00e9 de coups l&rsquo;escort-girl, lui donnant des coups de poing \u00e0 la t\u00eate (4 jours d&rsquo;ITT).<\/p>\n<p>Face aux juges en fin de semaine derni\u00e8re, cet Alg\u00e9rien sous OQTF et d\u00e9j\u00e0 condamn\u00e9 en France pour des faits de violence a expliqu\u00e9 avoir \u00e9t\u00e9 en situation de l\u00e9gitime d\u00e9fense.<\/p>\n<p>Le tribunal de Grenoble l&rsquo;a condamn\u00e9 \u00e0 6 mois de prison ferme, auxquels se rajoutent 6 mois d&rsquo;un sursis pr\u00e9c\u00e9dent r\u00e9voqu\u00e9. Il a \u00e9t\u00e9 incarc\u00e9r\u00e9 \u00e0 l&rsquo;issue de l&rsquo;audience selon le Dauphin\u00e9 Lib\u00e9r\u00e9.<\/p>\n","protected":false},"excerpt":{"rendered":"Grenoble : il boxe une escort-girl apr\u00e8s avoir n\u00e9goci\u00e9 le prix de la passe &#8211; DR Le 3&hellip;\n","protected":false},"author":2,"featured_media":377539,"comment_status":"","ping_status":"","sticky":false,"template":"","format":"standard","meta":{"footnotes":""},"categories":[9566],"tags":[1111,11,7733,8279,2430,7736,650,7734,2889,2263,1777,674,1011,27,2731,8280,6417,1114,108,4662,12,3725,1825,25,7737],"class_list":{"0":"post-377538","1":"post","2":"type-post","3":"status-publish","4":"format-standard","5":"has-post-thumbnail","7":"category-grenoble","8":"tag-actu","9":"tag-actualites","10":"tag-alpes","11":"tag-alpes1","12":"tag-auvergne-rhone-alpes","13":"tag-cds","14":"tag-cinema","15":"tag-ecoute","16":"tag-emission","17":"tag-equipe","18":"tag-eu","19":"tag-europe","20":"tag-fr","21":"tag-france","22":"tag-grenoble","23":"tag-haute","24":"tag-information","25":"tag-infos","26":"tag-isere","27":"tag-journal","28":"tag-news","29":"tag-podcast","30":"tag-radio","31":"tag-republique-francaise","32":"tag-winamp"},"share_on_mastodon":{"url":"https:\/\/pubeurope.com\/@fr\/115173985347275797","error":""},"_links":{"self":[{"href":"https:\/\/www.europesays.com\/fr\/wp-json\/wp\/v2\/posts\/377538","targetHints":{"allow":["GET"]}}],"collection":[{"href":"https:\/\/www.europesays.com\/fr\/wp-json\/wp\/v2\/posts"}],"about":[{"href":"https:\/\/www.europesays.com\/fr\/wp-json\/wp\/v2\/types\/post"}],"author":[{"embeddable":true,"href":"https:\/\/www.europesays.com\/fr\/wp-json\/wp\/v2\/users\/2"}],"replies":[{"embeddable":true,"href":"https:\/\/www.europesays.com\/fr\/wp-json\/wp\/v2\/comments?post=377538"}],"version-history":[{"count":0,"href":"https:\/\/www.europesays.com\/fr\/wp-json\/wp\/v2\/posts\/377538\/revisions"}],"wp:featuredmedia":[{"embeddable":true,"href":"https:\/\/www.europesays.com\/fr\/wp-json\/wp\/v2\/media\/377539"}],"wp:attachment":[{"href":"https:\/\/www.europesays.com\/fr\/wp-json\/wp\/v2\/media?parent=377538"}],"wp:term":[{"taxonomy":"category","embeddable":true,"href":"https:\/\/www.europesays.com\/fr\/wp-json\/wp\/v2\/categories?post=377538"},{"taxonomy":"post_tag","embeddable":true,"href":"https:\/\/www.europesays.com\/fr\/wp-json\/wp\/v2\/tags?post=377538"}],"curies":[{"name":"wp","href":"https:\/\/api.w.org\/{rel}","templated":true}]}}