{"id":377542,"date":"2025-09-09T10:59:24","date_gmt":"2025-09-09T10:59:24","guid":{"rendered":"https:\/\/www.europesays.com\/fr\/377542\/"},"modified":"2025-09-09T10:59:24","modified_gmt":"2025-09-09T10:59:24","slug":"vern-sur-seiche-les-associations-face-au-defi-du-benevolat","status":"publish","type":"post","link":"https:\/\/www.europesays.com\/fr\/377542\/","title":{"rendered":"Vern-sur-Seiche. Les associations face au d\u00e9fi du b\u00e9n\u00e9volat"},"content":{"rendered":"<p>Yannick Meignen, conseiller municipal d\u00e9l\u00e9gu\u00e9 \u00e0 la sant\u00e9 et \u00e0 l\u2019emploi, se r\u00e9jouissait du public venu en nombre et de cette participation \u00e0 un projet partenarial visant le d\u00e9veloppement du b\u00e9n\u00e9volat dans la commune. <strong>\u00ab\u00a0L\u2019objectif \u00e9tait de pr\u00e9senter au public toutes les opportunit\u00e9s offertes en termes de b\u00e9n\u00e9volat et d\u2019aider les associations \u00e0 recruter\u00a0\u00bb,<\/strong> pr\u00e9cise-t-il.<\/p>\n<p>\u00ab\u00a0D\u00e9velopper une culture commune du b\u00e9n\u00e9volat\u00a0\u00bb<\/p>\n<p>C\u2019\u00e9tait un temps fort pour tous les pr\u00e9sidents qui s\u2019interrogent sur l\u2019engagement et le b\u00e9n\u00e9volat. Quelques inqui\u00e9tudes sont apparues ces derni\u00e8res ann\u00e9es au sein du monde associatif. \u00a0Dans bien des associations, on fonctionne avec un noyau dur de volontaires d\u00e9vou\u00e9s, autour duquel gravite un nombre tr\u00e8s variable de b\u00e9n\u00e9voles\u00a0\u00bb, rapporte l\u2019un d\u2019eux.<\/p>\n<p>\u00a0Je n\u2019ai pas le temps\u00a0, \u00a0je suis peu disponible\u00a0 ou encore \u00a0je n\u2019ai pas envie\u00a0 sont des r\u00e9ponses que tous les pr\u00e9sidents d\u2019associations ont entendues un jour ou l\u2019autre sur bien des stands. Les responsables confient pourtant\u00a0: \u00a0Il est tellement gratifiant de s\u2019engager, de partager des valeurs et de se sentir utile.\u00a0<\/p>\n<p>Les repr\u00e9sentants de l\u2019Union sportive de Vern, du centre des Marais, de Vern \u00e0 travers le monde et de la mairie avaient travaill\u00e9 en amont sur le sujet en constituant un groupe de travail pour faire \u00e9voluer le forum des associations en un forum du b\u00e9n\u00e9volat et des associations. <strong>\u00ab\u00a0Notre souhait est de d\u00e9velopper une culture commune du b\u00e9n\u00e9volat sur le territoire\u00a0\u00bb,<\/strong> indiquent-ils. Des offres sont visibles sur www.jeveuxaider.gouv.fr. Les services de la mairie et du centre des Marais se proposent d\u2019accompagner les personnes qui le souhaitent dans les d\u00e9marches.<\/p>\n<p>\u00a0<\/p>\n","protected":false},"excerpt":{"rendered":"Yannick Meignen, conseiller municipal d\u00e9l\u00e9gu\u00e9 \u00e0 la sant\u00e9 et \u00e0 l\u2019emploi, se r\u00e9jouissait du public venu en nombre&hellip;\n","protected":false},"author":2,"featured_media":377543,"comment_status":"","ping_status":"","sticky":false,"template":"","format":"standard","meta":{"footnotes":""},"categories":[2821],"tags":[1111,11,4733,10263,829,3750,1777,674,2823,1011,27,12,584,25,9310],"class_list":{"0":"post-377542","1":"post","2":"type-post","3":"status-publish","4":"format-standard","5":"has-post-thumbnail","7":"category-rennes","8":"tag-actu","9":"tag-actualites","10":"tag-associations","11":"tag-benevolat","12":"tag-bretagne","13":"tag-defi","14":"tag-eu","15":"tag-europe","16":"tag-face","17":"tag-fr","18":"tag-france","19":"tag-news","20":"tag-rennes","21":"tag-republique-francaise","22":"tag-vern-sur-seiche"},"share_on_mastodon":{"url":"https:\/\/pubeurope.com\/@fr\/115173993083991319","error":""},"_links":{"self":[{"href":"https:\/\/www.europesays.com\/fr\/wp-json\/wp\/v2\/posts\/377542","targetHints":{"allow":["GET"]}}],"collection":[{"href":"https:\/\/www.europesays.com\/fr\/wp-json\/wp\/v2\/posts"}],"about":[{"href":"https:\/\/www.europesays.com\/fr\/wp-json\/wp\/v2\/types\/post"}],"author":[{"embeddable":true,"href":"https:\/\/www.europesays.com\/fr\/wp-json\/wp\/v2\/users\/2"}],"replies":[{"embeddable":true,"href":"https:\/\/www.europesays.com\/fr\/wp-json\/wp\/v2\/comments?post=377542"}],"version-history":[{"count":0,"href":"https:\/\/www.europesays.com\/fr\/wp-json\/wp\/v2\/posts\/377542\/revisions"}],"wp:featuredmedia":[{"embeddable":true,"href":"https:\/\/www.europesays.com\/fr\/wp-json\/wp\/v2\/media\/377543"}],"wp:attachment":[{"href":"https:\/\/www.europesays.com\/fr\/wp-json\/wp\/v2\/media?parent=377542"}],"wp:term":[{"taxonomy":"category","embeddable":true,"href":"https:\/\/www.europesays.com\/fr\/wp-json\/wp\/v2\/categories?post=377542"},{"taxonomy":"post_tag","embeddable":true,"href":"https:\/\/www.europesays.com\/fr\/wp-json\/wp\/v2\/tags?post=377542"}],"curies":[{"name":"wp","href":"https:\/\/api.w.org\/{rel}","templated":true}]}}