{"id":377544,"date":"2025-09-09T11:00:13","date_gmt":"2025-09-09T11:00:13","guid":{"rendered":"https:\/\/www.europesays.com\/fr\/377544\/"},"modified":"2025-09-09T11:00:13","modified_gmt":"2025-09-09T11:00:13","slug":"mercato-rennes-alemdar-et-yildirim-vont-etre-transferes-en-turquie","status":"publish","type":"post","link":"https:\/\/www.europesays.com\/fr\/377544\/","title":{"rendered":"Mercato Rennes\u00a0: Alemdar et Yildirim vont \u00eatre transf\u00e9r\u00e9s en Turquie"},"content":{"rendered":"<p class=\"paragraph text_align_left lp-f-body-02\">Le nombre de d\u00e9parts enregistr\u00e9s par le Stade Rennais cet \u00e9t\u00e9 va bient\u00f4t passer \u00e0 29\u00a0! Alors que le march\u00e9 des transferts reste ouvert en Turquie, le gardien Dogan Alemdar (22\u00a0ans) et l\u2019attaquant Bertug Yildirim (23\u00a0ans) sont en passe d\u2019\u00eatre transf\u00e9r\u00e9s dans le club de G\u00f6ztepe, actuel 3e du championnat turc.<\/p>\n<p class=\"paragraph text_align_left lp-f-body-02\">Comme annonc\u00e9 par le journal Ouest-France, nous pouvons confirmer que les deux joueurs sont tr\u00e8s proches de quitter <a href=\"https:\/\/www.leparisien.fr\/sports\/football\/ligue-1\/\" target=\"_self\" rel=\"nofollow noopener\">la Ligue\u00a01<\/a>.<\/p>\n<p class=\"paragraph text_align_left lp-f-body-02\">Alemdar, sous contrat jusqu\u2019en 2027, \u00e9tait la doublure de Brice Samba sur le d\u00e9but de saison. Yildirim, li\u00e9 au club jusqu\u2019en 2028, allait manquer de temps de jeu apr\u00e8s les arriv\u00e9es de <a href=\"https:\/\/www.leparisien.fr\/sports\/football\/ligue-1\/mercato-monaco-lattaquant-breel-embolo-tout-proche-de-rennes-31-08-2025-LFQJ2UJFC5DTVNG3H2HNNAVOPE.php\" target=\"_blank\" rel=\"noreferrer nofollow noopener\">Breel Embolo<\/a> et <a href=\"https:\/\/www.leparisien.fr\/sports\/football\/ligue-1\/mercato-rennes-lattaquant-esteban-lepaul-arrive-27-08-2025-6UXXINPYLBD6TDRQ6G3IQLF42M.php\" target=\"_blank\" rel=\"noreferrer nofollow noopener\">Esteban Lepaul<\/a>. Les d\u00e9tails financiers de cette double op\u00e9ration n\u2019ont pas encore filtr\u00e9.<\/p>\n","protected":false},"excerpt":{"rendered":"Le nombre de d\u00e9parts enregistr\u00e9s par le Stade Rennais cet \u00e9t\u00e9 va bient\u00f4t passer \u00e0 29\u00a0! Alors que&hellip;\n","protected":false},"author":2,"featured_media":377545,"comment_status":"","ping_status":"","sticky":false,"template":"","format":"standard","meta":{"footnotes":""},"categories":[2821],"tags":[1111,11,829,1777,674,63,1011,27,66,12,584,25,60],"class_list":{"0":"post-377544","1":"post","2":"type-post","3":"status-publish","4":"format-standard","5":"has-post-thumbnail","7":"category-rennes","8":"tag-actu","9":"tag-actualites","10":"tag-bretagne","11":"tag-eu","12":"tag-europe","13":"tag-football","14":"tag-fr","15":"tag-france","16":"tag-ligue-1","17":"tag-news","18":"tag-rennes","19":"tag-republique-francaise","20":"tag-sports"},"share_on_mastodon":{"url":"https:\/\/pubeurope.com\/@fr\/115173997331484721","error":""},"_links":{"self":[{"href":"https:\/\/www.europesays.com\/fr\/wp-json\/wp\/v2\/posts\/377544","targetHints":{"allow":["GET"]}}],"collection":[{"href":"https:\/\/www.europesays.com\/fr\/wp-json\/wp\/v2\/posts"}],"about":[{"href":"https:\/\/www.europesays.com\/fr\/wp-json\/wp\/v2\/types\/post"}],"author":[{"embeddable":true,"href":"https:\/\/www.europesays.com\/fr\/wp-json\/wp\/v2\/users\/2"}],"replies":[{"embeddable":true,"href":"https:\/\/www.europesays.com\/fr\/wp-json\/wp\/v2\/comments?post=377544"}],"version-history":[{"count":0,"href":"https:\/\/www.europesays.com\/fr\/wp-json\/wp\/v2\/posts\/377544\/revisions"}],"wp:featuredmedia":[{"embeddable":true,"href":"https:\/\/www.europesays.com\/fr\/wp-json\/wp\/v2\/media\/377545"}],"wp:attachment":[{"href":"https:\/\/www.europesays.com\/fr\/wp-json\/wp\/v2\/media?parent=377544"}],"wp:term":[{"taxonomy":"category","embeddable":true,"href":"https:\/\/www.europesays.com\/fr\/wp-json\/wp\/v2\/categories?post=377544"},{"taxonomy":"post_tag","embeddable":true,"href":"https:\/\/www.europesays.com\/fr\/wp-json\/wp\/v2\/tags?post=377544"}],"curies":[{"name":"wp","href":"https:\/\/api.w.org\/{rel}","templated":true}]}}