{"id":377546,"date":"2025-09-09T11:01:19","date_gmt":"2025-09-09T11:01:19","guid":{"rendered":"https:\/\/www.europesays.com\/fr\/377546\/"},"modified":"2025-09-09T11:01:19","modified_gmt":"2025-09-09T11:01:19","slug":"videos-5-produits-insolites-vu-sur-la-foire-europeenne-de-strasbourg-2025","status":"publish","type":"post","link":"https:\/\/www.europesays.com\/fr\/377546\/","title":{"rendered":"VIDEOS. 5 produits insolites vu sur la Foire europ\u00e9enne de Strasbourg 2025"},"content":{"rendered":"<p>            Par<br \/>\n        <strong><br \/>\n            <a href=\"https:\/\/actu.fr\/auteur\/ivan-capecchi\" title=\"Consulter tous les articles de Ivan CAPECCHI\" target=\"_blank\" rel=\"noopener\">Ivan CAPECCHI<\/a><br \/>\n        <\/strong><\/p>\n<p>        Publi\u00e9 le<\/p>\n<p>            9 sept. 2025 \u00e0 11h58<br \/>\n        ; mis \u00e0 jour le 9 sept. 2025 \u00e0 12h00    <\/p>\n<p>La <a href=\"https:\/\/actu.fr\/grand-est\/strasbourg_67482\/foire-europeenne-de-strasbourg-nouveautes-theme-programme-on-vous-devoile-l-edition-2025_62733360.html\" target=\"_blank\" rel=\"noopener\">Foire europ\u00e9enne de Strasbourg<\/a> bat son plein depuis le 5 septembre au <strong>parc des expositions du Wacken<\/strong>. Jusqu\u2019au 14 septembre, plusieurs centaines d\u2019exposants accueillent les visiteurs entre d\u00e9monstrations, d\u00e9couvertes culinaires et trouvailles parfois surprenantes. Parmi les all\u00e9es, on croise aussi des <strong>objets insolites<\/strong>\u2026 dont voici une s\u00e9lection.<\/p>\n<p>Le Petit Ren\u00e9, la lavette qui nettoie tout \u00e0 l\u2019eau<\/p>\n<p class=\" wall-content\">Dans les all\u00e9es ext\u00e9rieures, une animatrice fait la d\u00e9monstration d\u2019un simple chiffon. Sa particularit\u00e9 ? Avec sa structure micro-perfor\u00e9e, la <strong>lavette Le Petit Ren\u00e9<\/strong> est cens\u00e9e laver, d\u00e9graisser et capturer la poussi\u00e8re<strong> uniquement avec de l\u2019eau<\/strong>, sans ajout de produit m\u00e9nager.<\/p>\n<blockquote class=\"tiktok-embed\" cite=\"https:\/\/www.tiktok.com\/@lorraine.actu\/video\/7547747993370430722\" data-video-id=\"7547747993370430722\" data-embed-from=\"oembed\" style=\"max-width:605px; min-width:325px;\"><p>\n<a target=\"_blank\" title=\"@lorraine.actu\" href=\"https:\/\/www.tiktok.com\/@lorraine.actu?refer=embed\" rel=\"noopener\">@lorraine.actu<\/a> <\/p>\n<p>La Foire europ\u00e9enne de Strasbourg bat son plein jusqu\u2019au 14 septembre. Entre gastronomie, artisanat et trouvailles insolites, on y d\u00e9couvre aussi des d\u00e9monstrations bluffantes, comme cette lavette capable de tout nettoyer en un clin d\u2019\u0153il.<\/p>\n<p> <a target=\"_blank\" title=\"\u266c son original - Lorraine Actu\" href=\"https:\/\/www.tiktok.com\/music\/son-original-7547747988702087958?refer=embed\" rel=\"noopener\">\u266c son original \u2013 Lorraine Actu<\/a> <\/p>\n<\/blockquote>\n<p>Plik Plak, le sac compact qui se d\u00e9ploie<\/p>\n<p class=\" wall-content\">\u00c0 l\u2019int\u00e9rieur, un stand attire l\u2019\u0153il avec un sac minuscule qui prend des airs de grand. Le <strong>Plik Plak<\/strong>, une fois d\u00e9pli\u00e9, peut <strong>contenir jusqu\u2019\u00e0 cent fois son volume initial<\/strong>. Ultra l\u00e9ger et confectionn\u00e9 \u00e0 partir de toile de parachute, il se replie en tirant fermement sur ses extr\u00e9mit\u00e9s.<\/p>\n<blockquote class=\"tiktok-embed\" cite=\"https:\/\/www.tiktok.com\/@demotivateur_fr\/video\/7507658350566362390\" data-video-id=\"7507658350566362390\" data-embed-from=\"oembed\" style=\"max-width:605px; min-width:325px;\"><p>\n<a target=\"_blank\" title=\"@demotivateur_fr\" href=\"https:\/\/www.tiktok.com\/@demotivateur_fr?refer=embed\" rel=\"noopener\">@demotivateur_fr<\/a> <\/p>\n<p>Plik Plak est une petite entreprise fran\u00e7aise sp\u00e9cialis\u00e9e dans les sacs pliables, \u00e9l\u00e9gants et polyvalents, con\u00e7us pour s\u2019adapter \u00e0 toutes vos activit\u00e9s quotidiennes ! <a title=\"invention\" target=\"_blank\" href=\"https:\/\/www.tiktok.com\/tag\/invention?refer=embed\" rel=\"noopener\">#invention<\/a> <a title=\"insolite\" target=\"_blank\" href=\"https:\/\/www.tiktok.com\/tag\/insolite?refer=embed\" rel=\"noopener\">#insolite<\/a> <a title=\"france\" target=\"_blank\" href=\"https:\/\/www.tiktok.com\/tag\/france?refer=embed\" rel=\"noopener\">#france<\/a><\/p>\n<p> <a target=\"_blank\" title=\"\u266c son original - Demotivateur - Demotivateur\" href=\"https:\/\/www.tiktok.com\/music\/son-original-Demotivateur-7507658351118584598?refer=embed\" rel=\"noopener\">\u266c son original \u2013 Demotivateur \u2013 Demotivateur<\/a> <\/p>\n<\/blockquote>\n<p>Chocolate in a Bottle, du vin blanc au go\u00fbt chocolat<br \/>\n    <img   decoding=\"async\" loading=\"lazy\" src=\"https:\/\/www.europesays.com\/fr\/wp-content\/uploads\/2025\/09\/foire-europeenne-strasbourg-2-960x640.jpg\" alt=\"Chocolate in a bottle\" width=\"960\" height=\"640\"\/><br \/>\n    Chocolate in a bottle ose l\u2019alliance entre vin blanc et chocolat. (\u00a9Ivan Capecchi \/ Actu Strasbourg)<\/p>\n<p class=\" wall-content\">C\u00f4t\u00e9 gastronomie, un nom intrigue : <strong>Chocolate in a Bottle<\/strong>. Derri\u00e8re cette appellation se cache un vin p\u00e9tillant\u2026 saveur chocolat (et noisette).<\/p>\n<p>Votre r\u00e9gion, votre actu !<\/p>\n<p>Recevez chaque jour les infos qui comptent pour vous.<\/p>\n<p>\t<a href=\"https:\/\/actu.fr\/newsletter\" class=\"ac-btn ac-btn--corner ac-btn--medium ac-btn--blue800\" target=\"_blank\" rel=\"noopener\">S&rsquo;incrire<\/a><\/p>\n<p class=\" wall-content\">Une bouteille est vendue 25 \u20ac. L\u2019abus d\u2019alcool est dangereux pour la sant\u00e9.<\/p>\n<p>Une pompe pour gagner de la place<\/p>\n<p class=\" wall-content\">Parmi les objets pratiques, on trouve la <strong>Compactor Pump<\/strong>.<\/p>\n<p class=\" wall-content\">Cette petite pompe \u00e9lectrique sans fil <strong>aspire l\u2019air des sacs de rangement sous vide<\/strong> sans passer par un aspirateur classique.<\/p>\n<p class=\" wall-content\">Fix\u00e9e sur la valve du sac, elle en r\u00e9duit le volume en quelques secondes, pratique pour les voyages.<\/p>\n<blockquote class=\"tiktok-embed\" cite=\"https:\/\/www.tiktok.com\/@lorraine.actu\/video\/7547742670400015638\" data-video-id=\"7547742670400015638\" data-embed-from=\"oembed\" style=\"max-width:605px; min-width:325px;\"><p>\n<a target=\"_blank\" title=\"@lorraine.actu\" href=\"https:\/\/www.tiktok.com\/@lorraine.actu?refer=embed\" rel=\"noopener\">@lorraine.actu<\/a> <\/p>\n<p>La Foire europ\u00e9enne de Strasbourg, ouverte jusqu\u2019au 14 septembre, r\u00e9serve son lot de d\u00e9couvertes insolites parmi les centaines de stands pr\u00e9sents. Outre les classiques de l\u2019artisanat et de la gastronomie, les visiteurs peuvent d\u00e9nicher des objets surprenants, des accessoires de cuisine innovants, des sp\u00e9cialit\u00e9s culinaires inattendues ou encore des cr\u00e9ations artisanales uniques. Ces trouvailles originales font le charme de la 93e \u00e9dition, qui m\u00eale tradition et curiosit\u00e9. Entre d\u00e9gustations, d\u00e9monstrations et concerts gratuits chaque soir, la foire reste un rendez-vous incontournable de la rentr\u00e9e strasbourgeoise. <a title=\"foire\" target=\"_blank\" href=\"https:\/\/www.tiktok.com\/tag\/foire?refer=embed\" rel=\"noopener\">#foire<\/a> <a title=\"voyage\" target=\"_blank\" href=\"https:\/\/www.tiktok.com\/tag\/voyage?refer=embed\" rel=\"noopener\">#voyage<\/a> <a title=\"valise\" target=\"_blank\" href=\"https:\/\/www.tiktok.com\/tag\/valise?refer=embed\" rel=\"noopener\">#valise<\/a> <\/p>\n<p> <a target=\"_blank\" title=\"\u266c son original - Lorraine Actu\" href=\"https:\/\/www.tiktok.com\/music\/son-original-7547742661164337943?refer=embed\" rel=\"noopener\">\u266c son original \u2013 Lorraine Actu<\/a> <\/p>\n<\/blockquote>\n<p>Une ceinture r\u00e9glable au millim\u00e8tre<\/p>\n<p class=\" wall-content\">Derni\u00e8re curiosit\u00e9 : une <strong>ceinture \u00e9quip\u00e9e d\u2019une cr\u00e9maill\u00e8re<\/strong>, qui permet un ajustement au (quasi) millim\u00e8tre pr\u00e8s.<\/p>\n<blockquote class=\"tiktok-embed\" cite=\"https:\/\/www.tiktok.com\/@lorraine.actu\/video\/7547746056222641430\" data-video-id=\"7547746056222641430\" data-embed-from=\"oembed\" style=\"max-width:605px; min-width:325px;\"><p>\n<a target=\"_blank\" title=\"@lorraine.actu\" href=\"https:\/\/www.tiktok.com\/@lorraine.actu?refer=embed\" rel=\"noopener\">@lorraine.actu<\/a> <\/p>\n<p>La Foire europ\u00e9enne de Strasbourg se tient jusqu\u2019au 14 septembre au parc des expositions du Wacken. Pour sa 93e \u00e9dition, plus de 500 exposants pr\u00e9sentent produits artisanaux, gastronomie et nouveaut\u00e9s insolites. L\u2019Irlande est mise \u00e0 l\u2019honneur avec concerts et d\u00e9gustations. Chaque soir, des animations festives et des concerts gratuits rythment l\u2019\u00e9v\u00e9nement. <a title=\"ceinture\" target=\"_blank\" href=\"https:\/\/www.tiktok.com\/tag\/ceinture?refer=embed\" rel=\"noopener\">#ceinture<\/a> <\/p>\n<p> <a target=\"_blank\" title=\"\u266c son original - Lorraine Actu\" href=\"https:\/\/www.tiktok.com\/music\/son-original-7547746043086080790?refer=embed\" rel=\"noopener\">\u266c son original \u2013 Lorraine Actu<\/a> <\/p>\n<\/blockquote>\n<p class=\" wall-content\">\u00c0 d\u00e9couvrir dans le hall 5.<\/p>\n<p class=\" wall-content\">Personnalisez votre actualit\u00e9 en ajoutant vos villes et m\u00e9dias en favori avec <a href=\"https:\/\/moncompte.actu.fr\" title=\"D\u00e9couvez Mon Actu\" rel=\"nofollow noopener\" data-trk=\"{&quot;cta&quot;:{&quot;action&quot;:&quot;https:\\\/\\\/moncompte.actu.fr&quot;,&quot;category&quot;:&quot;mon compte&quot;,&quot;from&quot;:&quot;article footer&quot;,&quot;name&quot;:&quot;Mon actu&quot;,&quot;type&quot;:&quot;cta&quot;}}\" target=\"_blank\">Mon Actu<\/a>.<\/p>\n<p>                    <script async src=\"\/\/www.tiktok.com\/embed.js\"><\/script><\/p>\n","protected":false},"excerpt":{"rendered":"Par Ivan CAPECCHI Publi\u00e9 le 9 sept. 2025 \u00e0 11h58 ; mis \u00e0 jour le 9 sept. 2025&hellip;\n","protected":false},"author":2,"featured_media":377547,"comment_status":"","ping_status":"","sticky":false,"template":"","format":"standard","meta":{"footnotes":""},"categories":[2820],"tags":[1111,11,1777,674,1011,27,775,1757,12,25,640],"class_list":{"0":"post-377546","1":"post","2":"type-post","3":"status-publish","4":"format-standard","5":"has-post-thumbnail","7":"category-strasbourg","8":"tag-actu","9":"tag-actualites","10":"tag-eu","11":"tag-europe","12":"tag-fr","13":"tag-france","14":"tag-grand-est","15":"tag-insolite","16":"tag-news","17":"tag-republique-francaise","18":"tag-strasbourg"},"share_on_mastodon":{"url":"https:\/\/pubeurope.com\/@fr\/115174000891467868","error":""},"_links":{"self":[{"href":"https:\/\/www.europesays.com\/fr\/wp-json\/wp\/v2\/posts\/377546","targetHints":{"allow":["GET"]}}],"collection":[{"href":"https:\/\/www.europesays.com\/fr\/wp-json\/wp\/v2\/posts"}],"about":[{"href":"https:\/\/www.europesays.com\/fr\/wp-json\/wp\/v2\/types\/post"}],"author":[{"embeddable":true,"href":"https:\/\/www.europesays.com\/fr\/wp-json\/wp\/v2\/users\/2"}],"replies":[{"embeddable":true,"href":"https:\/\/www.europesays.com\/fr\/wp-json\/wp\/v2\/comments?post=377546"}],"version-history":[{"count":0,"href":"https:\/\/www.europesays.com\/fr\/wp-json\/wp\/v2\/posts\/377546\/revisions"}],"wp:featuredmedia":[{"embeddable":true,"href":"https:\/\/www.europesays.com\/fr\/wp-json\/wp\/v2\/media\/377547"}],"wp:attachment":[{"href":"https:\/\/www.europesays.com\/fr\/wp-json\/wp\/v2\/media?parent=377546"}],"wp:term":[{"taxonomy":"category","embeddable":true,"href":"https:\/\/www.europesays.com\/fr\/wp-json\/wp\/v2\/categories?post=377546"},{"taxonomy":"post_tag","embeddable":true,"href":"https:\/\/www.europesays.com\/fr\/wp-json\/wp\/v2\/tags?post=377546"}],"curies":[{"name":"wp","href":"https:\/\/api.w.org\/{rel}","templated":true}]}}