{"id":377552,"date":"2025-09-09T11:04:10","date_gmt":"2025-09-09T11:04:10","guid":{"rendered":"https:\/\/www.europesays.com\/fr\/377552\/"},"modified":"2025-09-09T11:04:10","modified_gmt":"2025-09-09T11:04:10","slug":"trois-marseillais-tres-connus-des-autorites-interpelles-avant-leur-passage-a-lacte","status":"publish","type":"post","link":"https:\/\/www.europesays.com\/fr\/377552\/","title":{"rendered":"trois Marseillais \u00abtr\u00e8s connus\u00bb des autorit\u00e9s interpell\u00e9s avant leur passage \u00e0 l\u2019acte"},"content":{"rendered":"<p>Les trois jeunes individus, poursuivis pour une tentative de meurtre en bande organis\u00e9e, ont \u00e9t\u00e9 plac\u00e9s en d\u00e9tention provisoire.<\/p>\n<p class=\"fig-paragraph\">Un r\u00e8glement de comptes sur fond de\u00a0<a href=\"http:\/\/www.lefigaro.fr\/actualite-france\/de-logements-touristiques-a-lieux-de-stockage-de-stupefiants-les-airbnbeuh-ces-nouvelles-caches-du-trafic-de-drogue-20250808\" data-fig-type=\"Article\" data-gtm-custom-categorie=\"navigation\" data-gtm-custom-action=\"crossclick\" data-gtm-custom-label=\"Contextuel\" data-gtm-event=\"customEventSPE\" data-fig-domain=\"LEFIGARO\" target=\"_blank\" rel=\"noopener\">trafic de stup\u00e9fiants<\/a>\u00a0a tr\u00e8s probablement \u00e9t\u00e9 \u00e9vit\u00e9 la semaine derni\u00e8re \u00e0 Nice (Alpes-Maritimes), dans un quartier sensible de l\u2019est de la ville. Trois individus originaires de Marseille et \u00abtr\u00e8s connus\u00bb des autorit\u00e9s ont \u00e9t\u00e9 interpell\u00e9s, a indiqu\u00e9 le parquet de Nice dans un communiqu\u00e9. Ces jeunes hommes de 18, 23 et 29 ans sont poursuivis pour une \u00abtentative de meurtre en bande organis\u00e9e\u00bb et m\u00eame \u00abassociation de malfaiteurs en vue de commettre un crime\u00bb, preuve de la certitude des enqu\u00eateurs sur leurs intentions et de la raison de leur pr\u00e9sence sur la C\u00f4te d\u2019Azur. Ils ont \u00e9t\u00e9 plac\u00e9s en d\u00e9tention provisoire, d\u2019apr\u00e8s les r\u00e9quisitions du parquet.<\/p>\n<p class=\"fig-paragraph\">Gr\u00e2ce \u00e0 un dispositif de surveillance, les policiers de la brigade de recherches et d\u2019intervention (BRI) ont d\u2019abord rep\u00e9r\u00e9 quatre personnes en \u00abtenues sombres\u00bb \u00e0 bord d\u2019un v\u00e9hicule vol\u00e9 en direction\u00a0<a href=\"http:\/\/www.lefigaro.fr\/nice\/a-nice-la-rehabilitation-d-un-quartier-prioritaire-a-l-est-de-la-ville-lancee-pres-de-200-logements-sociaux-detruits-20250204\" data-fig-type=\"NewsFlash\" data-gtm-custom-categorie=\"navigation\" data-gtm-custom-action=\"crossclick\" data-gtm-custom-label=\"Contextuel\" data-gtm-event=\"customEventSPE\" data-fig-domain=\"LEFIGARO\" target=\"_blank\" rel=\"noopener\">du quartier des Liserons<\/a>, l\u2019un des points chauds de la cinqui\u00e8me ville de France. Une deuxi\u00e8me voiture a ensuite \u00e9t\u00e9 identifi\u00e9e et c\u2019est dans celle-ci, le lendemain au niveau du p\u00e9age de Cagnes-sur-Mer \u00e0 l\u2019ouest de Nice, que deux individus ont \u00e9t\u00e9 arr\u00eat\u00e9s.<\/p>\n<p>                                    <a class=\"fig-a11y-skip a11y-hidden\" href=\"#fig-a11y-skip-main-inarticle\"><br \/>\n        Passer la publicit\u00e9<br \/>\n    <\/a><\/p>\n<p>\u00abDeux armes de poing\u00bb<\/p>\n<p class=\"fig-paragraph\">Dans ce v\u00e9hicule, une \u00abcache am\u00e9nag\u00e9e\u00bb \u00e9tait d\u00e9couverte, pr\u00e9cise le parquet de Nice, avec \u00abdeux armes de poing, des paires de gants et une tenue sombre\u00bb. Les policiers sont aussi parvenus \u00e0 retrouver la premi\u00e8re voiture vol\u00e9e, dans laquelle se trouvaient \u00abplusieurs bidons d\u2019essence\u00bb.<\/p>\n<p class=\"fig-paragraph\">Un troisi\u00e8me mis en cause a quant \u00e0 lui \u00e9t\u00e9 interpell\u00e9 avec une petite quantit\u00e9 de r\u00e9sine de cannabis dans un mobile home \u00e0 Bar-sur-Loup, petite commune de l\u2019arri\u00e8re-pays grassois, lieu discret et tranquille o\u00f9 les trois hommes auraient pu r\u00e9sider en vue de leur passage \u00e0 l\u2019acte, selon les enqu\u00eateurs. Mi-mai d\u00e9j\u00e0, les policiers \u00e9taient parvenus \u00e0 saisir\u00a0<a href=\"http:\/\/www.lefigaro.fr\/nice\/fusils-a-pompe-arme-de-poing-cagoules-un-inquietant-arsenal-saisi-dans-un-quartier-de-nice-mine-par-le-narcotrafic-20250715\" data-fig-type=\"NewsFlash\" data-gtm-custom-categorie=\"navigation\" data-gtm-custom-action=\"crossclick\" data-gtm-custom-label=\"Contextuel\" data-gtm-event=\"customEventSPE\" data-fig-domain=\"LEFIGARO\" target=\"_blank\" rel=\"noopener\">plusieurs fusils d\u2019assaut<\/a>\u00a0avant l\u00e0 aussi un tr\u00e8s probable acte violent.<\/p>\n<p class=\"fig-paragraph\">\u00abCette proc\u00e9dure illustre la mise en \u0153uvre des strat\u00e9gies proactives visant \u00e0 anticiper les passages \u00e0 l\u2019acte violents susceptibles d\u2019intervenir sur fond de conflits pour le contr\u00f4le des points de vente de stup\u00e9fiants\u00bb, d\u00e9taille le procureur de la R\u00e9publique de Nice,\u00a0<a href=\"http:\/\/www.lefigaro.fr\/nice\/a-nice-le-procureur-de-la-republique-alerte-sur-l-explosion-de-la-delinquance-des-mineurs-depuis-janvier-20241008\" data-fig-type=\"NewsFlash\" data-gtm-custom-categorie=\"navigation\" data-gtm-custom-action=\"crossclick\" data-gtm-custom-label=\"Contextuel\" data-gtm-event=\"customEventSPE\" data-fig-domain=\"LEFIGARO\" target=\"_blank\" rel=\"noopener\">Damien Martinelli<\/a>. Certains\u00a0<a href=\"http:\/\/www.lefigaro.fr\/nice\/narcotrafic-a-nice-le-recit-d-une-journaliste-qui-a-vecu-un-an-au-pied-du-plus-gros-point-de-deal-de-la-cote-d-azur-20241115\" data-fig-type=\"NewsFlash\" data-gtm-custom-categorie=\"navigation\" data-gtm-custom-action=\"crossclick\" data-gtm-custom-label=\"Contextuel\" data-gtm-event=\"customEventSPE\" data-fig-domain=\"LEFIGARO\" target=\"_blank\" rel=\"noopener\">points de deal dans les Alpes-Maritimes<\/a>\u00a0peuvent rapporter jusqu\u2019\u00e0 une dizaine de milliers d\u2019euros par jour.<\/p>\n","protected":false},"excerpt":{"rendered":"Les trois jeunes individus, poursuivis pour une tentative de meurtre en bande organis\u00e9e, ont \u00e9t\u00e9 plac\u00e9s en d\u00e9tention&hellip;\n","protected":false},"author":2,"featured_media":377553,"comment_status":"","ping_status":"","sticky":false,"template":"","format":"standard","meta":{"footnotes":""},"categories":[2819],"tags":[1111,11,1777,674,1011,27,12,2401,1072,882,25,5118,887],"class_list":{"0":"post-377552","1":"post","2":"type-post","3":"status-publish","4":"format-standard","5":"has-post-thumbnail","7":"category-nice","8":"tag-actu","9":"tag-actualites","10":"tag-eu","11":"tag-europe","12":"tag-fr","13":"tag-france","14":"tag-news","15":"tag-nice","16":"tag-police","17":"tag-provence-alpes-cote-dazur","18":"tag-republique-francaise","19":"tag-tentative-de-meurtre","20":"tag-trafic-de-drogue"},"share_on_mastodon":{"url":"https:\/\/pubeurope.com\/@fr\/115174012621485871","error":""},"_links":{"self":[{"href":"https:\/\/www.europesays.com\/fr\/wp-json\/wp\/v2\/posts\/377552","targetHints":{"allow":["GET"]}}],"collection":[{"href":"https:\/\/www.europesays.com\/fr\/wp-json\/wp\/v2\/posts"}],"about":[{"href":"https:\/\/www.europesays.com\/fr\/wp-json\/wp\/v2\/types\/post"}],"author":[{"embeddable":true,"href":"https:\/\/www.europesays.com\/fr\/wp-json\/wp\/v2\/users\/2"}],"replies":[{"embeddable":true,"href":"https:\/\/www.europesays.com\/fr\/wp-json\/wp\/v2\/comments?post=377552"}],"version-history":[{"count":0,"href":"https:\/\/www.europesays.com\/fr\/wp-json\/wp\/v2\/posts\/377552\/revisions"}],"wp:featuredmedia":[{"embeddable":true,"href":"https:\/\/www.europesays.com\/fr\/wp-json\/wp\/v2\/media\/377553"}],"wp:attachment":[{"href":"https:\/\/www.europesays.com\/fr\/wp-json\/wp\/v2\/media?parent=377552"}],"wp:term":[{"taxonomy":"category","embeddable":true,"href":"https:\/\/www.europesays.com\/fr\/wp-json\/wp\/v2\/categories?post=377552"},{"taxonomy":"post_tag","embeddable":true,"href":"https:\/\/www.europesays.com\/fr\/wp-json\/wp\/v2\/tags?post=377552"}],"curies":[{"name":"wp","href":"https:\/\/api.w.org\/{rel}","templated":true}]}}