{"id":377554,"date":"2025-09-09T11:05:09","date_gmt":"2025-09-09T11:05:09","guid":{"rendered":"https:\/\/www.europesays.com\/fr\/377554\/"},"modified":"2025-09-09T11:05:09","modified_gmt":"2025-09-09T11:05:09","slug":"plus-de-60-km-de-bouchons-releves-journee-noire-sur-la-route-ce-mardi","status":"publish","type":"post","link":"https:\/\/www.europesays.com\/fr\/377554\/","title":{"rendered":"plus de 60 km de bouchons relev\u00e9s, journ\u00e9e noire sur la route ce mardi"},"content":{"rendered":"<p>            Par<br \/>\n        <strong><br \/>\n            <a href=\"https:\/\/actu.fr\/auteur\/redaction-nantes\" title=\"Consulter tous les articles de R\u00e9daction Nantes\" target=\"_blank\" rel=\"noopener\">R\u00e9daction Nantes<\/a><br \/>\n        <\/strong><\/p>\n<p>        Publi\u00e9 le<\/p>\n<p>            9 sept. 2025 \u00e0 11h16<br \/>\n        ; mis \u00e0 jour le 9 sept. 2025 \u00e0 12h37    <\/p>\n<p>[Mise \u00e0 jour le 9 septembre \u00e0 12h30 : le pont de la route de la Chapelle est ferm\u00e9 \u00e0 la circulation jusqu\u2019\u00e0 16h pour un motif judiciaire, rappelle la pr\u00e9fecture de Loire-Atlantique. Selon nos confr\u00e8res de <a href=\"https:\/\/www.ouest-france.fr\/societe\/faits-divers\/des-perturbations-au-niveau-de-la11-pres-de-nantes-une-reconstitution-en-cours-ce-mardi-2828d0b8-8d4c-11f0-b721-b06ecd26fbd1\" target=\"_blank\" rel=\"noopener\">Ouest-France<\/a>, une reconstitution est en cours au niveau de l\u2019A11.]<\/p>\n<p class=\" wall-content\">Patience et prudence. La circulation est difficile ce mardi 9\u00a0septembre sur le p\u00e9riph\u00e9rique nantais, en particulier au nord de l\u2019agglom\u00e9ration. De 10h30 \u00e0 16h, <strong>le pont de la route de la Chapelle est ferm\u00e9 \u00e0 la circulation<\/strong> et de 9h jusqu\u2019\u00e0 16h, <strong>la circulation sur l\u2019A11 entre la porte de Gesvres (n\u00b038) et la Porte de Rennes (n\u00b037) est r\u00e9duite \u00e0 une seule voie<\/strong>.<\/p>\n<p class=\" wall-content\">Des restrictions li\u00e9es \u00e0 des am\u00e9nagements dans le cadre de travaux de s\u00e9curisation du pont de la Chapelle. <a href=\"https:\/\/actu.fr\/pays-de-la-loire\/nantes_44109\/peripherique-de-nantes-des-voies-fermees-a-la-circulation-pour-des-travaux_63130241.html\" target=\"_blank\" rel=\"noopener\">Comme nous le rappelons dans cet article<\/a>, <strong>des d\u00e9viations ont \u00e9t\u00e9 mises en place pour les automobilistes<\/strong>.<\/p>\n<p>Pr\u00e8s de 65\u00a0km de bouchons \u00e0 9h<\/p>\n<p class=\" wall-content\">Comme pr\u00e9vu par les autorit\u00e9s, il y a une importante congestion automobile sur le p\u00e9riph\u00e9rique nantais.<\/p>\n<p class=\" wall-content\">Selon <a href=\"https:\/\/www.bison-fute.gouv.fr\/courbes-bouchons,11025.html\" target=\"_blank\" rel=\"noopener\">Bison Fut\u00e9<\/a>, <strong>18,6 km de bouchons ont \u00e9t\u00e9 recens\u00e9s<\/strong>, \u00e0 11h, mardi 9\u00a0septembre, dans l\u2019agglom\u00e9ration nantaise. En temps normal, le trafic fait \u00e9tat de seulement 1,7\u00a0km de bouchons sur le p\u00e9riph\u00e9rique nantais au m\u00eame horaire. Parmi les axes les plus embouteill\u00e9s, il y a la N844 avec 8\u00a0km de bouchons.<\/p>\n<p class=\" wall-content\">Toujours d\u2019apr\u00e8s les donn\u00e9es de Bison Fut\u00e9, un pic d\u2019embouteillages s\u2019\u00e9levant \u00e0<strong> 64,6\u00a0km a \u00e9t\u00e9 atteint \u00e0 9h10<\/strong>.<\/p>\n<p class=\" wall-content\">Personnalisez votre actualit\u00e9 en ajoutant vos villes et m\u00e9dias en favori avec <a href=\"https:\/\/moncompte.actu.fr\" title=\"D\u00e9couvez Mon Actu\" rel=\"nofollow noopener\" data-trk=\"{&quot;cta&quot;:{&quot;action&quot;:&quot;https:\\\/\\\/moncompte.actu.fr&quot;,&quot;category&quot;:&quot;mon compte&quot;,&quot;from&quot;:&quot;article footer&quot;,&quot;name&quot;:&quot;Mon actu&quot;,&quot;type&quot;:&quot;cta&quot;}}\" target=\"_blank\">Mon Actu<\/a>.<\/p>\n","protected":false},"excerpt":{"rendered":"Par R\u00e9daction Nantes Publi\u00e9 le 9 sept. 2025 \u00e0 11h16 ; mis \u00e0 jour le 9 sept. 2025&hellip;\n","protected":false},"author":2,"featured_media":377555,"comment_status":"","ping_status":"","sticky":false,"template":"","format":"standard","meta":{"footnotes":""},"categories":[2818],"tags":[1111,11,6427,3542,1777,674,1011,27,766,12,2636,4013,25,104],"class_list":{"0":"post-377554","1":"post","2":"type-post","3":"status-publish","4":"format-standard","5":"has-post-thumbnail","7":"category-nantes","8":"tag-actu","9":"tag-actualites","10":"tag-bison-fute","11":"tag-circulation","12":"tag-eu","13":"tag-europe","14":"tag-fr","15":"tag-france","16":"tag-nantes","17":"tag-news","18":"tag-pays-de-la-loire","19":"tag-peripherique","20":"tag-republique-francaise","21":"tag-societe"},"share_on_mastodon":{"url":"https:\/\/pubeurope.com\/@fr\/115174016613023325","error":""},"_links":{"self":[{"href":"https:\/\/www.europesays.com\/fr\/wp-json\/wp\/v2\/posts\/377554","targetHints":{"allow":["GET"]}}],"collection":[{"href":"https:\/\/www.europesays.com\/fr\/wp-json\/wp\/v2\/posts"}],"about":[{"href":"https:\/\/www.europesays.com\/fr\/wp-json\/wp\/v2\/types\/post"}],"author":[{"embeddable":true,"href":"https:\/\/www.europesays.com\/fr\/wp-json\/wp\/v2\/users\/2"}],"replies":[{"embeddable":true,"href":"https:\/\/www.europesays.com\/fr\/wp-json\/wp\/v2\/comments?post=377554"}],"version-history":[{"count":0,"href":"https:\/\/www.europesays.com\/fr\/wp-json\/wp\/v2\/posts\/377554\/revisions"}],"wp:featuredmedia":[{"embeddable":true,"href":"https:\/\/www.europesays.com\/fr\/wp-json\/wp\/v2\/media\/377555"}],"wp:attachment":[{"href":"https:\/\/www.europesays.com\/fr\/wp-json\/wp\/v2\/media?parent=377554"}],"wp:term":[{"taxonomy":"category","embeddable":true,"href":"https:\/\/www.europesays.com\/fr\/wp-json\/wp\/v2\/categories?post=377554"},{"taxonomy":"post_tag","embeddable":true,"href":"https:\/\/www.europesays.com\/fr\/wp-json\/wp\/v2\/tags?post=377554"}],"curies":[{"name":"wp","href":"https:\/\/api.w.org\/{rel}","templated":true}]}}