{"id":377560,"date":"2025-09-09T11:08:10","date_gmt":"2025-09-09T11:08:10","guid":{"rendered":"https:\/\/www.europesays.com\/fr\/377560\/"},"modified":"2025-09-09T11:08:10","modified_gmt":"2025-09-09T11:08:10","slug":"des-viols-commandites-en-ligne-sur-des-enfants-malgaches-et-colombiens-un-employe-de-la-ville-de-bordeaux-confondu-et-ecroue","status":"publish","type":"post","link":"https:\/\/www.europesays.com\/fr\/377560\/","title":{"rendered":"Des viols commandit\u00e9s en ligne sur des enfants malgaches et colombiens\u00a0: un employ\u00e9 de la ville de Bordeaux confondu et \u00e9crou\u00e9"},"content":{"rendered":"<p class=\"paragraph text_align_left lp-f-body-02\">L\u2019homme de 29 ans n\u2019avait pas besoin de quitter la r\u00e9gion bordelaise pour commettre les pires horreurs sur des enfants \u00e0 l\u2019autre bout du monde. Un employ\u00e9 de la ville de Bordeaux (Gironde) vient d\u2019\u00eatre mis en examen pour avoir<a href=\"https:\/\/www.leparisien.fr\/faits-divers\/un-ancien-agent-de-la-dgse-soupconne-de-commanditer-des-viols-denfants-en-afrique-25-07-2025-V6H3EJXFUNF5DCSURBOP7LNMB4.php\" target=\"_blank\" rel=\"noreferrer nofollow noopener\"> commandit\u00e9 et pay\u00e9 pour voir en direct des viols et des agressions sexuelles, via des livestream, sur des enfants de Madagascar et de Colombie<\/a>, indique le parquet de Paris, confirmant une information de <a href=\"https:\/\/www.franceinfo.fr\/societe\/pedocriminalite\/info-franceinfo-un-homme-soupconne-d-avoir-commandite-depuis-bordeaux-une-trentaine-de-viols-d-enfants-colombiens-et-malgaches-en-ligne_7480903.html\" target=\"_blank\" rel=\"noreferrer nofollow noopener\">franceinfo<\/a>. La justice a d\u00e9nombr\u00e9 au moins cinq victimes.<\/p>\n<p class=\"paragraph text_align_left lp-f-body-02\">C\u2019est la brigade criminelle de la division de la criminalit\u00e9 organis\u00e9e et sp\u00e9cialis\u00e9e (DCOS) qui a rep\u00e9r\u00e9 les activit\u00e9s en ligne ill\u00e9gales de l\u2019employ\u00e9 de mairie, explique le parquet de Paris, qui a co-saisi l\u2019office mineurs (Ofmin) pour cette enqu\u00eate. Lors d\u2019une perquisition chez le suspect et sur son lieu de travail, les enqu\u00eateurs mettent la main sur son mat\u00e9riel informatique et confondent l\u2019homme. <\/p>\n<p class=\"paragraph text_align_left lp-f-body-02\">Entre janvier 2022 et 2025, \u00ab le suspect avait commandit\u00e9 des actes sexuels commis sur des enfants notamment \u00e0 Madagascar et en Colombie pour y assister en direct en video, en \u00e9change de contreparties financi\u00e8res \u00e9valu\u00e9es \u00e0 plus de 10 000 euros \u00bb, d\u00e9taille le parquet de Paris, qui est comp\u00e9tent sur tout le territoire lorsque l\u2019infraction a eu lieu \u00ab sur le livestreaming \u00bb.<\/p>\n<p class=\"paragraph text_align_left lp-f-body-02\">Selon franceinfo, pendant plusieurs heures, depuis chez lui, le jeune homme n\u00e9gociait en ligne avec des femmes rencontr\u00e9es sur des sites d\u2019escort les actes \u00e0 faire subir aux enfants ou qu\u2019ils devaient commettre entre eux. La justice recense une trentaine de viols, selon la radio, sur au moins cinq victimes. Trois sont \u00e2g\u00e9es de moins de 10 ans, et deux ont entre 10 et 15 ans.<\/p>\n<p class=\"lp-card-podcast-highlighting__title  lp-f-subtitle-05\">[2\/6] Jubillar\u00a0: de la disparition au proc\u00e8s, une affaire sans corps ni aveux<\/p>\n<p class=\"lp-card-podcast-highlighting__description lp-f-ui-05\">Crime story raconte chaque semaine les grandes affaires criminelles.<\/p>\n<p><a class=\"lp-card-podcast-highlighting__call-to-action\" data-page-type=\"HP\" data-block-name=\"podcast-highlight\">\u00c9couter<\/a><\/p>\n<p class=\"paragraph text_align_left lp-f-body-02\">L\u2019activit\u00e9 professionnelle du suspect \u00e0 la mairie de Bordeaux, un emploi administratif, ne le mettait pas en relation avec des enfants, est-il pr\u00e9cis\u00e9.<\/p>\n<p class=\"paragraph text_align_left lp-f-body-02\">Le p\u00e9docriminel pr\u00e9sum\u00e9 a \u00e9t\u00e9 mis en examen pour complicit\u00e9 de traite des \u00eatres humains envers des mineurs de 15 ans victimes de viol, complicit\u00e9 de viols et d\u2019agressions sexuelles sur mineurs, instigation \u00e0 commettre des viols et agressions sexuelles non suivis d\u2019effets, d\u00e9tention acquisition et consultation habituelle d\u2019images p\u00e9dopornographiques. Il a \u00e9t\u00e9 plac\u00e9 en d\u00e9tention provisoire.<\/p>\n","protected":false},"excerpt":{"rendered":"L\u2019homme de 29 ans n\u2019avait pas besoin de quitter la r\u00e9gion bordelaise pour commettre les pires horreurs sur&hellip;\n","protected":false},"author":2,"featured_media":377561,"comment_status":"","ping_status":"","sticky":false,"template":"","format":"standard","meta":{"footnotes":""},"categories":[2817],"tags":[1111,11,1997,459,1777,674,118,1011,27,12,2219,25],"class_list":{"0":"post-377560","1":"post","2":"type-post","3":"status-publish","4":"format-standard","5":"has-post-thumbnail","7":"category-bordeaux","8":"tag-actu","9":"tag-actualites","10":"tag-bordeaux","11":"tag-departements-horsidfo","12":"tag-eu","13":"tag-europe","14":"tag-faits-divers","15":"tag-fr","16":"tag-france","17":"tag-news","18":"tag-nouvelle-aquitaine","19":"tag-republique-francaise"},"share_on_mastodon":{"url":"https:\/\/pubeurope.com\/@fr\/115174028319257622","error":""},"_links":{"self":[{"href":"https:\/\/www.europesays.com\/fr\/wp-json\/wp\/v2\/posts\/377560","targetHints":{"allow":["GET"]}}],"collection":[{"href":"https:\/\/www.europesays.com\/fr\/wp-json\/wp\/v2\/posts"}],"about":[{"href":"https:\/\/www.europesays.com\/fr\/wp-json\/wp\/v2\/types\/post"}],"author":[{"embeddable":true,"href":"https:\/\/www.europesays.com\/fr\/wp-json\/wp\/v2\/users\/2"}],"replies":[{"embeddable":true,"href":"https:\/\/www.europesays.com\/fr\/wp-json\/wp\/v2\/comments?post=377560"}],"version-history":[{"count":0,"href":"https:\/\/www.europesays.com\/fr\/wp-json\/wp\/v2\/posts\/377560\/revisions"}],"wp:featuredmedia":[{"embeddable":true,"href":"https:\/\/www.europesays.com\/fr\/wp-json\/wp\/v2\/media\/377561"}],"wp:attachment":[{"href":"https:\/\/www.europesays.com\/fr\/wp-json\/wp\/v2\/media?parent=377560"}],"wp:term":[{"taxonomy":"category","embeddable":true,"href":"https:\/\/www.europesays.com\/fr\/wp-json\/wp\/v2\/categories?post=377560"},{"taxonomy":"post_tag","embeddable":true,"href":"https:\/\/www.europesays.com\/fr\/wp-json\/wp\/v2\/tags?post=377560"}],"curies":[{"name":"wp","href":"https:\/\/api.w.org\/{rel}","templated":true}]}}