{"id":377566,"date":"2025-09-09T11:11:28","date_gmt":"2025-09-09T11:11:28","guid":{"rendered":"https:\/\/www.europesays.com\/fr\/377566\/"},"modified":"2025-09-09T11:11:28","modified_gmt":"2025-09-09T11:11:28","slug":"les-popotes-roulantes-reviennent-ce-samedi","status":"publish","type":"post","link":"https:\/\/www.europesays.com\/fr\/377566\/","title":{"rendered":"les Popotes roulantes reviennent ce samedi\u00a0!"},"content":{"rendered":"<p>            Par<br \/>\n        <strong><br \/>\n            <a href=\"https:\/\/actu.fr\/auteur\/nicolas-demollien\" title=\"Consulter tous les articles de Nicolas Demollien\" target=\"_blank\" rel=\"noopener\">Nicolas Demollien<\/a><br \/>\n        <\/strong><\/p>\n<p>        Publi\u00e9 le<\/p>\n<p>            9 sept. 2025 \u00e0 10h50        <\/p>\n<p>C\u2019est l\u2019un de nos \u00e9v\u00e9nements favoris qui fait son retour \u00e0 <a href=\"https:\/\/actu.fr\/tag\/hellemes\" target=\"_blank\" rel=\"noopener\">Hellemmes<\/a>, ville associ\u00e9e \u00e0 <a href=\"https:\/\/actu.fr\/hauts-de-france\/lille_59350\" target=\"_blank\" rel=\"noopener\">Lille<\/a> (Nord), ce dimanche 13 septembre 2025 : le <b>festival Les Popotes roulantes<\/b>. Au programme : de <b>nombreux food-trucks<\/b> et des <b>concerts<\/b>, avec notamment un <b>groupe de six musiciens reprenant les tubes de Calogero<\/b>.<\/p>\n<p>Food-trucks et concerts avec les Popotes roulantes \u00e0 Hellemmes<\/p>\n<p class=\" wall-content\">Cela se passera d\u00e8s 17h du c\u00f4t\u00e9 du parc Engrand (208, rue Faidherbe). C\u00f4t\u00e9 gourmandises, le choix sera une nouvelle fois important avec de quoi ravir vos papilles :\u00a0burgers, sandwichs, paninis, cr\u00eapes sucr\u00e9es et sal\u00e9es, cuisine mauricienne, malgache, pizzas mais aussi bonbons ! La bi\u00e8re sera bien \u00e9videmment aussi au rendez-vous, ainsi que des cocktails.<\/p>\n<p class=\" wall-content\">Ce festival qui se veut familial propose une programmation tr\u00e8s vari\u00e9e qui devrait plaire au plus grand nombre :\u00a0<\/p>\n<ul class=\" wall-content\">\n<li><b>\u00ab\u00a0Ouistitibaba Y\u2019a un canard dans l\u2019public\u00a0\u00bb<\/b>. Ce groupe de rock enfantin ravira les plus jeunes avec ses personnages loufoques, chansons ska-rock et chor\u00e9graphies farfelues.<\/li>\n<li><b>The Hoodoo Tones<\/b> proposera rockabilly et rock\u2019n\u2019roll. Ce trio\u00a0originaire du Nord est inspir\u00e9 par le son et l\u2019\u00e9nergie des pionniers am\u00e9ricains du rockabilly ainsi que par les premiers groupes de rock \u2018n\u2018 roll anglais !<\/li>\n<li><b>Falvino<\/b>, trio rock originaire de Lille, proposera ses sons influenc\u00e9s par les Red Hot Chili Peppers, Charles Bradley et Jimi Hendrix<\/li>\n<li><b>Experience<\/b>. Ils jouent un savant m\u00e9lange de rock, de blues, de funk, de soul, dont le d\u00e9nominateur commun est le groove.<\/li>\n<li><b>Un jour parfait<\/b>, enfin, rendra hommage \u00e0 Calogero. Ce groupe de six musiciens passionn\u00e9s par le rock et la pop a cr\u00e9\u00e9 un show de 1h30 reprenant les plus gros tubes de Calogero. \u00ab\u00a0Le Tribute Calogero est un concert 100 % live rempli d\u2019\u00e9motions !\u00a0\u00bb promettent les organisateurs.<\/li>\n<\/ul>\n<p>    <a href=\"https:\/\/www.facebook.com\/plugins\/post.php?href=https%3A%2F%2Fwww.facebook.com%2Fphoto%2F%3Ffbid%3D1178929274267258%26set%3Da.465478928945633&amp;show_text=true&amp;width=350\" title=\"Ouvrie le lien\" target=\"_blank\" rel=\"noopener\">Cliquez ici pour visualiser le contenu<\/a><\/p>\n<p class=\" wall-content\">Plus d\u2019infos sur le site <a href=\"https:\/\/www.hellemmes.fr\/Evenements\/Les-Popotes-Roulantes-13-9\" target=\"_blank\" rel=\"noopener\">hellemmes.fr<\/a><\/p>\n<p class=\" wall-content\">Personnalisez votre actualit\u00e9 en ajoutant vos villes et m\u00e9dias en favori avec <a href=\"https:\/\/moncompte.actu.fr\" title=\"D\u00e9couvez Mon Actu\" rel=\"nofollow noopener\" data-trk=\"{&quot;cta&quot;:{&quot;action&quot;:&quot;https:\\\/\\\/moncompte.actu.fr&quot;,&quot;category&quot;:&quot;mon compte&quot;,&quot;from&quot;:&quot;article footer&quot;,&quot;name&quot;:&quot;Mon actu&quot;,&quot;type&quot;:&quot;cta&quot;}}\" target=\"_blank\">Mon Actu<\/a>.<\/p>\n","protected":false},"excerpt":{"rendered":"Par Nicolas Demollien Publi\u00e9 le 9 sept. 2025 \u00e0 10h50 C\u2019est l\u2019un de nos \u00e9v\u00e9nements favoris qui fait&hellip;\n","protected":false},"author":2,"featured_media":377567,"comment_status":"","ping_status":"","sticky":false,"template":"","format":"standard","meta":{"footnotes":""},"categories":[2815],"tags":[1111,11,1777,674,1011,27,811,5782,1307,1652,12,25],"class_list":{"0":"post-377566","1":"post","2":"type-post","3":"status-publish","4":"format-standard","5":"has-post-thumbnail","7":"category-lille","8":"tag-actu","9":"tag-actualites","10":"tag-eu","11":"tag-europe","12":"tag-fr","13":"tag-france","14":"tag-hauts-de-france","15":"tag-hellemmes","16":"tag-lille","17":"tag-loisirs-culture","18":"tag-news","19":"tag-republique-francaise"},"share_on_mastodon":{"url":"https:\/\/pubeurope.com\/@fr\/115174040768489169","error":""},"_links":{"self":[{"href":"https:\/\/www.europesays.com\/fr\/wp-json\/wp\/v2\/posts\/377566","targetHints":{"allow":["GET"]}}],"collection":[{"href":"https:\/\/www.europesays.com\/fr\/wp-json\/wp\/v2\/posts"}],"about":[{"href":"https:\/\/www.europesays.com\/fr\/wp-json\/wp\/v2\/types\/post"}],"author":[{"embeddable":true,"href":"https:\/\/www.europesays.com\/fr\/wp-json\/wp\/v2\/users\/2"}],"replies":[{"embeddable":true,"href":"https:\/\/www.europesays.com\/fr\/wp-json\/wp\/v2\/comments?post=377566"}],"version-history":[{"count":0,"href":"https:\/\/www.europesays.com\/fr\/wp-json\/wp\/v2\/posts\/377566\/revisions"}],"wp:featuredmedia":[{"embeddable":true,"href":"https:\/\/www.europesays.com\/fr\/wp-json\/wp\/v2\/media\/377567"}],"wp:attachment":[{"href":"https:\/\/www.europesays.com\/fr\/wp-json\/wp\/v2\/media?parent=377566"}],"wp:term":[{"taxonomy":"category","embeddable":true,"href":"https:\/\/www.europesays.com\/fr\/wp-json\/wp\/v2\/categories?post=377566"},{"taxonomy":"post_tag","embeddable":true,"href":"https:\/\/www.europesays.com\/fr\/wp-json\/wp\/v2\/tags?post=377566"}],"curies":[{"name":"wp","href":"https:\/\/api.w.org\/{rel}","templated":true}]}}