{"id":377568,"date":"2025-09-09T11:12:12","date_gmt":"2025-09-09T11:12:12","guid":{"rendered":"https:\/\/www.europesays.com\/fr\/377568\/"},"modified":"2025-09-09T11:12:12","modified_gmt":"2025-09-09T11:12:12","slug":"world-cleanup-day-2025-a-lille-actualites","status":"publish","type":"post","link":"https:\/\/www.europesays.com\/fr\/377568\/","title":{"rendered":"World Cleanup Day 2025 \u00e0 Lille \/ Actualit\u00e9s"},"content":{"rendered":"<p>Un \u00e9v\u00e9nement d&rsquo;envergure pour une ville plus propre\u00a0<\/p>\n<p>Le World Cleanup Day est <strong>un \u00e9v\u00e9nement mondial d\u00e9di\u00e9 \u00e0 la lutte contre la pollution<\/strong><strong>,<\/strong> qui mobilise des citoyens pour nettoyer les espaces publics et sensibiliser \u00e0 la pr\u00e9servation de l&rsquo;environnement.\u00a0\u00a0<\/p>\n<p>\n\u00c0 Lille, cette \u00ab\u00a0journ\u00e9e\u00a0\u00bb est marqu\u00e9e par plusieurs actions de collecte et d&rsquo;animation sur diff\u00e9rents points de la ville, impliquant des b\u00e9n\u00e9voles, des associations et des structures locales. \u00a0<br \/>L&rsquo;\u00e9dition 2024 s&rsquo;\u00e9tait inscrite pleinement dans la continuit\u00e9 de ce mouvement, avec un th\u00e8me centr\u00e9 sur la lutte contre les d\u00e9chets urbains et <strong>plus particuli\u00e8rement les m\u00e9gots de cigarette, une pollution invisible mais redoutable. Pr\u00e8s de 140.000 m\u00e9gots (!!!) avaient \u00e9t\u00e9 ramass\u00e9s !<\/strong><\/p>\n<p>Zoom sur l&rsquo;\u00e9dition 2025<\/p>\n<p><strong>Pour 2025, l&rsquo;\u00e9v\u00e9nement se tiendra en parall\u00e8le des\u00a0<a href=\"https:\/\/www.lille.fr\/Journees-europeennes-du-Patrimoine\/Actualites\/Journees-du-patrimoine-2025\" target=\"_self\" class=\"lien_interne\" rel=\"noopener\">Journ\u00e9es europ\u00e9ennes du patrimoine<\/a>. La Ville de Lille valorisera ainsi l&rsquo;aspect patrimonial du World Cleanup Day.\u00a0<\/strong><\/p>\n<ul class=\"listPuce\">\n<li><strong>Saint-Maurice Pellevoisin :<\/strong><\/li>\n<\/ul>\n<p>Op\u00e9ration de nettoyage du parc Barberousse, le mercredi 17 septembre de 13h \u00e0 16h.\u00a0<\/p>\n<p>&gt; <a href=\"https:\/\/www.lille.fr\/Saint-Maurice-Pellevoisin\/Actualites\/Et-si-nous-changions-nos-habitudes\" target=\"_self\" class=\"lien_interne\" rel=\"noopener\">En savoir plus<\/a><\/p>\n<p>Op\u00e9ration de nettoyage au secteur Hoover\u00a0avec le centre social la Busette, le mercredi 17 septembre de 14h \u00e0 17h<\/p>\n<p>&gt; \u00ab\u00a0Cleanup\u00a0\u00bb (op\u00e9ration de nettoyage) le mercredi 17 septembre de 10h \u00e0 12h,\u00a0aux Aviateurs, chemin\u00a0du halage et autour de la r\u00e9sidence Tourville ;<\/p>\n<p>&gt; et de 14h \u00e0 16h : cleanup plaine des Vachers et plaine Marx Dormoy.\u00a0<\/p>\n<p>Action de ramassage de d\u00e9chets le jeudi 18 septembre de 9h15 \u00e0 11h\u00a0avec l\u2019association Les Alchimistes,\u00a0dans les cours de l&rsquo;\u00e9cole maternelle\u00a0Jean-Jacques Rousseau, rue du Lieutenant Colpin ; et d\u00e9couverte sensorielle\u00a0de la mati\u00e8re compost.<\/p>\n<p>Nettoyage des espaces verts du quartier, le samedi 20 septembre, de 14h30 \u00e0 16h30, avec le collectif Wazemmes propre. Rendez-vous devant les Halles avec des gants.<\/p>\n<p>&gt; <a href=\"https:\/\/www.lille.fr\/Evenements\/Nettoyage-des-espaces-verts-de-Wazemmes\" target=\"_self\" class=\"lien_interne\" rel=\"noopener\">En savoir plus<\/a><\/p>\n<p>La mairie de quartier de Lille-Sud organise une mobilisation le\u00a0mercredi 24 septembre de 14h \u00e0 16h30.\u00a0Cinq groupes de clean-walks seront r\u00e9partis dans diff\u00e9rents secteurs du quartier : Arras Europe, sud du territoire, C\u00e2tiches\/Vieux Sud, 400 Maisons et Margueritois.<\/p>\n<p>&gt; <a href=\"https:\/\/www.lille.fr\/Evenements\/Lille-Sud-en-action-pour-le-World-Cleanup-Day-2025\" target=\"_self\" class=\"lien_interne\" rel=\"noopener\">En savoir plus<\/a><\/p>\n<p><strong>Qui participe au World Cleanup Day\u202f?\u00a0\u00a0<\/strong><\/p>\n<p>Le WCD \u00e0 Lille, c&rsquo;est une mobilisation \u00e0 l&rsquo;\u00e9chelle de toute la ville :<\/p>\n<ul class=\"listPuce\">\n<li><strong>Les habitants et les associations<\/strong> sont invit\u00e9s \u00e0 participer \u00e0 des op\u00e9rations de nettoyage dans leur quartier.<\/li>\n<li><strong>Les \u00e9coles et les universit\u00e9s<\/strong>\u00a0organisent des actions de sensibilisation et de ramassage.\u00a0<\/li>\n<li><strong>Les commer\u00e7ants sont \u00e9galement impliqu\u00e9s.<\/strong><\/li>\n<\/ul>\n<p>Bilan de l&rsquo;\u00e9dition 2024 sp\u00e9ciale m\u00e9gots<\/p>\n<ul class=\"listPuce\">\n<li><strong>Quantit\u00e9 de m\u00e9gots ramass\u00e9s : 136 561 <\/strong><\/li>\n<li>Nombre de participants : 852<\/li>\n<li>Nombre de commer\u00e7ants sensibilis\u00e9s (buralistes, bars\/caf\u00e9s, restaurants) : 210<\/li>\n<li><strong>Pr\u00e8s de 90 actions men\u00e9es sur tout le territoire lillois (+80% par rapport \u00e0 2023)<\/strong><\/li>\n<\/ul>\n<p>L\u2019\u00e9v\u00e9nement a rencontr\u00e9 un vif succ\u00e8s cette ann\u00e9e 2024. Durant la semaine officielle du 16 au 22 septembre, le site de l\u2019association aura enregistr\u00e9 pas moins de 76 cleanups (73 pour Lille, 2 pour Lomme et 1 pour Hellemmes), preuve s\u2019il en est de l\u2019importance que les acteurs lillois accordent \u00e0 ce rendez-vous annuel. Ce d\u00e9compte inclut notamment les actions organis\u00e9es par les mairies de quartiers et leurs partenaires. S\u2019ajoute \u00e0 ce bilan la dizaine d\u2019op\u00e9rations suppl\u00e9mentaires, venues prolonger la dur\u00e9e de l\u2019\u00e9v\u00e9nement jusqu\u2019au 2 octobre notamment dans les quartiers de Moulins, Bois-Blancs, Lille-Sud et Vauban.<\/p>\n<ul>\n<li style=\"background-image: url(\" data-galerie-slide=\"\">\n\t\t\t\t\t\t\t\t\t\t\tWorld Cleanup Day 2024 &#8211; Lille-Sud. Photo Daniel Rapaich &#8211; Ville de Lille<\/p>\n<\/li>\n<li style=\"background-image: url(\" data-galerie-slide=\"\">\n\t\t\t\t\t\t\t\t\t\t\tWorld Cleanup Day 2024 &#8211; Lille-Sud. Photo Daniel Rapaich &#8211; Ville de Lille<\/p>\n<\/li>\n<li style=\"background-image: url(\" data-galerie-slide=\"\">\n\t\t\t\t\t\t\t\t\t\t\tWorld Cleanup Day 2024 &#8211; Lille-Sud. Photo Daniel Rapaich &#8211; Ville de Lille<\/p>\n<\/li>\n<li style=\"background-image: url(\" data-galerie-slide=\"\">\n\t\t\t\t\t\t\t\t\t\t\tWorld Cleanup Day 2024 &#8211; Lille-Sud. Photo Daniel Rapaich &#8211; Ville de Lille<\/p>\n<\/li>\n<li style=\"background-image: url(\" data-galerie-slide=\"\">\n\t\t\t\t\t\t\t\t\t\t\tWorld Cleanup Day 2024 &#8211; Lille-Sud. Photo Daniel Rapaich &#8211; Ville de Lille<\/p>\n<\/li>\n<li style=\"background-image: url(\" data-galerie-slide=\"\">\n\t\t\t\t\t\t\t\t\t\t\tWorld Cleanup Day 2024 &#8211; Lille-Sud. Photo Daniel Rapaich &#8211; Ville de Lille<\/p>\n<\/li>\n<\/ul>\n","protected":false},"excerpt":{"rendered":"Un \u00e9v\u00e9nement d&rsquo;envergure pour une ville plus propre\u00a0 Le World Cleanup Day est un \u00e9v\u00e9nement mondial d\u00e9di\u00e9 \u00e0&hellip;\n","protected":false},"author":2,"featured_media":377569,"comment_status":"","ping_status":"","sticky":false,"template":"","format":"standard","meta":{"footnotes":""},"categories":[2815],"tags":[1111,11,4763,1777,674,1011,27,811,1307,5415,12,25],"class_list":{"0":"post-377568","1":"post","2":"type-post","3":"status-publish","4":"format-standard","5":"has-post-thumbnail","7":"category-lille","8":"tag-actu","9":"tag-actualites","10":"tag-agenda","11":"tag-eu","12":"tag-europe","13":"tag-fr","14":"tag-france","15":"tag-hauts-de-france","16":"tag-lille","17":"tag-mairie","18":"tag-news","19":"tag-republique-francaise"},"share_on_mastodon":{"url":"https:\/\/pubeurope.com\/@fr\/115174044146986839","error":""},"_links":{"self":[{"href":"https:\/\/www.europesays.com\/fr\/wp-json\/wp\/v2\/posts\/377568","targetHints":{"allow":["GET"]}}],"collection":[{"href":"https:\/\/www.europesays.com\/fr\/wp-json\/wp\/v2\/posts"}],"about":[{"href":"https:\/\/www.europesays.com\/fr\/wp-json\/wp\/v2\/types\/post"}],"author":[{"embeddable":true,"href":"https:\/\/www.europesays.com\/fr\/wp-json\/wp\/v2\/users\/2"}],"replies":[{"embeddable":true,"href":"https:\/\/www.europesays.com\/fr\/wp-json\/wp\/v2\/comments?post=377568"}],"version-history":[{"count":0,"href":"https:\/\/www.europesays.com\/fr\/wp-json\/wp\/v2\/posts\/377568\/revisions"}],"wp:featuredmedia":[{"embeddable":true,"href":"https:\/\/www.europesays.com\/fr\/wp-json\/wp\/v2\/media\/377569"}],"wp:attachment":[{"href":"https:\/\/www.europesays.com\/fr\/wp-json\/wp\/v2\/media?parent=377568"}],"wp:term":[{"taxonomy":"category","embeddable":true,"href":"https:\/\/www.europesays.com\/fr\/wp-json\/wp\/v2\/categories?post=377568"},{"taxonomy":"post_tag","embeddable":true,"href":"https:\/\/www.europesays.com\/fr\/wp-json\/wp\/v2\/tags?post=377568"}],"curies":[{"name":"wp","href":"https:\/\/api.w.org\/{rel}","templated":true}]}}