{"id":377575,"date":"2025-09-09T11:16:15","date_gmt":"2025-09-09T11:16:15","guid":{"rendered":"https:\/\/www.europesays.com\/fr\/377575\/"},"modified":"2025-09-09T11:16:15","modified_gmt":"2025-09-09T11:16:15","slug":"metropole-de-lyon-la-police-prise-a-partie-lors-dune-intervention-apres-un-vol-dans-un-commerce","status":"publish","type":"post","link":"https:\/\/www.europesays.com\/fr\/377575\/","title":{"rendered":"M\u00e9tropole de Lyon. La police prise \u00e0 partie lors d\u2019une intervention apr\u00e8s un vol dans un commerce"},"content":{"rendered":"<p>Des individus hostiles s\u2019en sont pris aux forces de l\u2019ordre qui intervenaient apr\u00e8s une agression dans un commerce, dimanche vers 21\u00a0h\u00a020 \u00e0 Villeurbanne. Un commer\u00e7ant venait d\u2019\u00eatre victime d\u2019un vol sous la menace d\u2019une arme et les policiers ont rapidement interpell\u00e9 deux suspects, cours Tolsto\u00ef \u00e0 proximit\u00e9 de la rue Charles Montaland.<\/p>\n<p>Mais les suspects se sont rebell\u00e9s violemment et ont exerc\u00e9 des violences sur les policiers, tandis que d\u2019autres individus t\u00e9moins de la sc\u00e8ne se regroupaient pour prendre \u00e0 partie les forces de l\u2019ordre. Recevant de nombreux projectiles, les policiers ont pu interpeller une troisi\u00e8me personne mais ils ont d\u00fb utiliser des grenades lacrymog\u00e8nes pour disperser le groupe hostile et r\u00e9tablir l\u2019ordre.<\/p>\n<p>Ce contenu est bloqu\u00e9 car vous n&rsquo;avez pas accept\u00e9 les cookies et autres traceurs.<\/p>\n<p>En cliquant sur \u00ab J\u2019accepte \u00bb, les cookies et autres traceurs seront d\u00e9pos\u00e9s et vous pourrez visualiser les contenus  (<a href=\"\" class=\"consentModule_policy\" target=\"_blank\" title=\"Consulter la politique de protection des donn\u00e9es du fournisseur\">plus d&rsquo;informations<\/a>).<\/p>\n<p>En cliquant sur \u00ab J\u2019accepte tous les cookies \u00bb, vous autorisez des d\u00e9p\u00f4ts de cookies et autres traceurs pour le stockage de vos donn\u00e9es sur nos sites et applications \u00e0 des fins de personnalisation et de ciblage publicitaire.<\/p>\n<p class=\"consentModule_secondaryText\">Vous gardez la possibilit\u00e9 de retirer votre consentement \u00e0 tout moment en consultant notre <a href=\"https:\/\/www.leprogres.fr\/protection-des-donnees\" target=\"_blank\" title=\"Consulter notre politique de protection des donn\u00e9es\" rel=\"noopener\">politique de protection des donn\u00e9es<\/a>. <br \/>&#13;<br \/>\n            <a href=\"https:\/\/www.leprogres.fr\/faits-divers-justice\/2025\/09\/09\/javascript:Didomi.notice.show()\" class=\"consentModule_cmp\" target=\"_blank\" rel=\"noopener\">G\u00e9rer mes choix<\/a>&#13;\n        <\/p>\n<p>&#13;<br \/>\n                        J&rsquo;accepte&#13;<br \/>\n            J&rsquo;accepte tous les cookies&#13;\n        <\/p>\n<p>Une enqu\u00eate est en cours pour d\u00e9terminer leur implication dans les faits qui leur sont reproch\u00e9s.<\/p>\n","protected":false},"excerpt":{"rendered":"Des individus hostiles s\u2019en sont pris aux forces de l\u2019ordre qui intervenaient apr\u00e8s une agression dans un commerce,&hellip;\n","protected":false},"author":2,"featured_media":377576,"comment_status":"","ping_status":"","sticky":false,"template":"","format":"standard","meta":{"footnotes":""},"categories":[1889],"tags":[1111,11,2430,271,272,2757,1777,674,274,1011,27,2428,12,25,2429,6345,6346],"class_list":{"0":"post-377575","1":"post","2":"type-post","3":"status-publish","4":"format-standard","5":"has-post-thumbnail","7":"category-lyon","8":"tag-actu","9":"tag-actualites","10":"tag-auvergne-rhone-alpes","11":"tag-crime","12":"tag-delit-et-contravention","13":"tag-edition-lyon-villeurbanne","14":"tag-eu","15":"tag-europe","16":"tag-faits-divers-justice","17":"tag-fr","18":"tag-france","19":"tag-lyon","20":"tag-news","21":"tag-republique-francaise","22":"tag-rhone","23":"tag-villeurbanne","24":"tag-villeurbanne-bassin"},"share_on_mastodon":{"url":"https:\/\/pubeurope.com\/@fr\/115174059697092241","error":""},"_links":{"self":[{"href":"https:\/\/www.europesays.com\/fr\/wp-json\/wp\/v2\/posts\/377575","targetHints":{"allow":["GET"]}}],"collection":[{"href":"https:\/\/www.europesays.com\/fr\/wp-json\/wp\/v2\/posts"}],"about":[{"href":"https:\/\/www.europesays.com\/fr\/wp-json\/wp\/v2\/types\/post"}],"author":[{"embeddable":true,"href":"https:\/\/www.europesays.com\/fr\/wp-json\/wp\/v2\/users\/2"}],"replies":[{"embeddable":true,"href":"https:\/\/www.europesays.com\/fr\/wp-json\/wp\/v2\/comments?post=377575"}],"version-history":[{"count":0,"href":"https:\/\/www.europesays.com\/fr\/wp-json\/wp\/v2\/posts\/377575\/revisions"}],"wp:featuredmedia":[{"embeddable":true,"href":"https:\/\/www.europesays.com\/fr\/wp-json\/wp\/v2\/media\/377576"}],"wp:attachment":[{"href":"https:\/\/www.europesays.com\/fr\/wp-json\/wp\/v2\/media?parent=377575"}],"wp:term":[{"taxonomy":"category","embeddable":true,"href":"https:\/\/www.europesays.com\/fr\/wp-json\/wp\/v2\/categories?post=377575"},{"taxonomy":"post_tag","embeddable":true,"href":"https:\/\/www.europesays.com\/fr\/wp-json\/wp\/v2\/tags?post=377575"}],"curies":[{"name":"wp","href":"https:\/\/api.w.org\/{rel}","templated":true}]}}