{"id":377577,"date":"2025-09-09T11:18:10","date_gmt":"2025-09-09T11:18:10","guid":{"rendered":"https:\/\/www.europesays.com\/fr\/377577\/"},"modified":"2025-09-09T11:18:10","modified_gmt":"2025-09-09T11:18:10","slug":"des-blocages-a-prevoir-avant-le-18-septembre","status":"publish","type":"post","link":"https:\/\/www.europesays.com\/fr\/377577\/","title":{"rendered":"des blocages \u00e0 pr\u00e9voir avant le 18 septembre"},"content":{"rendered":"<p>            Par<br \/>\n        <strong><br \/>\n            <a href=\"https:\/\/actu.fr\/auteur\/redaction-paris\" title=\"Consulter tous les articles de R\u00e9daction Paris\" target=\"_blank\" rel=\"noopener\">R\u00e9daction Paris<\/a><br \/>\n        <\/strong><\/p>\n<p>        Publi\u00e9 le<\/p>\n<p>            9 sept. 2025 \u00e0 12h33        <\/p>\n<p><a href=\"https:\/\/actu.fr\/ile-de-france\/paris_75056\/rassemblement-devant-l-elysee-operations-coup-de-poing-ce-qui-est-prevu-pour-le-10-septembre-a-paris_63133063.html\" target=\"_blank\" rel=\"noopener\">Les blocages et rassemblements pr\u00e9vus le 10\u00a0septembre<\/a> se pr\u00e9cisent au compte-goutte sur les r\u00e9seaux sociaux. La seconde journ\u00e9e de mobilisation pr\u00e9vue <strong>le 18\u00a0septembre<\/strong> se fait \u00e9galement conna\u00eetre au fur et \u00e0 mesure par l\u2019intersyndicale. Dans les transports parisiens, les quatre principaux syndicats de la <a href=\"https:\/\/actu.fr\/tag\/ratp\" target=\"_blank\" rel=\"noopener\">RATP<\/a> -la CGT, FO, Unsa Mobilit\u00e9 et la CFE-CGC- avaient appel\u00e9 \u00e0 la gr\u00e8ve pour cette journ\u00e9e d\u00e8s le 29\u00a0ao\u00fbt. Lundi 8\u00a0septembre 2025 en fin de journ\u00e9e, <strong>les organisations ont publi\u00e9 leur pr\u00e9avis de gr\u00e8ve.<\/strong><\/p>\n<p>En gr\u00e8ve d\u00e8s la veille, 18h<\/p>\n<p class=\" wall-content\">\u00ab\u2009Pour les agents, le projet de budget 2026 est <strong>une profonde injustice<\/strong> pour le monde du travail\u2009\u00bb, notent les repr\u00e9sentants dans un courrier commun adress\u00e9 au pr\u00e9sident de la RATP, Jean Castex. \u00ab\u2009Pour donner suite \u00e0 <a href=\"https:\/\/actu.fr\/ile-de-france\/paris_75056\/francois-bayrou-menace-les-conditions-de-travail-de-vie-des-agents-une-greve-massive-se-prepare-a-la-ratp_63101812.html\" target=\"_blank\" rel=\"noopener\">notre alarme sociale commune, d\u00e9pos\u00e9e le 2\u00a0septembre 2025<\/a>, qui a conduit \u00e0 un constat de d\u00e9saccord en date du 5\u00a0septembre 2025, les organisations syndicales susmentionn\u00e9es d\u00e9posent un pr\u00e9avis de gr\u00e8ve couvrant l\u2019ensemble des agents de la RATP, de chaque cat\u00e9gorie et de chaque service\u2009\u00bb, indiquent les repr\u00e9sentant en datant la gr\u00e8ve<strong> \u00e0 partir du mercredi\u00a017, 18h<\/strong>, jusqu\u2019au vendredi 19\u00a0septembre 2025, 7h.<\/p>\n<p class=\" wall-content\">\n<p class=\" wall-content\">Invit\u00e9 de BFMTV, le pr\u00e9fet de police de Paris, <a href=\"https:\/\/actu.fr\/tag\/laurent-nunez\" target=\"_blank\" rel=\"noopener\">Laurent Nu\u00f1ez<\/a>, a \u00e9t\u00e9 questionn\u00e9 au sujet d\u2019une possible \u00ab\u2009jonction\u2009\u00bb entre le mouvement du 10\u00a0septembre et la journ\u00e9e de manifestation syndicale annonc\u00e9e le 18\u00a0septembre. \u00ab\u2009Il y aura des vell\u00e9it\u00e9s de jonction entre le 10 et le 18\u2009\u00bb, a r\u00e9pondu le pr\u00e9fet de police. Il a par ailleurs soulign\u00e9 que, pour le moment, la pr\u00e9fecture de police n\u2019avait \u00e9t\u00e9 destinataire d\u2019<strong>aucune d\u00e9claration de manifestation<\/strong> pour le 18\u00a0septembre.<\/p>\n<p class=\" wall-content\">Personnalisez votre actualit\u00e9 en ajoutant vos villes et m\u00e9dias en favori avec <a href=\"https:\/\/moncompte.actu.fr\" title=\"D\u00e9couvez Mon Actu\" rel=\"nofollow noopener\" data-trk=\"{&quot;cta&quot;:{&quot;action&quot;:&quot;https:\\\/\\\/moncompte.actu.fr&quot;,&quot;category&quot;:&quot;mon compte&quot;,&quot;from&quot;:&quot;article footer&quot;,&quot;name&quot;:&quot;Mon actu&quot;,&quot;type&quot;:&quot;cta&quot;}}\" target=\"_blank\">Mon Actu<\/a>.<\/p>\n","protected":false},"excerpt":{"rendered":"Par R\u00e9daction Paris Publi\u00e9 le 9 sept. 2025 \u00e0 12h33 Les blocages et rassemblements pr\u00e9vus le 10\u00a0septembre se&hellip;\n","protected":false},"author":2,"featured_media":377578,"comment_status":"","ping_status":"","sticky":false,"template":"","format":"standard","meta":{"footnotes":""},"categories":[1592],"tags":[1111,11,1777,674,1011,27,6151,662,12,626,625,25,104,2803],"class_list":{"0":"post-377577","1":"post","2":"type-post","3":"status-publish","4":"format-standard","5":"has-post-thumbnail","7":"category-ile-de-france","8":"tag-actu","9":"tag-actualites","10":"tag-eu","11":"tag-europe","12":"tag-fr","13":"tag-france","14":"tag-greve","15":"tag-ile-de-france","16":"tag-news","17":"tag-paris","18":"tag-ratp","19":"tag-republique-francaise","20":"tag-societe","21":"tag-transport"},"share_on_mastodon":{"url":"https:\/\/pubeurope.com\/@fr\/115174067717214867","error":""},"_links":{"self":[{"href":"https:\/\/www.europesays.com\/fr\/wp-json\/wp\/v2\/posts\/377577","targetHints":{"allow":["GET"]}}],"collection":[{"href":"https:\/\/www.europesays.com\/fr\/wp-json\/wp\/v2\/posts"}],"about":[{"href":"https:\/\/www.europesays.com\/fr\/wp-json\/wp\/v2\/types\/post"}],"author":[{"embeddable":true,"href":"https:\/\/www.europesays.com\/fr\/wp-json\/wp\/v2\/users\/2"}],"replies":[{"embeddable":true,"href":"https:\/\/www.europesays.com\/fr\/wp-json\/wp\/v2\/comments?post=377577"}],"version-history":[{"count":0,"href":"https:\/\/www.europesays.com\/fr\/wp-json\/wp\/v2\/posts\/377577\/revisions"}],"wp:featuredmedia":[{"embeddable":true,"href":"https:\/\/www.europesays.com\/fr\/wp-json\/wp\/v2\/media\/377578"}],"wp:attachment":[{"href":"https:\/\/www.europesays.com\/fr\/wp-json\/wp\/v2\/media?parent=377577"}],"wp:term":[{"taxonomy":"category","embeddable":true,"href":"https:\/\/www.europesays.com\/fr\/wp-json\/wp\/v2\/categories?post=377577"},{"taxonomy":"post_tag","embeddable":true,"href":"https:\/\/www.europesays.com\/fr\/wp-json\/wp\/v2\/tags?post=377577"}],"curies":[{"name":"wp","href":"https:\/\/api.w.org\/{rel}","templated":true}]}}