{"id":377583,"date":"2025-09-09T11:21:09","date_gmt":"2025-09-09T11:21:09","guid":{"rendered":"https:\/\/www.europesays.com\/fr\/377583\/"},"modified":"2025-09-09T11:21:09","modified_gmt":"2025-09-09T11:21:09","slug":"demenager-a-paris-quand-le-faire-pour-eviter-les-bouchons-et-les-frais-caches","status":"publish","type":"post","link":"https:\/\/www.europesays.com\/fr\/377583\/","title":{"rendered":"D\u00e9m\u00e9nager \u00e0 Paris : quand le faire pour \u00e9viter les bouchons (et les frais cach\u00e9s)"},"content":{"rendered":"<p>Et ce n\u2019est pas tout. Car d\u00e9m\u00e9nager l\u2019\u00e9t\u00e9, c\u2019est aussi profiter d\u2019une <strong>m\u00e9t\u00e9o plus cl\u00e9mente<\/strong>. Le jour J, mais aussi les suivants. Ce qui peut s\u2019av\u00e9rer (tr\u00e8s) utile si vous avez pr\u00e9vu de <a data-entity-substitution=\"canonical\" data-entity-type=\"node\" data-entity-uuid=\"2bcba80b-2198-401c-9786-cef41e71a70b\" href=\"https:\/\/edito.seloger.com\/partenaires\/engie\/video\/envie-de-faire-travaux-de-renovation-energetique\" rel=\"noopener nofollow\" target=\"_blank\">faire des travaux<\/a>.<\/p>\n<p>Si vous avez des <strong>enfants<\/strong>, ce choix vous \u00e9vitera \u00e9galement d\u2019<strong>interrompre leur ann\u00e9e scolaire<\/strong>. Vous leur laissez ainsi le temps de <strong>prendre leurs marques<\/strong>, d\u2019explorer le quartier\u2026 voire de <strong>se faire de nouveaux amis<\/strong> avant la rentr\u00e9e.<\/p>\n<p>Pour finir, l\u2019\u00e9t\u00e9 est aussi la <strong>p\u00e9riode des bonnes affaires<\/strong>. Et pour cause\u00a0: de nombreux logements sont <strong>remis sur le march\u00e9<\/strong> avant la <strong>rentr\u00e9e universitaire<\/strong> ou les <strong>mutations de septembre<\/strong>, ce qui \u00e9largit l\u2019offre disponible.<\/p>\n<p>Et surtout, il y a <strong>moins d\u2019acheteurs actifs<\/strong>\u00a0: beaucoup sont en vacances, ce qui <strong>r\u00e9duit la concurrence<\/strong>. R\u00e9sultat\u00a0? Certains vendeurs ou bailleurs se montrent <strong>plus ouverts <\/strong><a data-entity-substitution=\"canonical\" data-entity-type=\"node\" data-entity-uuid=\"7a9a70bc-38ff-4590-8b74-f6adc1c44e01\" href=\"https:\/\/edito.seloger.com\/conseils-d-experts\/acheter\/acheter-reparations-pouvez-negocier-article-18367.html\" rel=\"noopener nofollow\" target=\"_blank\">\u00e0 la n\u00e9gociation<\/a>.<\/p>\n","protected":false},"excerpt":{"rendered":"Et ce n\u2019est pas tout. Car d\u00e9m\u00e9nager l\u2019\u00e9t\u00e9, c\u2019est aussi profiter d\u2019une m\u00e9t\u00e9o plus cl\u00e9mente. Le jour J,&hellip;\n","protected":false},"author":2,"featured_media":300154,"comment_status":"","ping_status":"","sticky":false,"template":"","format":"standard","meta":{"footnotes":""},"categories":[1888],"tags":[11,1777,674,1011,27,12,626,25],"class_list":{"0":"post-377583","1":"post","2":"type-post","3":"status-publish","4":"format-standard","5":"has-post-thumbnail","7":"category-paris","8":"tag-actualites","9":"tag-eu","10":"tag-europe","11":"tag-fr","12":"tag-france","13":"tag-news","14":"tag-paris","15":"tag-republique-francaise"},"share_on_mastodon":{"url":"","error":""},"_links":{"self":[{"href":"https:\/\/www.europesays.com\/fr\/wp-json\/wp\/v2\/posts\/377583","targetHints":{"allow":["GET"]}}],"collection":[{"href":"https:\/\/www.europesays.com\/fr\/wp-json\/wp\/v2\/posts"}],"about":[{"href":"https:\/\/www.europesays.com\/fr\/wp-json\/wp\/v2\/types\/post"}],"author":[{"embeddable":true,"href":"https:\/\/www.europesays.com\/fr\/wp-json\/wp\/v2\/users\/2"}],"replies":[{"embeddable":true,"href":"https:\/\/www.europesays.com\/fr\/wp-json\/wp\/v2\/comments?post=377583"}],"version-history":[{"count":0,"href":"https:\/\/www.europesays.com\/fr\/wp-json\/wp\/v2\/posts\/377583\/revisions"}],"wp:featuredmedia":[{"embeddable":true,"href":"https:\/\/www.europesays.com\/fr\/wp-json\/wp\/v2\/media\/300154"}],"wp:attachment":[{"href":"https:\/\/www.europesays.com\/fr\/wp-json\/wp\/v2\/media?parent=377583"}],"wp:term":[{"taxonomy":"category","embeddable":true,"href":"https:\/\/www.europesays.com\/fr\/wp-json\/wp\/v2\/categories?post=377583"},{"taxonomy":"post_tag","embeddable":true,"href":"https:\/\/www.europesays.com\/fr\/wp-json\/wp\/v2\/tags?post=377583"}],"curies":[{"name":"wp","href":"https:\/\/api.w.org\/{rel}","templated":true}]}}