{"id":377584,"date":"2025-09-09T11:22:11","date_gmt":"2025-09-09T11:22:11","guid":{"rendered":"https:\/\/www.europesays.com\/fr\/377584\/"},"modified":"2025-09-09T11:22:11","modified_gmt":"2025-09-09T11:22:11","slug":"la-grande-mosquee-de-paris-deplore-une-triste-etape-apres-la-decouverte-de-tetes-de-cochon-2","status":"publish","type":"post","link":"https:\/\/www.europesays.com\/fr\/377584\/","title":{"rendered":"la Grande mosqu\u00e9e de Paris d\u00e9plore \u00ab\u00a0une triste \u00e9tape\u00a0\u00bb apr\u00e8s la d\u00e9couverte de t\u00eates de cochon"},"content":{"rendered":"<p>Dans un communiqu\u00e9, Chems-eddine Hafiz, recteur de la Grande mosqu\u00e9e, a appel\u00e9 \u00ab\u00a0\u00e0 une prise de conscience et \u00e0 une solidarit\u00e9 nationale contre cette trajectoire de p\u00e9ril\u00a0\u00bb, apr\u00e8s la d\u00e9couverte d&rsquo;au moins neuf t\u00eates de cochon devant des mosqu\u00e9es de Paris et d&rsquo;\u00cele-de-France.<\/p>\n<p>Le recteur de la Grande mosqu\u00e9e de Paris Chems-eddine Hafiz a d\u00e9nonc\u00e9 mardi 9 septembre \u00ab\u00a0une nouvelle et triste \u00e9tape dans la mont\u00e9e de la haine antimusulmane\u00a0\u00bb <a href=\"https:\/\/www.bfmtv.com\/police-justice\/enquete-ouverte-inscription-macron-ce-que-l-on-sait-apres-la-decouverte-de-tetes-de-cochon-devant-des-mosquees-en-ile-de-france_AV-202509090474.html\" title=\"Enqu\u00eate ouverte, inscription &quot;Macron&quot;... Ce que l&#039;on sait apr\u00e8s la d\u00e9couverte de t\u00eates de cochon devant des mosqu\u00e9es en \u00cele-de-France\" class=\"internal_link\" rel=\"nofollow noopener\" target=\"_blank\">apr\u00e8s la d\u00e9couverte de t\u00eates de cochon devant plusieurs mosqu\u00e9es \u00e0 Paris et en \u00cele-de-France<\/a>.<\/p>\n<p>\u00ab\u00a0La Grande Mosqu\u00e9e de Paris condamne avec la plus grande fermet\u00e9 les actes islamophobes perp\u00e9tr\u00e9s cette nuit\u00a0\u00bb, qui \u00ab\u00a0visent \u00e0 diviser notre communaut\u00e9 nationale\u00a0\u00bb, a affirm\u00e9 dans un communiqu\u00e9 Chems-eddine Hafiz, appelant \u00ab\u00a0\u00e0 une prise de conscience et \u00e0 une solidarit\u00e9 nationale contre cette trajectoire de p\u00e9ril\u00a0\u00bb.<\/p>\n<p>Ces t\u00eates de porc, animal consid\u00e9r\u00e9 comme impur par l&rsquo;islam, ont notamment \u00e9t\u00e9 d\u00e9couvertes sur la voie publique \u00e0 Paris, \u00ab\u00a0devant l&rsquo;entr\u00e9e de la mosqu\u00e9e Islah\u00a0\u00bb \u00e0 Montreuil (Seine-Saint-Denis), ainsi qu&rsquo;\u00e0 Montrouge, Malakoff (Hauts-de-Seine) et Gentilly (Val-de-Marne), a appris BFMTV.<\/p>\n<p>\u00c0 Paris, trois t\u00eates ont \u00e9t\u00e9 d\u00e9couvertes devant des mosqu\u00e9es du 20e et du 15e arrondissement, ainsi que \u00ab\u00a0dans une valise dans le 18e arrondissement\u00a0\u00bb, a pr\u00e9cis\u00e9 le parquet de Paris, ajoutant que le mot \u00ab\u00a0Macron\u00a0\u00bb avait \u00e9t\u00e9 peint en bleu sur l&rsquo;un des lieux. Au total, \u00ab\u00a0neuf\u00a0\u00bb t\u00eates de cochon ont \u00e9t\u00e9 retrouv\u00e9s, selon le pr\u00e9fet de police de Paris Laurent Nu\u00f1ez , quatre \u00e0 Paris et cinq en petite couronne.<\/p>\n<p>Le pr\u00e9fet de police de Paris Laurent Nu\u00f1ez a annonc\u00e9 l&rsquo;ouverture imm\u00e9diate d&rsquo;une enqu\u00eate, assurant que \u00ab\u00a0tout (\u00e9tait) mis en oeuvre pour retrouver les auteurs de ces actes abjects\u00a0\u00bb.<\/p>\n<p>L&rsquo;enqu\u00eate pour \u00ab\u00a0provocation \u00e0 la haine aggrav\u00e9e par la discrimination en raison de l&rsquo;appartenance \u00e0 une race ou religion\u00a0\u00bb a \u00e9t\u00e9 confi\u00e9e \u00e0 la brigade criminelle de la pr\u00e9fecture de police de Paris, selon le parquet de la capitale.<\/p>\n<p>La maire de Paris Anne Hidalgo a condamn\u00e9 des \u00ab\u00a0actes racistes\u00a0\u00bb et a assur\u00e9 de sa \u00ab\u00a0solidarit\u00e9 avec la communaut\u00e9 musulmane\u00a0\u00bb, pr\u00e9cisant que la Ville de Paris avait saisi la justice.<\/p>\n<p>De son c\u00f4t\u00e9, le ministre de l&rsquo;Int\u00e9rieur Bruno Retailleau a fait part de son \u00ab\u00a0indignation\u00a0\u00bb face \u00e0 \u00ab\u00a0cette sorte de profanation\u00a0\u00bb. \u00ab\u00a0J&rsquo;entends que nos compatriotes musulmans puissent exercer leur foi dans la s\u00e9r\u00e9nit\u00e9\u00a0\u00bb, a-t-il ajout\u00e9 devant la presse.<\/p>\n<p>\u00ab\u00a0Au d\u00e9but la fachosph\u00e8re s&rsquo;en prenait aux clandestins, puis est venu le tour des immigr\u00e9s en situation r\u00e9guli\u00e8re, ensuite celui des binationaux, maintenant les Fran\u00e7ais musulmans sur leurs lieux de culte (&#8230;) L&rsquo;identit\u00e9 de la France, c&rsquo;est Libert\u00e9, \u00c9galit\u00e9, Fraternit\u00e9 \u00ab\u00a0, a d\u00e9plor\u00e9 le premier secr\u00e9taire du Parti socialiste, Olivier Faure.<\/p>\n<p>\u00ab\u00a0L&rsquo;islamophobie est un cancer de la soci\u00e9t\u00e9. Soutien \u00e0 nos compatriotes musulmans encore une fois vis\u00e9s\u00a0\u00bb, a comment\u00e9 de son c\u00f4t\u00e9 le coordinateur de LFI, Manuel Bompard.<\/p>\n<p>M\u00eame indignation \u00e0 droite, la pr\u00e9sidente LR de la r\u00e9gion Ile-de-France, Val\u00e9rie P\u00e9cresse, estimant ainsi que la R\u00e9publique devait \u00ab\u00a0prot\u00e9ger les croyants devant les profanations de leurs lieux de cultes qui se multiplient\u00a0\u00bb.<\/p>\n<p>Des t\u00eates de cochon avaient d\u00e9j\u00e0 \u00e9t\u00e9 d\u00e9pos\u00e9es devant le local d&rsquo;une association musulmane dans le Pas-de-Calais en 2024, sur le chantier d&rsquo;une mosqu\u00e9e de Dordogne en 2019 ou encore devant une mosqu\u00e9e de la Marne en 2017.<\/p>\n","protected":false},"excerpt":{"rendered":"Dans un communiqu\u00e9, Chems-eddine Hafiz, recteur de la Grande mosqu\u00e9e, a appel\u00e9 \u00ab\u00a0\u00e0 une prise de conscience et&hellip;\n","protected":false},"author":2,"featured_media":377585,"comment_status":"","ping_status":"","sticky":false,"template":"","format":"standard","meta":{"footnotes":""},"categories":[1888],"tags":[11,1777,674,1011,27,12,626,25],"class_list":{"0":"post-377584","1":"post","2":"type-post","3":"status-publish","4":"format-standard","5":"has-post-thumbnail","7":"category-paris","8":"tag-actualites","9":"tag-eu","10":"tag-europe","11":"tag-fr","12":"tag-france","13":"tag-news","14":"tag-paris","15":"tag-republique-francaise"},"share_on_mastodon":{"url":"https:\/\/pubeurope.com\/@fr\/115174083522928345","error":""},"_links":{"self":[{"href":"https:\/\/www.europesays.com\/fr\/wp-json\/wp\/v2\/posts\/377584","targetHints":{"allow":["GET"]}}],"collection":[{"href":"https:\/\/www.europesays.com\/fr\/wp-json\/wp\/v2\/posts"}],"about":[{"href":"https:\/\/www.europesays.com\/fr\/wp-json\/wp\/v2\/types\/post"}],"author":[{"embeddable":true,"href":"https:\/\/www.europesays.com\/fr\/wp-json\/wp\/v2\/users\/2"}],"replies":[{"embeddable":true,"href":"https:\/\/www.europesays.com\/fr\/wp-json\/wp\/v2\/comments?post=377584"}],"version-history":[{"count":0,"href":"https:\/\/www.europesays.com\/fr\/wp-json\/wp\/v2\/posts\/377584\/revisions"}],"wp:featuredmedia":[{"embeddable":true,"href":"https:\/\/www.europesays.com\/fr\/wp-json\/wp\/v2\/media\/377585"}],"wp:attachment":[{"href":"https:\/\/www.europesays.com\/fr\/wp-json\/wp\/v2\/media?parent=377584"}],"wp:term":[{"taxonomy":"category","embeddable":true,"href":"https:\/\/www.europesays.com\/fr\/wp-json\/wp\/v2\/categories?post=377584"},{"taxonomy":"post_tag","embeddable":true,"href":"https:\/\/www.europesays.com\/fr\/wp-json\/wp\/v2\/tags?post=377584"}],"curies":[{"name":"wp","href":"https:\/\/api.w.org\/{rel}","templated":true}]}}