{"id":377586,"date":"2025-09-09T11:23:13","date_gmt":"2025-09-09T11:23:13","guid":{"rendered":"https:\/\/www.europesays.com\/fr\/377586\/"},"modified":"2025-09-09T11:23:13","modified_gmt":"2025-09-09T11:23:13","slug":"prague-expulse-un-diplomate-bielorusse-dans-la-foulee-du-demantelement-dun-reseau-dagents","status":"publish","type":"post","link":"https:\/\/www.europesays.com\/fr\/377586\/","title":{"rendered":"Prague expulse un \u00ab diplomate \u00bb bi\u00e9lorusse dans la foul\u00e9e du d\u00e9mant\u00e8lement d\u2019un r\u00e9seau d\u2019agents"},"content":{"rendered":"<p>\u00ab\u00a0Cette affaire montre que nous ne devons pas laisser Schengen \u00eatre utilis\u00e9 \u00e0 des fins hostiles. Les agents b\u00e9n\u00e9ficiant de l\u2019immunit\u00e9 diplomatique ne doivent pas avoir toute latitude pour agir en Europe. Je continuerai \u00e0 promouvoir les restrictions appropri\u00e9es au niveau europ\u00e9en, en premier lieu \u00e0 l\u2019\u00e9gard des diplomates russes,\u00a0\u00bb a fait savoir le ministre des Affaires \u00e9trang\u00e8res Jan Lipavsk\u00fd (Spolu) apr\u00e8s avoir annonc\u00e9 qu\u2019un diplomate bi\u00e9lorusse avait \u00e9t\u00e9 d\u00e9clar\u00e9 persona non grata, soit l\u2019\u00e9quivalent d\u2019un avis d\u2019expulsion pour la personne concern\u00e9e qui a 72 heures pour quitter le pays.<\/p>\n<p><a href=\"https:\/\/francais.radio.cz\/sites\/default\/files\/styles\/rcz_lightbox_v2\/public\/images\/859ea96722c0203909435808fa0e4b6b.jpg?itok=pLq1upIs&amp;timestamp=1757414989\" class=\"photoswipe\" data-size=\"1919x1280\" data-overlay-title=\"Michal Koudelka | Photo: Ren\u00e9 Volf\u00edk,  iROZHLAS.cz\" target=\"_blank\" rel=\"noopener\"><\/p>\n<p><img  alt=\"Michal Koudelka | Photo: Ren\u00e9 Volf\u00edk,  iROZHLAS.cz\" title=\"Michal Koudelka | Photo: Ren\u00e9 Volf\u00edk,  iROZHLAS.cz\"\/><\/p>\n<p><\/a><\/p>\n<p>Michal Koudelka|Photo: Ren\u00e9 Volf\u00edk, iROZHLAS.cz<\/p>\n<p>Cette annonce faisait suite \u00e0 celle des services de contre-espionnage tch\u00e8ques (BIS) concernant le d\u00e9mant\u00e8lement d\u2019un r\u00e9seau d\u2019agents bi\u00e9lorusses, en coop\u00e9ration avec leurs homologues hongrois et roumains. Sous couverture diplomatique, c\u2019est en r\u00e9alit\u00e9 un officier du KGB bi\u00e9lorusse qui op\u00e9rait en Tch\u00e9quie, s\u2019effor\u00e7ant de recueillir diverses informations utiles \u00e0 ses services. Chapeaut\u00e9e par l\u2019agence europ\u00e9enne Eurojust, bas\u00e9e \u00e0 La Haye, aux Pays-Bas, o\u00f9 la Tch\u00e9quie est actuellement repr\u00e9sent\u00e9e par l\u2019ancien procureur g\u00e9n\u00e9ral Pavel Zeman, l\u2019op\u00e9ration conjointe de renseignement montre \u00ab\u00a0\u00e0 quel point la coop\u00e9ration internationale est essentielle dans la situation s\u00e9curitaire actuelle. C\u2019est aussi une r\u00e9ponse \u00e0 ceux qui pr\u00e9tendent que la coop\u00e9ration entre les services de renseignement ne fonctionne pas \u00bb, a soulign\u00e9 Michal Koudelka, le directeur du BIS.<\/p>\n<blockquote class=\"twitter-tweet\">\n<p lang=\"cs\" dir=\"ltr\">Rozbili jsme b\u011bloruskou zpravodajskou s\u00ed\u0165 v Evrop\u011b!<br \/>Bezpe\u010dnostn\u00ed informa\u010dn\u00ed slu\u017eba spole\u010dn\u011b se zpravodajsk\u00fdmi slu\u017ebami Rumunska a Mad&rsquo;arska \u00fasp\u011b\u0161n\u011b zas\u00e1hly a rozbily b\u011bloruskou zpravodajskou s\u00ed\u0165 budovanou v Evrop\u0113. V souvislosti s touto mezin\u00e1rodn\u00ed operac\u00ed rozhodlo <a href=\"https:\/\/twitter.com\/mzvcr?ref_src=twsrc%5Etfw\" target=\"_blank\" rel=\"noopener\">@mzvcr<\/a> o\u2026 <a href=\"https:\/\/t.co\/XFvUii3VVf\">pic.twitter.com\/XFvUii3VVf<\/a><\/p>\n<p>\u2014 BIS (@biscz) <a href=\"https:\/\/twitter.com\/biscz\/status\/1965068724387373084?ref_src=twsrc%5Etfw\" target=\"_blank\" rel=\"noopener\">September 8, 2025<\/a><\/p><\/blockquote>\n<p>Parmi les autres agents bi\u00e9lorusses identifi\u00e9s sur le sol europ\u00e9en, un ancien adjoint du Service de renseignement moldave, arr\u00eat\u00e9\u00a0en Roumanie, qui avait transmis des informations classifi\u00e9es au KGB. Une information plus qu\u2019inqui\u00e9tante alors que ce petit pays enclav\u00e9 est sous le coup d\u2019une vaste campagne de d\u00e9sinformation en provenance de la Russie, \u00e0 l\u2019approche des \u00e9lections l\u00e9gislatives du 28 septembre.<\/p>\n<p>L\u2019ombre de Moscou<\/p>\n<p>\u00ab Afin de pouvoir lutter efficacement contre ces activit\u00e9s hostiles en Europe, nous devons limiter les d\u00e9placements des diplomates russes et bi\u00e9lorusses sur le territoire de l\u2019espace Schengen \u00bb, a enjoint Michal Koudelka, rappelant que ces pays continuent d\u2019utiliser la couverture diplomatique pour leurs activit\u00e9s de renseignement.<\/p>\n<p><a href=\"https:\/\/francais.radio.cz\/sites\/default\/files\/styles\/rcz_lightbox_v2\/public\/images\/263ff8eca824f394c4beda81da8fb832.jpg?itok=UeZlRvQe&amp;timestamp=1757415602\" class=\"photoswipe\" data-size=\"1024x782\" data-overlay-title=\"L\u2019\u00e9difice du FSB,  Moscou | Photo: Vladimir Fedorenko,  image #98400\/RIA Novosti archive\/Wikimedia Commons,  CC-BY-SA 3.0\" target=\"_blank\" rel=\"noopener\"><\/p>\n<p><img  alt=\"L\u2019\u00e9difice du FSB,  Moscou | Photo: Vladimir Fedorenko,  image #98400\/RIA Novosti archive\/Wikimedia Commons,  CC-BY-SA 3.0\" title=\"L\u2019\u00e9difice du FSB,  Moscou | Photo: Vladimir Fedorenko,  image #98400\/RIA Novosti archive\/Wikimedia Commons,  CC-BY-SA 3.0\"\/><\/p>\n<p><\/a><\/p>\n<p>L\u2019\u00e9difice du FSB, Moscou|Photo: Vladimir Fedorenko, image #98400\/RIA Novosti archive\/Wikimedia Commons, CC-BY-SA 3.0<\/p>\n<p>Difficile d\u2019imaginer par ailleurs que Minsk et Moscou ne coop\u00e8rent pas au niveau du renseignement, alors que ces derni\u00e8res ann\u00e9es ont act\u00e9 le rapprochement du dictateur bi\u00e9lorusse Alexander Loukachenko avec son homologue russe Vladimir Poutine. D\u00e9j\u00e0 en mai dernier, une journaliste bi\u00e9lorusse, <a href=\"https:\/\/francais.radio.cz\/une-journaliste-bielorusse-et-un-agent-russe-du-gru-places-sur-la-liste-des-8847423\" target=\"_blank\" rel=\"noopener\">Natalia Sudliankova avait \u00e9t\u00e9 expuls\u00e9e de Tch\u00e9quie<\/a>, accus\u00e9e par les autorit\u00e9s tch\u00e8ques d\u2019\u00eatre un agent influent du GRU russe.<\/p>\n<p>Ce n\u2019est pourtant pas faute d\u2019avoir \u00ab\u00a0fait le m\u00e9nage\u00a0\u00bb ces derni\u00e8res ann\u00e9es\u00a0: dans la foul\u00e9e des r\u00e9v\u00e9lations sur l\u2019implication du service russe GRU dans les explosions de Vrb\u011btice, la Tch\u00e9quie avait d\u00e9j\u00e0 expuls\u00e9 plus d\u2019une centaine de \u00ab\u00a0diplomates\u00a0\u00bb russes, r\u00e9duisant drastiquement ces \u00e9quipes diplomatiques traditionnellement hypertrophi\u00e9es. Facilit\u00e9 par le pr\u00e9sident bi\u00e9lorusse en laissant la Russie utiliser son territoire comme base arri\u00e8re, le d\u00e9but de la guerre en Ukraine en f\u00e9vrier 2022 avait ensuite achev\u00e9 de r\u00e9duire a minima la pr\u00e9sence diplomatique russe sur le territoire tch\u00e8que.<\/p>\n<p>Depuis des ann\u00e9es, les services de contre-espionnage tch\u00e8ques mettent en garde contre les op\u00e9rations d\u2019influence et de renseignement de la Russie en Tch\u00e9quie, et plus globalement dans l\u2019Union europ\u00e9enne. Longtemps minimis\u00e9es par l\u2019ancien pr\u00e9sident tch\u00e8que Milo\u0161 Zeman, ces mises en garde r\u00e9p\u00e9t\u00e9es n\u2019ont toutefois cess\u00e9 de se voir confirm\u00e9es au fil des nouvelles r\u00e9v\u00e9lations.<\/p>\n<p>En amont de l\u2019affaire des espions bi\u00e9lorusses, le directeur du BIS s\u2019exprimait ce lundi \u00e9galement dans le cadre d\u2019une conf\u00e9rence sur la s\u00e9curit\u00e9 \u00e0 la Chambre des d\u00e9put\u00e9s, soulignant qu\u2019il ne pouvait y avoir \u00ab\u00a0aucun doute\u00a0\u00bb sur le fait que, si elle en avait la possibilit\u00e9, \u00ab\u00a0la Russie tuerait des personnes innocentes en Tch\u00e9quie comme elle le fait actuellement en Ukraine\u00a0\u00bb.<\/p>\n<p><a href=\"https:\/\/francais.radio.cz\/sites\/default\/files\/styles\/rcz_lightbox_v2\/public\/images\/094ea0dcd4db99ac6ab569f5d6dce145.png?itok=49xQVwG_&amp;timestamp=1691495357\" class=\"photoswipe\" data-size=\"1920x855\" data-overlay-title=\"Source: Gerd Altmann,  Pixabay\/Radio Prague Int.,  CC0 1.0 DEED\" target=\"_blank\" rel=\"noopener\"><\/p>\n<p><img  alt=\"Source: Gerd Altmann,  Pixabay\/Radio Prague Int.,  CC0 1.0 DEED\" title=\"Source: Gerd Altmann,  Pixabay\/Radio Prague Int.,  CC0 1.0 DEED\"\/><\/p>\n<p><\/a><\/p>\n<p>Un avertissement cr\u00e9pusculaire alors qu\u2019\u00e0 moins d\u2019un mois des \u00e9lections l\u00e9gislatives en Tch\u00e9quie, le BIS mart\u00e8le une fois de plus que les tentatives r\u00e9p\u00e9t\u00e9es de la Russie de promouvoir dans les m\u00e9dias des discours favorables au Kremlin servent \u00e0 semer la division et \u00e0 saper la confiance de l\u2019opinion publique dans l\u2019Etat, les institutions et la d\u00e9mocratie.<\/p>\n<p>\t<script async src=\"https:\/\/platform.twitter.com\/widgets.js\" charset=\"utf-8\"><\/script><\/p>\n","protected":false},"excerpt":{"rendered":"\u00ab\u00a0Cette affaire montre que nous ne devons pas laisser Schengen \u00eatre utilis\u00e9 \u00e0 des fins hostiles. Les agents&hellip;\n","protected":false},"author":2,"featured_media":377587,"comment_status":"","ping_status":"","sticky":false,"template":"","format":"standard","meta":{"footnotes":""},"categories":[1591],"tags":[11,312,1887,12,262,30961,11790,1885,1886,132],"class_list":{"0":"post-377586","1":"post","2":"type-post","3":"status-publish","4":"format-standard","5":"has-post-thumbnail","7":"category-russie","8":"tag-actualites","9":"tag-diplomatie","10":"tag-federation-de-russie","11":"tag-news","12":"tag-politique-etrangere","13":"tag-radio-prague-international","14":"tag-republique-tcheque","15":"tag-russia","16":"tag-russian-federation","17":"tag-russie"},"share_on_mastodon":{"url":"https:\/\/pubeurope.com\/@fr\/115174087330101505","error":""},"_links":{"self":[{"href":"https:\/\/www.europesays.com\/fr\/wp-json\/wp\/v2\/posts\/377586","targetHints":{"allow":["GET"]}}],"collection":[{"href":"https:\/\/www.europesays.com\/fr\/wp-json\/wp\/v2\/posts"}],"about":[{"href":"https:\/\/www.europesays.com\/fr\/wp-json\/wp\/v2\/types\/post"}],"author":[{"embeddable":true,"href":"https:\/\/www.europesays.com\/fr\/wp-json\/wp\/v2\/users\/2"}],"replies":[{"embeddable":true,"href":"https:\/\/www.europesays.com\/fr\/wp-json\/wp\/v2\/comments?post=377586"}],"version-history":[{"count":0,"href":"https:\/\/www.europesays.com\/fr\/wp-json\/wp\/v2\/posts\/377586\/revisions"}],"wp:featuredmedia":[{"embeddable":true,"href":"https:\/\/www.europesays.com\/fr\/wp-json\/wp\/v2\/media\/377587"}],"wp:attachment":[{"href":"https:\/\/www.europesays.com\/fr\/wp-json\/wp\/v2\/media?parent=377586"}],"wp:term":[{"taxonomy":"category","embeddable":true,"href":"https:\/\/www.europesays.com\/fr\/wp-json\/wp\/v2\/categories?post=377586"},{"taxonomy":"post_tag","embeddable":true,"href":"https:\/\/www.europesays.com\/fr\/wp-json\/wp\/v2\/tags?post=377586"}],"curies":[{"name":"wp","href":"https:\/\/api.w.org\/{rel}","templated":true}]}}