{"id":377588,"date":"2025-09-09T11:24:16","date_gmt":"2025-09-09T11:24:16","guid":{"rendered":"https:\/\/www.europesays.com\/fr\/377588\/"},"modified":"2025-09-09T11:24:16","modified_gmt":"2025-09-09T11:24:16","slug":"guerre-en-ukraine-une-frappe-russe-tue-20-civils-qui-venaient-percevoir-leur-retraite","status":"publish","type":"post","link":"https:\/\/www.europesays.com\/fr\/377588\/","title":{"rendered":"Guerre en Ukraine. Une frappe russe tue 20 civils qui venaient percevoir leur retraite"},"content":{"rendered":"<p>\u00ab Plus de 20 \u00bb civils ont \u00e9t\u00e9 tu\u00e9s dans une frappe russe sur un village de la r\u00e9gion de Donetsk, dans l&rsquo;est de l&rsquo;Ukraine, a indiqu\u00e9 ce mardi <a href=\"https:\/\/www.dna.fr\/p\/volodymyr-zelensky\" target=\"_blank\" rel=\"noopener\">Volodymyr Zelensky<\/a>\u00a0sur les r\u00e9seaux sociaux. <\/p>\n<p>Le pr\u00e9sident ukrainien a publi\u00e9 une vid\u00e9o montrant des corps jonchant le sol, pr\u00e8s d&rsquo;une camionnette fortement endommag\u00e9e de la poste publique ukrainienne, qui utilise ce type de v\u00e9hicules notamment pour payer les retraites dans des zones rurales. Le bombardement a eu lieu au moment o\u00f9 des villageois \u00e9taient en train de toucher leur retraite, a pr\u00e9cis\u00e9 le chef de l&rsquo;Etat, exhortant la communaut\u00e9 internationale \u00e0 \u00ab des actions fortes \u00bb contre la Russie.<\/p>\n<p>\u00ab Pur terrorisme \u00bb<\/p>\n<p>\u00ab Il ne s&rsquo;agit pas d&rsquo;une action militaire mais de pur terrorisme \u00bb, s&rsquo;est insurg\u00e9 le gouverneur r\u00e9gional, Vadym Filachkine. \u00ab Des secouristes, des m\u00e9decins, la police et les autorit\u00e9s locales sont actuellement sur place \u00bb, a-t-il ajout\u00e9. Une posti\u00e8re a \u00e9t\u00e9 bless\u00e9e et hospitalis\u00e9e, a par ailleurs pr\u00e9cis\u00e9 le porte-parole de la poste publique, Ukrpochta, dans la r\u00e9gion de Donetsk, Maksym Soutkovy.<\/p>\n<p>En Ukraine, la poste distribue les retraites \u00e0 plus de deux millions de personnes. Les postiers peuvent \u00eatre charg\u00e9s de proc\u00e9der au paiement des retraites dans la campagne, y compris dans les zones pr\u00e8s du front, o\u00f9 les services publics et les banques ont d\u00fb fermer face au danger. La distribution peut \u00eatre organis\u00e9e par groupes dans une rue du village, par souci d&rsquo;efficacit\u00e9 par rapport \u00e0 un passage maison par maison.\u00a0 L&rsquo;arriv\u00e9e du postier, qui n&rsquo;est g\u00e9n\u00e9ralement pas quotidienne, est souvent tr\u00e8s attendue par la population. En plus de la distribution des retraites, des lettres et des colis, les employ\u00e9s de la poste vendent nourriture et produits de premi\u00e8re n\u00e9cessit\u00e9 dans ces localit\u00e9s o\u00f9 les magasins sont rares.<\/p>\n<p>\u00a0<\/p>\n<p>La r\u00e9gion industrielle de Donetsk est la zone o\u00f9 les combats entre les forces russes et ukrainiennes sont les plus intenses. La Russie ambitionne d&rsquo;enti\u00e8rement occuper cette r\u00e9gion et a revendiqu\u00e9 son annexion en 2022. A ce jour, les troupes russes contr\u00f4lent, selon des estimations, entre les deux tiers et les trois quarts de ce territoire, qui a une importance strat\u00e9gique pour la d\u00e9fense ukrainienne. <\/p>\n","protected":false},"excerpt":{"rendered":"\u00ab Plus de 20 \u00bb civils ont \u00e9t\u00e9 tu\u00e9s dans une frappe russe sur un village de la&hellip;\n","protected":false},"author":2,"featured_media":377589,"comment_status":"","ping_status":"","sticky":false,"template":"","format":"standard","meta":{"footnotes":""},"categories":[1590],"tags":[11,3206,1777,674,107,329,12,220],"class_list":{"0":"post-377588","1":"post","2":"type-post","3":"status-publish","4":"format-standard","5":"has-post-thumbnail","7":"category-ukraine","8":"tag-actualites","9":"tag-defense-guerre-conflit","10":"tag-eu","11":"tag-europe","12":"tag-fil-info","13":"tag-france-monde","14":"tag-news","15":"tag-ukraine"},"share_on_mastodon":{"url":"https:\/\/pubeurope.com\/@fr\/115174091358123523","error":""},"_links":{"self":[{"href":"https:\/\/www.europesays.com\/fr\/wp-json\/wp\/v2\/posts\/377588","targetHints":{"allow":["GET"]}}],"collection":[{"href":"https:\/\/www.europesays.com\/fr\/wp-json\/wp\/v2\/posts"}],"about":[{"href":"https:\/\/www.europesays.com\/fr\/wp-json\/wp\/v2\/types\/post"}],"author":[{"embeddable":true,"href":"https:\/\/www.europesays.com\/fr\/wp-json\/wp\/v2\/users\/2"}],"replies":[{"embeddable":true,"href":"https:\/\/www.europesays.com\/fr\/wp-json\/wp\/v2\/comments?post=377588"}],"version-history":[{"count":0,"href":"https:\/\/www.europesays.com\/fr\/wp-json\/wp\/v2\/posts\/377588\/revisions"}],"wp:featuredmedia":[{"embeddable":true,"href":"https:\/\/www.europesays.com\/fr\/wp-json\/wp\/v2\/media\/377589"}],"wp:attachment":[{"href":"https:\/\/www.europesays.com\/fr\/wp-json\/wp\/v2\/media?parent=377588"}],"wp:term":[{"taxonomy":"category","embeddable":true,"href":"https:\/\/www.europesays.com\/fr\/wp-json\/wp\/v2\/categories?post=377588"},{"taxonomy":"post_tag","embeddable":true,"href":"https:\/\/www.europesays.com\/fr\/wp-json\/wp\/v2\/tags?post=377588"}],"curies":[{"name":"wp","href":"https:\/\/api.w.org\/{rel}","templated":true}]}}