{"id":377590,"date":"2025-09-09T11:25:11","date_gmt":"2025-09-09T11:25:11","guid":{"rendered":"https:\/\/www.europesays.com\/fr\/377590\/"},"modified":"2025-09-09T11:25:11","modified_gmt":"2025-09-09T11:25:11","slug":"ed-sheeran-emmenage-aux-etats-unis-agathe-auproux-se-confie-sur-ses-premieres-semaines-avec-son-fils","status":"publish","type":"post","link":"https:\/\/www.europesays.com\/fr\/377590\/","title":{"rendered":"Ed Sheeran emm\u00e9nage aux \u00c9tats-Unis\u2026 Agathe Auproux se confie sur ses premi\u00e8res semaines avec son fils\u2026"},"content":{"rendered":"<p>9\u00a0septembre 2025<\/p>\n<p>Kendall Jenner \u00e9tait \u00ab\u00a0l\u2019une des seules personnes au monde\u00a0\u00bb \u00e0 savoir que Gigi Hadid \u00e9tait enceinte<\/p>\n<p>Les deux mannequins, qui font la couverture de Vogue du mois d\u2019octobre, sont amies depuis plus de dix ans. Et quand Gigi Hadid a d\u00e9couvert en\u00a02020 qu\u2019elle \u00e9tait <a href=\"https:\/\/www.20minutes.fr\/arts-stars\/people\/2848007-20200827-gigi-hadid-devoile-baby-bump-lors-seance-photo-glamour\" rel=\"nofollow noopener\" target=\"_blank\" class=\"c-link c-link--is-underlined\">enceinte<\/a>, la star s\u2019en est confi\u00e9e \u00e0 son amie dans les coulisses d\u2019un d\u00e9fil\u00e9 Burberry. \u00ab\u00a0Tu \u00e9tais l\u2019une des seules personnes au monde \u00e0 \u00eatre au courant\u00a0\u00bb, a-t-elle d\u00e9clar\u00e9 dans l\u2019interview conjointe que leur a <a href=\"https:\/\/www.vogue.com\/article\/in-conversation-gigi-hadid-kendall-jenner\" rel=\"nofollow noopener\" target=\"_blank\" class=\"c-link c-link--is-underlined\">consacr\u00e9<\/a> le magazine.<\/p>\n<p>\u00ab\u00a0Kenny \u00e9tait la seule personne que je pouvais regarder de l\u2019autre c\u00f4t\u00e9 de la pi\u00e8ce et \u00e0 qui je pouvais simplement dire\u00a0: \u00ab\u00a0Oh oui, un soda.\u00a0\u00bb Et elle m\u2019a apport\u00e9 une petite canette de Coca.\u00a0\u00bb Khai, la fille que Gigi Hadid a eue avec son ancien compagnon Zayn Malik, f\u00eatera ses 5 ans le 19\u00a0septembre, tandis que la top model fr\u00e9quente d\u00e9sormais <a href=\"https:\/\/www.20minutes.fr\/arts-stars\/people\/4151827-20250505-gigi-hadid-officialise-instagram-bradley-cooper-david-beckham-sermonne-police-lors-anniversaire\" rel=\"nofollow noopener\" target=\"_blank\" class=\"c-link c-link--is-underlined\">Bradley Cooper<\/a>.<\/p>\n<p>Ed Sheeran emm\u00e9nage aux \u00c9tats-Unis pour sa tourn\u00e9e<\/p>\n<p>Agathe Auproux marque ses trois premi\u00e8res semaines avec son fils<\/p>\n<p>La journaliste de 33 ans a publi\u00e9 sur Instagram deux photos intimes de son \u00ab\u00a0t\u00eateur fou\u00a0\u00bb pos\u00e9 sur sa poitrine, admettant que m\u00e8re et fils se trouvaient actuellement dans \u00ab\u00a0une phase difficile\u00a0\u00bb au bout de leurs trois premi\u00e8res semaines ensemble. \u00ab\u00a0Beaucoup de mamans m\u2019ont \u00e9crit en me disant que c\u2019est l\u00e0 qu\u2019elles avaient l\u00e2ch\u00e9 l\u2019allaitement. Et je les comprends\u00a0\u00bb, <a href=\"https:\/\/www.instagram.com\/p\/DOWOfL-jCDb\/?hl=fr&amp;img_index=1\" rel=\"nofollow noopener\" target=\"_blank\" class=\"c-link c-link--is-underlined\">note<\/a>-t-elle. \u00ab\u00a0L\u2019allaitement c\u2019est \u00e0 la fois infiniment merveilleux, et difficile et \u00e9puisant\u00a0\u00bb.<\/p>\n<p>La chroniqueuse, qui a comment\u00e9 <a href=\"https:\/\/www.20minutes.fr\/arts-stars\/people\/4163239-20250711-fin-grossesse-difficile-chroniqueuse-agathe-auproux\" rel=\"nofollow noopener\" target=\"_blank\" class=\"c-link c-link--is-underlined\">certaines \u00e9tapes<\/a> de sa grossesse sur les r\u00e9seaux sociaux, semble tout de m\u00eame nager dans le bonheur. \u00ab\u00a0Mais j\u2019\u00e9cris tout \u00e7a alors que tu t\u2019endors sur mon sein, je regarde tes poings serr\u00e9s s\u2019ouvrir et tes dix petits doigts d\u00e9tendus se poser sur ma peau. Et le temps s\u2019arr\u00eate. Trois semaines de toi mon amour. Pourtant, je t\u2019aime depuis la nuit des temps\u00a0\u00bb, conclut joliment celle qui a surmont\u00e9 le <a href=\"https:\/\/www.20minutes.fr\/arts-stars\/people\/2469939-20190311-agathe-auproux-revele-etre-atteinte-cancer-soigner\" rel=\"nofollow noopener\" target=\"_blank\" class=\"c-link c-link--is-underlined\">cancer<\/a> il y a quelques ann\u00e9es.<\/p>\n<p><script async src=\"\/\/www.instagram.com\/embed.js\"><\/script><\/p>\n","protected":false},"excerpt":{"rendered":"9\u00a0septembre 2025 Kendall Jenner \u00e9tait \u00ab\u00a0l\u2019une des seules personnes au monde\u00a0\u00bb \u00e0 savoir que Gigi Hadid \u00e9tait enceinte&hellip;\n","protected":false},"author":2,"featured_media":377591,"comment_status":"","ping_status":"","sticky":false,"template":"","format":"standard","meta":{"footnotes":""},"categories":[1589],"tags":[11,58,9472,73,1866,2702,5522,15761,12,973,1864,1865,1863,308,133],"class_list":{"0":"post-377590","1":"post","2":"type-post","3":"status-publish","4":"format-standard","5":"has-post-thumbnail","7":"category-etats-unis","8":"tag-actualites","9":"tag-divertissement","10":"tag-ed-sheeran","11":"tag-etats-unis","12":"tag-etats-unis-damerique","13":"tag-fil-des-stars","14":"tag-kendall-jenner","15":"tag-maternite","16":"tag-news","17":"tag-people","18":"tag-united-states","19":"tag-united-states-of-america","20":"tag-us","21":"tag-usa","22":"tag-video"},"share_on_mastodon":{"url":"https:\/\/pubeurope.com\/@fr\/115174095200628057","error":""},"_links":{"self":[{"href":"https:\/\/www.europesays.com\/fr\/wp-json\/wp\/v2\/posts\/377590","targetHints":{"allow":["GET"]}}],"collection":[{"href":"https:\/\/www.europesays.com\/fr\/wp-json\/wp\/v2\/posts"}],"about":[{"href":"https:\/\/www.europesays.com\/fr\/wp-json\/wp\/v2\/types\/post"}],"author":[{"embeddable":true,"href":"https:\/\/www.europesays.com\/fr\/wp-json\/wp\/v2\/users\/2"}],"replies":[{"embeddable":true,"href":"https:\/\/www.europesays.com\/fr\/wp-json\/wp\/v2\/comments?post=377590"}],"version-history":[{"count":0,"href":"https:\/\/www.europesays.com\/fr\/wp-json\/wp\/v2\/posts\/377590\/revisions"}],"wp:featuredmedia":[{"embeddable":true,"href":"https:\/\/www.europesays.com\/fr\/wp-json\/wp\/v2\/media\/377591"}],"wp:attachment":[{"href":"https:\/\/www.europesays.com\/fr\/wp-json\/wp\/v2\/media?parent=377590"}],"wp:term":[{"taxonomy":"category","embeddable":true,"href":"https:\/\/www.europesays.com\/fr\/wp-json\/wp\/v2\/categories?post=377590"},{"taxonomy":"post_tag","embeddable":true,"href":"https:\/\/www.europesays.com\/fr\/wp-json\/wp\/v2\/tags?post=377590"}],"curies":[{"name":"wp","href":"https:\/\/api.w.org\/{rel}","templated":true}]}}